{"id":596921,"date":"2025-12-13T13:10:39","date_gmt":"2025-12-13T13:10:39","guid":{"rendered":"https:\/\/www.europesays.com\/fr\/596921\/"},"modified":"2025-12-13T13:10:39","modified_gmt":"2025-12-13T13:10:39","slug":"direct-grenoble-mhsc-apres-deux-revers-montpellier-veut-finir-la-phase-aller-sur-un-rebond","status":"publish","type":"post","link":"https:\/\/www.europesays.com\/fr\/596921\/","title":{"rendered":"DIRECT Grenoble-MHSC\u00a0: apr\u00e8s deux revers, Montpellier veut finir la phase aller sur un rebond"},"content":{"rendered":"<p>\n                                                                En match d\u00e9cal\u00e9 de la 17e journ\u00e9e de Ligue 2, Montpellier se d\u00e9place au stade des Alpes pour affronter Grenoble, ce samedi 13\u00a0d\u00e9cembre \u00e0 14\u00a0h.\n                            <\/p>\n<p>Montpellier ne doit pas se laisser d\u00e9crocher du peloton de t\u00eate. Apr\u00e8s deux revers (<a href=\"https:\/\/www.midilibre.fr\/2025\/11\/24\/direct-reims-mhsc-montpellier-veut-engranger-et-rester-dans-le-wagon-de-tete-ce-lundi-a-20-h-45-13071133.php\" target=\"_blank\" rel=\"noopener\">\u00e0 Reims<\/a> et <a href=\"https:\/\/www.midilibre.fr\/2025\/12\/06\/direct-mhsc-pau-face-a-un-concurrent-direct-montpellier-doit-rebondir-ce-samedi-a-14-h-13094697.php\" target=\"_blank\" rel=\"noopener\">contre Pau<\/a>), les H\u00e9raultais sont descendus \u00e0 la 8e place de la Ligue 2 et comptent 4 points de retard sur la 5e place, synonyme de play-off en fin de saison.<\/p>\n<p>Avec un succ\u00e8s, le MHSC resterait au contact des \u00e9quipes de t\u00eate. Mais un revers et Montpellier passerait les f\u00eates dans le ventre mou du championnat avec des doutes plein les chaussettes.<\/p>\n<p>Coller au peloton de t\u00eate<\/p>\n<p>Grenoble ne rendra pas la t\u00e2che facile \u00e0 Montpellier. Les Is\u00e9rois n\u2019ont perdu qu\u2019une rencontre dans leur stade cette saison et m\u00eame s\u2019ils ne marquent pas beaucoup (7 buts en 8 matches), ils n\u2019encaissent que peu de buts (6).<\/p>\n<p>Les difficult\u00e9s offensives montpelli\u00e9raines auront donc un bon test \u00e0 passer ce samedi apr\u00e8s-midi. Camara pourra s\u2019appuyer sur Mbuku et Nganpandouetnbu qui ne partiront \u00e0 la CAN qu\u2019apr\u00e8s ce dernier match de championnat.<\/p>\n<blockquote data-class=\"twitter-tweet\">\n<p lang=\"fr\" dir=\"ltr\">Voici le ?? choisi par ??????? ?????? <a href=\"https:\/\/twitter.com\/hashtag\/GF38MHSC?src=hash&amp;ref_src=twsrc%5Etfw\" target=\"_blank\" rel=\"noopener\">#GF38MHSC<\/a> <a href=\"https:\/\/t.co\/nJGIqL48n3\">pic.twitter.com\/nJGIqL48n3<\/a><\/p>\n<p>\u2014 MHSC (@MontpellierHSC) <a href=\"https:\/\/twitter.com\/MontpellierHSC\/status\/1999812307648487626?ref_src=twsrc%5Etfw\" target=\"_blank\" rel=\"noopener\">December 13, 2025<\/a><\/p><\/blockquote>\n<p><strong>Un match \u00e0 suivre en direct comment\u00e9 ici\u00a0:<\/strong><\/p>\n<p>                                                                                                                                                                                                        <script async src=\"https:\/\/platform.twitter.com\/widgets.js\" charset=\"utf-8\"><\/script><\/p>\n","protected":false},"excerpt":{"rendered":"En match d\u00e9cal\u00e9 de la 17e journ\u00e9e de Ligue 2, Montpellier se d\u00e9place au stade des Alpes pour&hellip;\n","protected":false},"author":2,"featured_media":596922,"comment_status":"","ping_status":"","sticky":false,"template":"","format":"standard","meta":{"footnotes":""},"categories":[9566],"tags":[1111,11,2430,1777,674,63,1011,27,2731,7089,2208,12,25,517],"class_list":{"0":"post-596921","1":"post","2":"type-post","3":"status-publish","4":"format-standard","5":"has-post-thumbnail","7":"category-grenoble","8":"tag-actu","9":"tag-actualites","10":"tag-auvergne-rhone-alpes","11":"tag-eu","12":"tag-europe","13":"tag-football","14":"tag-fr","15":"tag-france","16":"tag-grenoble","17":"tag-herault","18":"tag-montpellier","19":"tag-news","20":"tag-republique-francaise","21":"tag-sport"},"share_on_mastodon":{"url":"https:\/\/pubeurope.com\/@fr\/115712427486055461","error":""},"_links":{"self":[{"href":"https:\/\/www.europesays.com\/fr\/wp-json\/wp\/v2\/posts\/596921","targetHints":{"allow":["GET"]}}],"collection":[{"href":"https:\/\/www.europesays.com\/fr\/wp-json\/wp\/v2\/posts"}],"about":[{"href":"https:\/\/www.europesays.com\/fr\/wp-json\/wp\/v2\/types\/post"}],"author":[{"embeddable":true,"href":"https:\/\/www.europesays.com\/fr\/wp-json\/wp\/v2\/users\/2"}],"replies":[{"embeddable":true,"href":"https:\/\/www.europesays.com\/fr\/wp-json\/wp\/v2\/comments?post=596921"}],"version-history":[{"count":0,"href":"https:\/\/www.europesays.com\/fr\/wp-json\/wp\/v2\/posts\/596921\/revisions"}],"wp:featuredmedia":[{"embeddable":true,"href":"https:\/\/www.europesays.com\/fr\/wp-json\/wp\/v2\/media\/596922"}],"wp:attachment":[{"href":"https:\/\/www.europesays.com\/fr\/wp-json\/wp\/v2\/media?parent=596921"}],"wp:term":[{"taxonomy":"category","embeddable":true,"href":"https:\/\/www.europesays.com\/fr\/wp-json\/wp\/v2\/categories?post=596921"},{"taxonomy":"post_tag","embeddable":true,"href":"https:\/\/www.europesays.com\/fr\/wp-json\/wp\/v2\/tags?post=596921"}],"curies":[{"name":"wp","href":"https:\/\/api.w.org\/{rel}","templated":true}]}}