{"id":596923,"date":"2025-12-13T13:12:39","date_gmt":"2025-12-13T13:12:39","guid":{"rendered":"https:\/\/www.europesays.com\/fr\/596923\/"},"modified":"2025-12-13T13:12:39","modified_gmt":"2025-12-13T13:12:39","slug":"film-bretagne-lart-du-bien-manger-prenez-vos-places-pour-lavant-premiere-de","status":"publish","type":"post","link":"https:\/\/www.europesays.com\/fr\/596923\/","title":{"rendered":"Film \u00ab\u00a0Bretagne\u00a0: l\u2019art du bien manger\u00a0\u00bb\u00a0: prenez vos places pour l\u2019avant-premi\u00e8re de"},"content":{"rendered":"<p>Le film-documentaire \u00ab\u00a0Bretagne, l\u2019art du bien manger\u00a0\u00bb sera diffus\u00e9 samedi 20\u00a0d\u00e9cembre 2025 sur <a href=\"https:\/\/novo19.ouest-france.fr\/\" target=\"_blank\" rel=\"noopener\">la cha\u00eene NOVO19 (canal 19\u00a0de la TNT)<\/a>, la cha\u00eene t\u00e9l\u00e9 du groupe Ouest-France, et sur la plateforme num\u00e9rique novo19.fr. Une avant-premi\u00e8re est organis\u00e9e \u00e0 Rennes, au cin\u00e9ma L\u2019Arvor (11,\u00a0rue de Ch\u00e2tillon, pr\u00e8s de la gare ferroviaire), lundi 15\u00a0d\u00e9cembre 2025, \u00e0 19\u00a0h\u00a030, par les \u00e9quipes de NOVO19 et le guide gastronomique Pur Beurre.<\/p>\n<p>La projection sera suivie d\u2019un \u00e9change avec l\u2019\u00e9quipe du film et le chef cuisinier Olivier Roellinger. L\u2019entr\u00e9e est gratuite, dans la limite des places disponibles. Lien d\u2019inscription\u00a0: <a href=\"https:\/\/my.weezevent.com\/avant-premiere-pur-beurre\" target=\"_blank\" rel=\"noopener\">my.weezevent.com\/avant-premiere-pur-beurre<\/a><\/p>\n<p>\u00a0<\/p>\n","protected":false},"excerpt":{"rendered":"Le film-documentaire \u00ab\u00a0Bretagne, l\u2019art du bien manger\u00a0\u00bb sera diffus\u00e9 samedi 20\u00a0d\u00e9cembre 2025 sur la cha\u00eene NOVO19 (canal 19\u00a0de&hellip;\n","protected":false},"author":2,"featured_media":596924,"comment_status":"","ping_status":"","sticky":false,"template":"","format":"standard","meta":{"footnotes":""},"categories":[2821],"tags":[1111,11,3734,10903,829,1777,674,2081,1011,27,9865,26653,12,18433,59614,584,25],"class_list":{"0":"post-596923","1":"post","2":"type-post","3":"status-publish","4":"format-standard","5":"has-post-thumbnail","7":"category-rennes","8":"tag-actu","9":"tag-actualites","10":"tag-art","11":"tag-avant-premiere","12":"tag-bretagne","13":"tag-eu","14":"tag-europe","15":"tag-film","16":"tag-fr","17":"tag-france","18":"tag-lundi","19":"tag-manger","20":"tag-news","21":"tag-places","22":"tag-prenez","23":"tag-rennes","24":"tag-republique-francaise"},"share_on_mastodon":{"url":"https:\/\/pubeurope.com\/@fr\/115712435516870966","error":""},"_links":{"self":[{"href":"https:\/\/www.europesays.com\/fr\/wp-json\/wp\/v2\/posts\/596923","targetHints":{"allow":["GET"]}}],"collection":[{"href":"https:\/\/www.europesays.com\/fr\/wp-json\/wp\/v2\/posts"}],"about":[{"href":"https:\/\/www.europesays.com\/fr\/wp-json\/wp\/v2\/types\/post"}],"author":[{"embeddable":true,"href":"https:\/\/www.europesays.com\/fr\/wp-json\/wp\/v2\/users\/2"}],"replies":[{"embeddable":true,"href":"https:\/\/www.europesays.com\/fr\/wp-json\/wp\/v2\/comments?post=596923"}],"version-history":[{"count":0,"href":"https:\/\/www.europesays.com\/fr\/wp-json\/wp\/v2\/posts\/596923\/revisions"}],"wp:featuredmedia":[{"embeddable":true,"href":"https:\/\/www.europesays.com\/fr\/wp-json\/wp\/v2\/media\/596924"}],"wp:attachment":[{"href":"https:\/\/www.europesays.com\/fr\/wp-json\/wp\/v2\/media?parent=596923"}],"wp:term":[{"taxonomy":"category","embeddable":true,"href":"https:\/\/www.europesays.com\/fr\/wp-json\/wp\/v2\/categories?post=596923"},{"taxonomy":"post_tag","embeddable":true,"href":"https:\/\/www.europesays.com\/fr\/wp-json\/wp\/v2\/tags?post=596923"}],"curies":[{"name":"wp","href":"https:\/\/api.w.org\/{rel}","templated":true}]}}