{"id":596927,"date":"2025-12-13T13:14:17","date_gmt":"2025-12-13T13:14:17","guid":{"rendered":"https:\/\/www.europesays.com\/fr\/596927\/"},"modified":"2025-12-13T13:14:17","modified_gmt":"2025-12-13T13:14:17","slug":"strasbourg-quand-lalsace-passe-a-table-aux-archives-de-la-ville-de-strasbourg","status":"publish","type":"post","link":"https:\/\/www.europesays.com\/fr\/596927\/","title":{"rendered":"Strasbourg. Quand l\u2019Alsace passe \u00e0 table aux Archives de la ville de Strasbourg"},"content":{"rendered":"<p>Les Archives de la ville de Strasbourg et de l\u2019Eurom\u00e9tropole ont mis les petits plats dans les grands en cette fin d\u2019ann\u00e9e, avec une exposition consacr\u00e9e aux arts de la table, mais plus globalement \u00e0 tout ce qui touche \u00e0 la cuisine et \u00e0 l\u2019alimentation en Alsace.<\/p>\n<p>Photos et gravures d\u2019\u00e9poque sorties des collections, rep\u00e8res et r\u00e9cits historiques, mais aussi objets et reconstitutions de lieux embl\u00e9matiques viennent ponctuer un parcours organis\u00e9 autour de trois grands th\u00e8mes\u00a0: les lieux d\u2019alimentation, les arts de la table et la culture alimentaire.<\/p>\n<p>En parall\u00e8le \u00e0 la visite de l\u2019exposition sont par ailleurs organis\u00e9s des ateliers d\u2019estampes gourmandes par linogravure (le dernier aura lieu le 25\u00a0janvier) et des stammtisch (le prochain est programm\u00e9 le 20\u00a0janvier).<\/p>\n<p class=\"note\">Archives de Strasbourg, jusqu\u2019au 15\u00a0f\u00e9vrier. Renseignements et r\u00e9servations\u00a0: archives-mediation@strasbourg.eu<\/p>\n","protected":false},"excerpt":{"rendered":"Les Archives de la ville de Strasbourg et de l\u2019Eurom\u00e9tropole ont mis les petits plats dans les grands&hellip;\n","protected":false},"author":2,"featured_media":596928,"comment_status":"","ping_status":"","sticky":false,"template":"","format":"standard","meta":{"footnotes":""},"categories":[2820],"tags":[1111,11,327,2389,33,1636,1777,674,107,1011,27,775,1637,1634,12,25,1635,640],"class_list":{"0":"post-596927","1":"post","2":"type-post","3":"status-publish","4":"format-standard","5":"has-post-thumbnail","7":"category-strasbourg","8":"tag-actu","9":"tag-actualites","10":"tag-agriculture","11":"tag-alsace","12":"tag-economie","13":"tag-edition-mulhouse-thann","14":"tag-eu","15":"tag-europe","16":"tag-fil-info","17":"tag-fr","18":"tag-france","19":"tag-grand-est","20":"tag-haut-rhin","21":"tag-mulhouse","22":"tag-news","23":"tag-republique-francaise","24":"tag-secteur-de-mulhouse","25":"tag-strasbourg"},"share_on_mastodon":{"url":"https:\/\/pubeurope.com\/@fr\/115712443331389006","error":""},"_links":{"self":[{"href":"https:\/\/www.europesays.com\/fr\/wp-json\/wp\/v2\/posts\/596927","targetHints":{"allow":["GET"]}}],"collection":[{"href":"https:\/\/www.europesays.com\/fr\/wp-json\/wp\/v2\/posts"}],"about":[{"href":"https:\/\/www.europesays.com\/fr\/wp-json\/wp\/v2\/types\/post"}],"author":[{"embeddable":true,"href":"https:\/\/www.europesays.com\/fr\/wp-json\/wp\/v2\/users\/2"}],"replies":[{"embeddable":true,"href":"https:\/\/www.europesays.com\/fr\/wp-json\/wp\/v2\/comments?post=596927"}],"version-history":[{"count":0,"href":"https:\/\/www.europesays.com\/fr\/wp-json\/wp\/v2\/posts\/596927\/revisions"}],"wp:featuredmedia":[{"embeddable":true,"href":"https:\/\/www.europesays.com\/fr\/wp-json\/wp\/v2\/media\/596928"}],"wp:attachment":[{"href":"https:\/\/www.europesays.com\/fr\/wp-json\/wp\/v2\/media?parent=596927"}],"wp:term":[{"taxonomy":"category","embeddable":true,"href":"https:\/\/www.europesays.com\/fr\/wp-json\/wp\/v2\/categories?post=596927"},{"taxonomy":"post_tag","embeddable":true,"href":"https:\/\/www.europesays.com\/fr\/wp-json\/wp\/v2\/tags?post=596927"}],"curies":[{"name":"wp","href":"https:\/\/api.w.org\/{rel}","templated":true}]}}