{"id":596931,"date":"2025-12-13T13:17:28","date_gmt":"2025-12-13T13:17:28","guid":{"rendered":"https:\/\/www.europesays.com\/fr\/596931\/"},"modified":"2025-12-13T13:17:28","modified_gmt":"2025-12-13T13:17:28","slug":"spectacle-de-drone-grande-marche-evenement-culturel-la-commemoration-des-10-ans-de-lattentat-du-14-juillet-2016-sur-la-prom-a-nice-se-precise","status":"publish","type":"post","link":"https:\/\/www.europesays.com\/fr\/596931\/","title":{"rendered":"Spectacle de drone, grande marche, \u00e9v\u00e9nement culturel&#8230; La comm\u00e9moration des 10 ans de l\u2019attentat du 14 juillet 2016 sur la Prom\u2019 \u00e0 Nice se pr\u00e9cise"},"content":{"rendered":"<p class=\"fs-5 \">D\u00e9j\u00e0 <strong>10 ans.<\/strong> Le 14 juillet 2016,<strong> le terroriste Mohamed Lahouaiej-Bouhlel semait la mort sur la promenade des Anglais, tuant 86 personnes.<\/strong><\/p>\n<p class=\"fs-5 \"><a href=\"https:\/\/www.nicematin.com\/faits-divers\/oliviers-drones-photos-des-victimes-14-juillet-2016-14-juillet-2026-quel-hommage-10654247\" target=\"_blank\" rel=\"noopener\">Les associations de d\u00e9fense des victimes s\u2019\u00e9taient r\u00e9unies une premi\u00e8re fois en septembre aux c\u00f4t\u00e9s des services municipaux pour commencer \u00e0 r\u00e9fl\u00e9chir \u00e0 la c\u00e9r\u00e9monie d\u2019hommage marquant les 10 ans de l\u2019attentat.<\/a><\/p>\n<p class=\"fs-5 \">Une nouvelle r\u00e9union a eu lieu en novembre \u00e0 l\u2019H\u00f4tel de Ville pour<strong> affiner les temps forts de cette journ\u00e9e d\u2019hommage.<\/strong> \u00c9taient pr\u00e9sents le maire de Nice Christian Estrosi, Patrick Prigent de l\u2019association Life for Nice, Hager Ben Aouissi pour Une Voie des Enfants, Alain Dariste et St\u00e9phane Erbs pour l\u2019association Promenade des Anges, ainsi qu\u2019Anne et Philippe Murris pour M\u00e9morial des Anges.<\/p>\n<p>                                                                                Une grande marche, un spectacle de drones, un \u00e9v\u00e9nement culturel&#8230;<\/p>\n<p class=\"fs-5 \">\u00ab Au cours de cette rencontre, plusieurs d\u00e9cisions ont \u00e9t\u00e9 arr\u00eat\u00e9es collectivement concernant l\u2019organisation de cette journ\u00e9e d\u2019hommage, pr\u00e9cisent les services de la municipalit\u00e9. Les participants ont convenu des principaux temps forts suivants : <strong>une grande marche hommage ; une c\u00e9r\u00e9monie \u00e0 la Villa Mass\u00e9na ; un spectacle de drones ; la traditionnelle illumination des 86 faisceaux ; ainsi qu\u2019un \u00e9v\u00e9nement culturel organis\u00e9 en partenariat avec la Ville de Nice, d\u00e9di\u00e9 \u00e0 la r\u00e9silience des femmes, des hommes et des enfants qui ont \u00e9t\u00e9 touch\u00e9s de pr\u00e8s ou de loin par le drame.<\/strong> \u00bb<\/p>\n<p class=\"fs-5 \">Aussi, \u00ab les associations et la Ville de Nice ont, d\u2019un commun accord, d\u00e9cid\u00e9 de l\u2019importance de poursuivre<strong> le travail de m\u00e9moire<\/strong> men\u00e9 avec la Ville pour la d\u00e9nomination de rues et d\u2019espaces publics en hommage aux victimes, comme cela a d\u00e9j\u00e0 \u00e9t\u00e9 fait avec la rue Emmanuel-Grout, l\u2019all\u00e9e Borla, la plaque Yanis Coviaux ou encore celle d\u00e9di\u00e9e \u00e0 l\u2019avocate Myriam Bellazouz au sein du tribunal judiciaire de Nice<strong>. Un espace pourra \u00eatre d\u00e9di\u00e9 \u00e0 chaque victime dont les proches en feront la demande<\/strong> \u00bb, ajoute la Ville de Nice.<\/p>\n<p class=\"fs-5 \">Il est en outre pr\u00e9vu que Christian Estrosi re\u00e7oive \u00e0 nouveau les associations en d\u00e9but d\u2019ann\u00e9e 2026 afin de faire un point d\u2019\u00e9tape sur<strong> l\u2019avancement de la pr\u00e9paration de ces c\u00e9r\u00e9monies.<\/strong><\/p>\n","protected":false},"excerpt":{"rendered":"D\u00e9j\u00e0 10 ans. Le 14 juillet 2016, le terroriste Mohamed Lahouaiej-Bouhlel semait la mort sur la promenade des&hellip;\n","protected":false},"author":2,"featured_media":596932,"comment_status":"","ping_status":"","sticky":false,"template":"","format":"standard","meta":{"footnotes":""},"categories":[2819],"tags":[1111,11,1777,674,1011,27,12,2401,882,25],"class_list":{"0":"post-596931","1":"post","2":"type-post","3":"status-publish","4":"format-standard","5":"has-post-thumbnail","7":"category-nice","8":"tag-actu","9":"tag-actualites","10":"tag-eu","11":"tag-europe","12":"tag-fr","13":"tag-france","14":"tag-news","15":"tag-nice","16":"tag-provence-alpes-cote-dazur","17":"tag-republique-francaise"},"share_on_mastodon":{"url":"https:\/\/pubeurope.com\/@fr\/115712455060412745","error":""},"_links":{"self":[{"href":"https:\/\/www.europesays.com\/fr\/wp-json\/wp\/v2\/posts\/596931","targetHints":{"allow":["GET"]}}],"collection":[{"href":"https:\/\/www.europesays.com\/fr\/wp-json\/wp\/v2\/posts"}],"about":[{"href":"https:\/\/www.europesays.com\/fr\/wp-json\/wp\/v2\/types\/post"}],"author":[{"embeddable":true,"href":"https:\/\/www.europesays.com\/fr\/wp-json\/wp\/v2\/users\/2"}],"replies":[{"embeddable":true,"href":"https:\/\/www.europesays.com\/fr\/wp-json\/wp\/v2\/comments?post=596931"}],"version-history":[{"count":0,"href":"https:\/\/www.europesays.com\/fr\/wp-json\/wp\/v2\/posts\/596931\/revisions"}],"wp:featuredmedia":[{"embeddable":true,"href":"https:\/\/www.europesays.com\/fr\/wp-json\/wp\/v2\/media\/596932"}],"wp:attachment":[{"href":"https:\/\/www.europesays.com\/fr\/wp-json\/wp\/v2\/media?parent=596931"}],"wp:term":[{"taxonomy":"category","embeddable":true,"href":"https:\/\/www.europesays.com\/fr\/wp-json\/wp\/v2\/categories?post=596931"},{"taxonomy":"post_tag","embeddable":true,"href":"https:\/\/www.europesays.com\/fr\/wp-json\/wp\/v2\/tags?post=596931"}],"curies":[{"name":"wp","href":"https:\/\/api.w.org\/{rel}","templated":true}]}}