{"id":596933,"date":"2025-12-13T13:19:30","date_gmt":"2025-12-13T13:19:30","guid":{"rendered":"https:\/\/www.europesays.com\/fr\/596933\/"},"modified":"2025-12-13T13:19:30","modified_gmt":"2025-12-13T13:19:30","slug":"nouvelles-lecole-de-journalisme-de-nice-ouvre-ses-portes","status":"publish","type":"post","link":"https:\/\/www.europesays.com\/fr\/596933\/","title":{"rendered":"Nouvelles, l&rsquo;\u00e9cole de journalisme de Nice ouvre ses portes"},"content":{"rendered":"<p><img loading=\"lazy\" decoding=\"async\" class=\" alignleft size-full wp-image-88712\" src=\"data:image\/svg+xml,%3Csvg%20xmlns=\" http:=\"\" alt=\"nouvelles-site-3.jpg\" align=\"left\" width=\"230\" height=\"169\" data-lazy- data-lazy- data-lazy-src=\"https:\/\/www.europesays.com\/fr\/wp-content\/uploads\/2025\/12\/jpg_nouvelles-site-3.jpg\"\/> Nouvelles, l\u2019Ecole du Journalisme de Nice, ouvre ses portes au public, le samedi 17 mars 2007, de 10 heures \u00e0 18 heures<\/p>\n<p>L\u2019\u00e9xole Nouvelles s\u2019\u00e9tend sur 500 m2 de locaux professionnels  en plein c\u0153ur de Nice tout pr\u00e8s de la gare Riquier et du pole universitaire Saint-Jean d\u2019Ang\u00e9ly.<br \/>De puis sa cr\u00e9ation, 15 promotions sont sorties, parrain\u00e9es par Louis Pauwels, Jean Daniel, Jacqueline Baudrier, Michel Bassi, Ivan Leva\u00ef, Claude S\u00e9rillon, Mich\u00e8le Cotta, Paul Amar, Alain Duhamel, Franz-Olivier Giesbert, Philippe Bouvard, Christine Ockrent, Arlette Chabot , Patrick Poivre d\u2019Arvor, Jean-Fran\u00e7ois Kahn, Marine Jacquemin en 2007 et Serge Moati en 2008 !<\/p>\n<p>Beaucoup des anciens \u00e9tudiants se trouvent embauch\u00e9s dans les m\u00e9dias fran\u00e7ais et \u00e9trangers. 450  \u00ab anciens \u00bb occupent des postes importants comme des Pr\u00e9sentateurs sur LCI, Reporters sur Europe 1, Secr\u00e9taires de r\u00e9daction \u00e0 Nice-Matin, Journalistes au service Economie du Figaro, etc.<\/p>\n<p>En septembre 2007, la nouveaut\u00e9 sera pour les bacheliers  une pr\u00e9pa int\u00e9gr\u00e9e.<\/p>\n<p>Pour les Journ\u00e9es Portes Ouvertes, les \u00e9tudiants  d\u00e9montreront leurs nombreuses aptitudes dans l\u2019exercice du m\u00e9tier de journaliste.<\/p>\n<p>Les visiteurs pourront :<\/p>\n<ul>\n<li>discuter avec les \u00e9l\u00e8ves et rencontrer les professeurs, <\/li>\n<li>visiter les studios et salles de cours, <\/li>\n<li>d\u00e9couvrir les nouvelles technologies de l\u2019information, <\/li>\n<li>voir en direct des journaux radio et t\u00e9l\u00e9 toutes les demi-heures, <\/li>\n<li>participer \u00e0 la cr\u00e9ation d\u2019un journal de presse \u00e9crite,<\/li>\n<li>assister \u00e0 une conf\u00e9rence l\u2019adaptation de notre \u00e9cole aux \u00e9volutions du m\u00e9tier \u00e0 15 heures,<\/li>\n<li>d\u00e9couvrir <a href=\"https:\/\/www.curieux.net \">www.curieux.net<\/a> le premier mag\u2019 d\u2019informations enti\u00e8rement r\u00e9dig\u00e9 par les \u00e9tudiants dans le cadre de leurs cours. <\/li>\n<li>consulter l\u2019annuaire pour constater ce que les anciens \u00e9tudiants sont devenus,<\/li>\n<\/ul>\n<p><strong>Nouvelles \u2013 L\u2019Ecole du Journalisme<\/strong> <br \/>Espace Carrare \u2013 69 rue de Roquebilli\u00e8re \u2013 06300 Nice<br \/>Tel : 04 97 08 28 28<br \/>site web : <a href=\"https:\/\/www.nouvelles-info.com\" target=\"_blank\" rel=\"noopener\">www.nouvelles-info.com<\/a><\/p>\n<p>\t\t\t\t<a href=\"https:\/\/www.europesays.com\/fr\/wp-content\/uploads\/2025\/12\/jpg_nouvelles-site-3.jpg\"><img loading=\"lazy\" decoding=\"async\" width=\"150\" height=\"110\" src=\"data:image\/svg+xml,%3Csvg%20xmlns=\" http:=\"\" class=\"attachment-thumbnail size-thumbnail\" alt=\"nouvelles-site-3.jpg\" data-lazy- data-lazy- data-lazy-src=\"https:\/\/www.europesays.com\/fr\/wp-content\/uploads\/2025\/12\/jpg_nouvelles-site-3-150x110.jpg\"\/><\/a><\/p>\n<p><strong>NicePremium est un m\u00e9dia local ind\u00e9pendant et gratuit.<\/strong><br \/>Pour nous aider \u00e0 continuer, vous pouvez soutenir notre travail \u00e0 partir de 5 \u20ac par mois.<\/p>\n<p><a class=\"np-soutien-btn\" href=\"https:\/\/www.nicepremium.fr\/faire-un-don\/\" target=\"_blank\" rel=\"noopener\">Soutenir NicePremium<\/a><\/p>\n","protected":false},"excerpt":{"rendered":"Nouvelles, l\u2019Ecole du Journalisme de Nice, ouvre ses portes au public, le samedi 17 mars 2007, de 10&hellip;\n","protected":false},"author":2,"featured_media":596934,"comment_status":"","ping_status":"","sticky":false,"template":"","format":"standard","meta":{"footnotes":""},"categories":[2819],"tags":[1111,11,1777,674,1011,27,12,2401,882,25],"class_list":{"0":"post-596933","1":"post","2":"type-post","3":"status-publish","4":"format-standard","5":"has-post-thumbnail","7":"category-nice","8":"tag-actu","9":"tag-actualites","10":"tag-eu","11":"tag-europe","12":"tag-fr","13":"tag-france","14":"tag-news","15":"tag-nice","16":"tag-provence-alpes-cote-dazur","17":"tag-republique-francaise"},"share_on_mastodon":{"url":"https:\/\/pubeurope.com\/@fr\/115712462902489960","error":""},"_links":{"self":[{"href":"https:\/\/www.europesays.com\/fr\/wp-json\/wp\/v2\/posts\/596933","targetHints":{"allow":["GET"]}}],"collection":[{"href":"https:\/\/www.europesays.com\/fr\/wp-json\/wp\/v2\/posts"}],"about":[{"href":"https:\/\/www.europesays.com\/fr\/wp-json\/wp\/v2\/types\/post"}],"author":[{"embeddable":true,"href":"https:\/\/www.europesays.com\/fr\/wp-json\/wp\/v2\/users\/2"}],"replies":[{"embeddable":true,"href":"https:\/\/www.europesays.com\/fr\/wp-json\/wp\/v2\/comments?post=596933"}],"version-history":[{"count":0,"href":"https:\/\/www.europesays.com\/fr\/wp-json\/wp\/v2\/posts\/596933\/revisions"}],"wp:featuredmedia":[{"embeddable":true,"href":"https:\/\/www.europesays.com\/fr\/wp-json\/wp\/v2\/media\/596934"}],"wp:attachment":[{"href":"https:\/\/www.europesays.com\/fr\/wp-json\/wp\/v2\/media?parent=596933"}],"wp:term":[{"taxonomy":"category","embeddable":true,"href":"https:\/\/www.europesays.com\/fr\/wp-json\/wp\/v2\/categories?post=596933"},{"taxonomy":"post_tag","embeddable":true,"href":"https:\/\/www.europesays.com\/fr\/wp-json\/wp\/v2\/tags?post=596933"}],"curies":[{"name":"wp","href":"https:\/\/api.w.org\/{rel}","templated":true}]}}