{"id":596947,"date":"2025-12-13T13:38:18","date_gmt":"2025-12-13T13:38:18","guid":{"rendered":"https:\/\/www.europesays.com\/fr\/596947\/"},"modified":"2025-12-13T13:38:18","modified_gmt":"2025-12-13T13:38:18","slug":"le-chef-benoit-bernard-violemment-agresse-et-sequestre-devant-son-restaurant-a-gruson","status":"publish","type":"post","link":"https:\/\/www.europesays.com\/fr\/596947\/","title":{"rendered":"Le chef Beno\u00eet Bernard violemment agress\u00e9 et s\u00e9questr\u00e9 devant son restaurant \u00e0 Gruson"},"content":{"rendered":"<p>                    Par<br \/>\n        <strong><br \/>\n            <a href=\"https:\/\/actu.fr\/auteur\/hervine-mahaud\" title=\"Consulter tous les articles de Hervine Mahaud\" target=\"_blank\" rel=\"noopener\">Hervine Mahaud<\/a><br \/>\n                    <\/strong><\/p>\n<p>        Publi\u00e9 le<\/p>\n<p>            13 d\u00e9c. 2025 \u00e0 14h11        <\/p>\n<p>Un fait divers d\u2019une extr\u00eame violence a secou\u00e9 le <b>monde de la restauration dans le Nord<\/b>. Le <b>chef cuisinier Beno\u00eet Bernard<\/b>, \u00e0 la t\u00eate du <b>restaurant<\/b> <b>L\u2019Arbre \u00e0 Gruson<\/b>, a \u00e9t\u00e9 <b>agress\u00e9, s\u00e9questr\u00e9 et tortur\u00e9<\/b> dans la nuit de samedi 6 au dimanche 7 d\u00e9cembre 2025, alors qu\u2019il dormait dans son camping-car stationn\u00e9 devant son \u00e9tablissement, <a href=\"https:\/\/www.francebleu.fr\/infos\/faits-divers-justice\/le-chef-benoit-bernard-torture-et-sequestre-dans-son-camping-car-devant-son-restaurant-l-arbre-a-gruson-7543335\" target=\"_blank\" rel=\"noopener\">rapportent nos confr\u00e8res d\u2019Ici Nord<\/a>.<\/p>\n<p class=\" wall-content\">Install\u00e9 depuis septembre \u00e0 Gruson, sur le trac\u00e9 embl\u00e9matique de <b>Paris-Roubaix<\/b>, Beno\u00eet Bernard venait de reprendre ce restaurant historique. Selon les premiers \u00e9l\u00e9ments de l\u2019enqu\u00eate, <b>plusieurs individus arm\u00e9s ont attendu la fermeture de l\u2019\u00e9tablissement<\/b> avant de s\u2019en prendre au chef, une fois celui-ci endormi.<\/p>\n<p>Une attaque d\u2019une grande brutalit\u00e9<\/p>\n<p class=\" wall-content\">Ligot\u00e9, s\u00e9questr\u00e9 et menac\u00e9 avec une arme, le restaurateur a subi de graves violences. D\u2019apr\u00e8s son avocat, Me Emmanuel Riglaire, les agresseurs cherchaient \u00e0 le d\u00e9pouiller, pensant trouver d\u2019importantes sommes d\u2019argent. Une hypoth\u00e8se rapidement d\u00e9mentie par la r\u00e9alit\u00e9 \u00e9conomique d\u2019un restaurant r\u00e9cemment rouvert, o\u00f9 la majorit\u00e9 des paiements s\u2019effectuent par carte bancaire.<\/p>\n<p class=\" wall-content\">Le parquet de Lille a \u00e9t\u00e9 saisi et a ouvert une <b>enqu\u00eate en flagrance<\/b> pour des faits qualifi\u00e9s de \u00ab\u00a0s\u00e9questration avec lib\u00e9ration volontaire avant le septi\u00e8me jour pour faciliter la commission d\u2019un crime ou d\u2019un d\u00e9lit\u00a0\u00bb et de \u00ab\u00a0vol en bande organis\u00e9e avec arme\u00a0\u00bb. Les investigations ont \u00e9t\u00e9 confi\u00e9es \u00e0 la <b>brigade de Douai<\/b>, avec l\u2019appui de la <b>section de recherches de Lille<\/b>.<\/p>\n<p>Un choc pour toute la profession<\/p>\n<p class=\" wall-content\">Dans un communiqu\u00e9 publi\u00e9 le 12 d\u00e9cembre, l\u2019<b>UMIH Lille M\u00e9tropole<\/b> a exprim\u00e9 son soutien total \u00e0 Beno\u00eet Bernard et \u00e0 son \u00e9quipe. L\u2019organisation d\u00e9nonce une attaque qui d\u00e9passe le simple cadre individuel : \u00ab\u00a0\u00c0 travers cette agression, c\u2019est une partie de notre vie locale, de notre culture et de notre convivialit\u00e9 qui a \u00e9t\u00e9 attaqu\u00e9e.\u00a0\u00bb<\/p>\n<p>    <a href=\"https:\/\/www.facebook.com\/plugins\/post.php?href=https%3A%2F%2Fwww.facebook.com%2FUMIHLilleMetropole%2Fposts%2Fpfbid02d9XoveHi5SNJXvsRADynwE5Knmgt9t1oZejVdbktQv7MaaZksMwCB3HrUbzv5vavl&amp;show_text=true&amp;width=350\" title=\"Ouvrie le lien\" target=\"_blank\" rel=\"noopener\">Cliquez ici pour visualiser le contenu<\/a><\/p>\n<p class=\" wall-content\">Le syndicat rappelle que Beno\u00eet Bernard est non seulement un chef reconnu, mais aussi un entrepreneur engag\u00e9 et une figure du tissu local. \u00ab\u00a0La violence n\u2019a pas sa place dans nos rues, ni dans nos vies\u00a0\u00bb, insiste l\u2019UMIH, appelant \u00e0 une mobilisation collective et \u00e0 une solidarit\u00e9 forte envers les professionnels victimes de tels actes.<\/p>\n<p>Votre r\u00e9gion, votre actu !<\/p>\n<p>Recevez chaque jour les infos qui comptent pour vous.<\/p>\n<p>\t<a href=\"https:\/\/actu.fr\/newsletter\" class=\"ac-btn ac-btn--corner ac-btn--medium ac-btn--blue800\" target=\"_blank\" rel=\"noopener\">S&rsquo;incrire<\/a><br \/>\n\u00ab\u00a0Je vais bien\u00a0\u00bb, rassure le chef<\/p>\n<p class=\" wall-content\">Malgr\u00e9 la violence de l\u2019agression, Beno\u00eet Bernard a tenu \u00e0 rassurer ses proches et ses clients. Dans un message publi\u00e9 sur Facebook le 8 d\u00e9cembre, il \u00e9crit simplement : \u00ab\u00a0Je vais bien. Merci pour vos appels.\u00a0\u00bb<\/p>\n<p class=\" wall-content\">Un message bref, mais qui a suscit\u00e9 une vague de soutien dans le monde de la gastronomie et bien au-del\u00e0, alors que l\u2019enqu\u00eate se poursuit pour identifier et interpeller les auteurs de cette attaque.<\/p>\n<p class=\" wall-content\">Personnalisez votre actualit\u00e9 en ajoutant vos villes et m\u00e9dias en favori avec <a href=\"https:\/\/moncompte.actu.fr\" title=\"D\u00e9couvez Mon Actu\" rel=\"nofollow noopener\" data-trk=\"{&quot;cta&quot;:{&quot;action&quot;:&quot;https:\\\/\\\/moncompte.actu.fr&quot;,&quot;category&quot;:&quot;mon compte&quot;,&quot;from&quot;:&quot;article footer&quot;,&quot;name&quot;:&quot;Mon actu&quot;,&quot;type&quot;:&quot;cta&quot;}}\" target=\"_blank\">Mon Actu<\/a>.<\/p>\n","protected":false},"excerpt":{"rendered":"Par Hervine Mahaud Publi\u00e9 le 13 d\u00e9c. 2025 \u00e0 14h11 Un fait divers d\u2019une extr\u00eame violence a secou\u00e9&hellip;\n","protected":false},"author":2,"featured_media":596948,"comment_status":"","ping_status":"","sticky":false,"template":"","format":"standard","meta":{"footnotes":""},"categories":[2815],"tags":[1111,11,1777,674,118,1011,27,1661,811,1307,12,25,1340],"class_list":{"0":"post-596947","1":"post","2":"type-post","3":"status-publish","4":"format-standard","5":"has-post-thumbnail","7":"category-lille","8":"tag-actu","9":"tag-actualites","10":"tag-eu","11":"tag-europe","12":"tag-faits-divers","13":"tag-fr","14":"tag-france","15":"tag-gastronomie","16":"tag-hauts-de-france","17":"tag-lille","18":"tag-news","19":"tag-republique-francaise","20":"tag-restaurant"},"share_on_mastodon":{"url":"https:\/\/pubeurope.com\/@fr\/115712537860805624","error":""},"_links":{"self":[{"href":"https:\/\/www.europesays.com\/fr\/wp-json\/wp\/v2\/posts\/596947","targetHints":{"allow":["GET"]}}],"collection":[{"href":"https:\/\/www.europesays.com\/fr\/wp-json\/wp\/v2\/posts"}],"about":[{"href":"https:\/\/www.europesays.com\/fr\/wp-json\/wp\/v2\/types\/post"}],"author":[{"embeddable":true,"href":"https:\/\/www.europesays.com\/fr\/wp-json\/wp\/v2\/users\/2"}],"replies":[{"embeddable":true,"href":"https:\/\/www.europesays.com\/fr\/wp-json\/wp\/v2\/comments?post=596947"}],"version-history":[{"count":0,"href":"https:\/\/www.europesays.com\/fr\/wp-json\/wp\/v2\/posts\/596947\/revisions"}],"wp:featuredmedia":[{"embeddable":true,"href":"https:\/\/www.europesays.com\/fr\/wp-json\/wp\/v2\/media\/596948"}],"wp:attachment":[{"href":"https:\/\/www.europesays.com\/fr\/wp-json\/wp\/v2\/media?parent=596947"}],"wp:term":[{"taxonomy":"category","embeddable":true,"href":"https:\/\/www.europesays.com\/fr\/wp-json\/wp\/v2\/categories?post=596947"},{"taxonomy":"post_tag","embeddable":true,"href":"https:\/\/www.europesays.com\/fr\/wp-json\/wp\/v2\/tags?post=596947"}],"curies":[{"name":"wp","href":"https:\/\/api.w.org\/{rel}","templated":true}]}}