{"id":596951,"date":"2025-12-13T13:40:17","date_gmt":"2025-12-13T13:40:17","guid":{"rendered":"https:\/\/www.europesays.com\/fr\/596951\/"},"modified":"2025-12-13T13:40:17","modified_gmt":"2025-12-13T13:40:17","slug":"orange-face-au-sentiment-dinsecurite-de-ses-salaries","status":"publish","type":"post","link":"https:\/\/www.europesays.com\/fr\/596951\/","title":{"rendered":"Orange face au \u00ab\u00a0sentiment d&rsquo;ins\u00e9curit\u00e9\u00a0\u00bb de ses salari\u00e9s"},"content":{"rendered":"<p>Pour les rassurer, Orange annonce travailler avec la pr\u00e9fecture pour \u00ab\u00a0pr\u00e9parer le retour des salari\u00e9s dans les meilleures conditions\u00a0\u00bb, pr\u00e9vu ce lundi 15\u00a0d\u00e9cembre. Symbole du trouble g\u00e9n\u00e9r\u00e9 par la d\u00e9cision de l\u2019entreprise alors \u00ab\u00a0qu\u2019aucun fait n\u2019a pu \u00eatre constat\u00e9\u00a0\u00bb\u00a0par la police, la pr\u00e9f\u00e8te d\u00e9l\u00e9gu\u00e9e, Corinne Simon, sera pr\u00e9sente en personne pour la r\u00e9ouverture.<\/p>\n<p>\u00ab\u00a0J\u2019ai r\u00e9ussi \u00e0 entrer sans badge\u00a0\u00bb<\/p>\n<p>Une partie de salari\u00e9s a toutefois continu\u00e9 de se rendre ces derni\u00e8res semaines sur le site d\u2019Orange\u00a0: les techniciens. Ils sont pr\u00e8s de 280 \u00e0 y travailler pendant que les \u00ab\u00a0cols blancs\u00a0\u00bb ont \u00e9t\u00e9 dispatch\u00e9s vers d\u2019autres sites du groupe, au Prado notamment. Alban, venu comme \u00e0 son habitude de bonne heure, \u00ab\u00a0avait d\u00e9j\u00e0 l\u2019impression de travailler \u00e0 l\u2019isolement dans ce quartier. Mais l\u00e0, c\u2019est pire depuis la fermeture temporaire du b\u00e2timent. On a cr\u00e9\u00e9 une sorte de r\u00e9serve d\u2019Indiens, les gens viennent de toute la r\u00e9g&#8230;<\/p>\n","protected":false},"excerpt":{"rendered":"Pour les rassurer, Orange annonce travailler avec la pr\u00e9fecture pour \u00ab\u00a0pr\u00e9parer le retour des salari\u00e9s dans les meilleures&hellip;\n","protected":false},"author":2,"featured_media":596952,"comment_status":"","ping_status":"","sticky":false,"template":"","format":"standard","meta":{"footnotes":""},"categories":[2814],"tags":[17,1111,11,20598,1777,674,1011,27,4743,884,26203,12,738,29595,378,882,16,25,16724],"class_list":{"0":"post-596951","1":"post","2":"type-post","3":"status-publish","4":"format-standard","5":"has-post-thumbnail","7":"category-marseille","8":"tag-17","9":"tag-actu","10":"tag-actualites","11":"tag-envie","12":"tag-eu","13":"tag-europe","14":"tag-fr","15":"tag-france","16":"tag-la","17":"tag-marseille","18":"tag-na","19":"tag-news","20":"tag-orange","21":"tag-personne","22":"tag-plus","23":"tag-provence-alpes-cote-dazur","24":"tag-region","25":"tag-republique-francaise","26":"tag-travailler"},"share_on_mastodon":{"url":"https:\/\/pubeurope.com\/@fr\/115712545498870452","error":""},"_links":{"self":[{"href":"https:\/\/www.europesays.com\/fr\/wp-json\/wp\/v2\/posts\/596951","targetHints":{"allow":["GET"]}}],"collection":[{"href":"https:\/\/www.europesays.com\/fr\/wp-json\/wp\/v2\/posts"}],"about":[{"href":"https:\/\/www.europesays.com\/fr\/wp-json\/wp\/v2\/types\/post"}],"author":[{"embeddable":true,"href":"https:\/\/www.europesays.com\/fr\/wp-json\/wp\/v2\/users\/2"}],"replies":[{"embeddable":true,"href":"https:\/\/www.europesays.com\/fr\/wp-json\/wp\/v2\/comments?post=596951"}],"version-history":[{"count":0,"href":"https:\/\/www.europesays.com\/fr\/wp-json\/wp\/v2\/posts\/596951\/revisions"}],"wp:featuredmedia":[{"embeddable":true,"href":"https:\/\/www.europesays.com\/fr\/wp-json\/wp\/v2\/media\/596952"}],"wp:attachment":[{"href":"https:\/\/www.europesays.com\/fr\/wp-json\/wp\/v2\/media?parent=596951"}],"wp:term":[{"taxonomy":"category","embeddable":true,"href":"https:\/\/www.europesays.com\/fr\/wp-json\/wp\/v2\/categories?post=596951"},{"taxonomy":"post_tag","embeddable":true,"href":"https:\/\/www.europesays.com\/fr\/wp-json\/wp\/v2\/tags?post=596951"}],"curies":[{"name":"wp","href":"https:\/\/api.w.org\/{rel}","templated":true}]}}