{"id":596953,"date":"2025-12-13T13:42:18","date_gmt":"2025-12-13T13:42:18","guid":{"rendered":"https:\/\/www.europesays.com\/fr\/596953\/"},"modified":"2025-12-13T13:42:18","modified_gmt":"2025-12-13T13:42:18","slug":"dans-quelle-ville-a-cote-de-marseille-lidl-ouvre-un-magasin-de-destockage","status":"publish","type":"post","link":"https:\/\/www.europesays.com\/fr\/596953\/","title":{"rendered":"Dans quelle ville \u00e0 c\u00f4t\u00e9 de Marseille Lidl ouvre un magasin de destockage ?"},"content":{"rendered":"<p><img loading=\"lazy\" decoding=\"async\" alt=\"Shutterstock - Lidl outlet s'installe \u00e0 La Ciotat avec des prix cass\u00e9s sur le non alimentaire.\" data-zoom-src=\"https:\/\/www.europesays.com\/fr\/wp-content\/uploads\/2025\/12\/initial-lidl-destockage-la-ciotat.jpg\" data-zoomable=\"\" height=\"702\" src=\"https:\/\/www.europesays.com\/fr\/wp-content\/uploads\/2025\/12\/initial-lidl-destockage-la-ciotat.jpg\" width=\"1248\"\/>  <\/p>\n<p class=\"article-desc\">Shutterstock &#8211; Lidl outlet s&rsquo;installe \u00e0 La Ciotat avec des prix cass\u00e9s sur le non alimentaire. <\/p>\n<p>Le troisi\u00e8me <strong>outlet Lidl de France<\/strong> a ouvert ses portes dans les Bouches-du-Rh\u00f4ne. Ce n&rsquo;est pas \u00e0 Marseille, mais \u00e0 La Ciotat que <strong>Lidl <\/strong>a d\u00e9cid\u00e9 d&rsquo;ouvrir<strong> magasin de d\u00e9stockage<\/strong>.\u00a0 <\/p>\n<p>Lidl ouvre un magasin outlet \u00e0 La Ciotat <\/p>\n<p><strong>Le nouveau Lidl de La Ciotat a ouvert ses portes ce 11 d\u00e9cembre,<\/strong> avec un concept tr\u00e8s simple : proposer des produits non alimentaires \u00e0 des prix cass\u00e9s. <strong>Lidl\u00a0propose des promotions<\/strong> allant de moins 30 \u00e0 moins 50 % sur les prix classiques. Ce magasin Lidl de La Ciotat s&rsquo;\u00e9tend sur 627 m2. <\/p>\n<p>Il s&rsquo;agit d&rsquo;un <strong>nouveau concept de magasin dans lequel Lidl entend proposer des invendus \u00e0 des prix cass\u00e9s<\/strong>. On y trouve presque de tout : bricolage, d\u00e9coration, cuisine, loisirs&#8230; Mais pas d&rsquo;alimentaire. La pr\u00e9sentation de ce nouveau magasin Lidl se veut plus soign\u00e9e.\u00a0 <\/p>\n<p>O\u00f9 se trouve le nouveau magasin Lidl de La Ciotat ? <\/p>\n<p>Lidl a profit\u00e9 d&rsquo;espace vide \u00e0 c\u00f4t\u00e9 de son magasin actuel de La Ciotat pour y installer son outlet. De cette fa\u00e7on Lidl entend capter dans son outlet les clients de son enseigne classique. <strong>Le nouveau magasin Lidl de La Ciotat se trouve au <\/strong><strong>87 Chemin de la P\u00e9pini\u00e8re.<\/strong><\/p>\n<p> Lidl se d\u00e9veloppe sur le concept de d\u00e9stockage <\/p>\n<p>Avec<strong> ce nouveau concept de magasin Lidl entend g\u00e9n\u00e9rer de nouveaux flux<\/strong> en proposant une exp\u00e9rience \u201cbonnes affaires\u201d tr\u00e8s attractive \u00e0 ses clients. Lidl entend aussi \u00ab\u00a0absorber les surplus de marchandises non alimentaires, en ma\u00eetrisant mieux les stocks et la rotation produits\u00a0\u00bb explique un sp\u00e9cialiste de la grande distribution.<\/p>\n<p>\u00ab\u00a0Avec pr\u00e8s de 90 r\u00e9f\u00e9rences re\u00e7ues par semaine dans les magasins Lidl, la marque doit \u00e9viter qu\u2019elles ne stagnent en rayon. Le passage par une plateforme centralis\u00e9e avant redistribution dans les outlets permet d\u2019optimiser la cha\u00eene et d\u2019offrir un second cycle de vie aux produits\u00a0\u00bb ajoute ce dernier. <\/p>\n<p><strong>Le magasin de d\u00e9stockage de La Ciotat<\/strong> est le troisi\u00e8me ouvert par Lidl apr\u00e8s ceux de <a href=\"https:\/\/mesinfos.fr\/91280-saint-pierre-du-perray\/lidl-outlet-s-installe-a-saint-pierre-du-perray-224942.html\" rel=\"noopener\" target=\"_blank\">Saint-Pierre-du-Perray, en Essonne<\/a> et \u00e0 Buchelay, dans les Yvelines. <\/p>\n<p>\u00a0<\/p>\n","protected":false},"excerpt":{"rendered":"Shutterstock &#8211; Lidl outlet s&rsquo;installe \u00e0 La Ciotat avec des prix cass\u00e9s sur le non alimentaire. Le troisi\u00e8me&hellip;\n","protected":false},"author":2,"featured_media":596954,"comment_status":"","ping_status":"","sticky":false,"template":"","format":"standard","meta":{"footnotes":""},"categories":[2814],"tags":[1111,11,1777,674,1011,27,18542,884,12,70966,882,25],"class_list":{"0":"post-596953","1":"post","2":"type-post","3":"status-publish","4":"format-standard","5":"has-post-thumbnail","7":"category-marseille","8":"tag-actu","9":"tag-actualites","10":"tag-eu","11":"tag-europe","12":"tag-fr","13":"tag-france","14":"tag-lidl","15":"tag-marseille","16":"tag-news","17":"tag-outlet","18":"tag-provence-alpes-cote-dazur","19":"tag-republique-francaise"},"share_on_mastodon":{"url":"https:\/\/pubeurope.com\/@fr\/115712554535593726","error":""},"_links":{"self":[{"href":"https:\/\/www.europesays.com\/fr\/wp-json\/wp\/v2\/posts\/596953","targetHints":{"allow":["GET"]}}],"collection":[{"href":"https:\/\/www.europesays.com\/fr\/wp-json\/wp\/v2\/posts"}],"about":[{"href":"https:\/\/www.europesays.com\/fr\/wp-json\/wp\/v2\/types\/post"}],"author":[{"embeddable":true,"href":"https:\/\/www.europesays.com\/fr\/wp-json\/wp\/v2\/users\/2"}],"replies":[{"embeddable":true,"href":"https:\/\/www.europesays.com\/fr\/wp-json\/wp\/v2\/comments?post=596953"}],"version-history":[{"count":0,"href":"https:\/\/www.europesays.com\/fr\/wp-json\/wp\/v2\/posts\/596953\/revisions"}],"wp:featuredmedia":[{"embeddable":true,"href":"https:\/\/www.europesays.com\/fr\/wp-json\/wp\/v2\/media\/596954"}],"wp:attachment":[{"href":"https:\/\/www.europesays.com\/fr\/wp-json\/wp\/v2\/media?parent=596953"}],"wp:term":[{"taxonomy":"category","embeddable":true,"href":"https:\/\/www.europesays.com\/fr\/wp-json\/wp\/v2\/categories?post=596953"},{"taxonomy":"post_tag","embeddable":true,"href":"https:\/\/www.europesays.com\/fr\/wp-json\/wp\/v2\/tags?post=596953"}],"curies":[{"name":"wp","href":"https:\/\/api.w.org\/{rel}","templated":true}]}}