{"id":596955,"date":"2025-12-13T13:43:15","date_gmt":"2025-12-13T13:43:15","guid":{"rendered":"https:\/\/www.europesays.com\/fr\/596955\/"},"modified":"2025-12-13T13:43:15","modified_gmt":"2025-12-13T13:43:15","slug":"un-passager-agite-seme-le-trouble-dans-un-train-sncf-pres-de-lyon","status":"publish","type":"post","link":"https:\/\/www.europesays.com\/fr\/596955\/","title":{"rendered":"un passager agit\u00e9 s\u00e8me le trouble dans un train SNCF pr\u00e8s de Lyon"},"content":{"rendered":"<p>                    Par<br \/>\n        <strong><br \/>\n            <a href=\"https:\/\/actu.fr\/auteur\/nicolas-zaugra\" title=\"Consulter tous les articles de Nicolas Zaugra\" target=\"_blank\" rel=\"noopener\">Nicolas Zaugra<\/a><br \/>\n                    <\/strong><\/p>\n<p>        Publi\u00e9 le<\/p>\n<p>            13 d\u00e9c. 2025 \u00e0 12h32        <\/p>\n<p>Les images font le tour des r\u00e9seaux sociaux. Devant de nombreux t\u00e9moins, on voit un homme casser la vitre d\u2019un TER depuis l\u2019int\u00e9rieur avec un extincteur pour sortir sur le quai. De nombreux t\u00e9moins assistent \u00e0 cette sc\u00e8ne surr\u00e9aliste et filment. Les faits se sont d\u00e9roul\u00e9s jeudi 11 d\u00e9cembre \u00e0 la <strong>gare SNCF de Tarare<\/strong> (Rh\u00f4ne), \u00e0 l\u2019ouest de <a href=\"https:\/\/actu.fr\/auvergne-rhone-alpes\/lyon_69123\" target=\"_blank\" rel=\"noopener\">Lyon<\/a>.\u00a0<\/p>\n<p class=\" wall-content\">Vers 13h jeudi, <a href=\"https:\/\/actu.fr\/auvergne-rhone-alpes\/tarare_69243\/sncf-j-ai-une-bombe-sur-moi-un-train-lyon-nantes-stoppe-d-urgence_63565449.html\" target=\"_blank\" rel=\"noopener\">dans un train Lyon-Nantes<\/a> un passager est pris d\u2019un coup de folie. \u00c0 l\u2019int\u00e9rieur, un homme tr\u00e8s agit\u00e9 aurait dit \u00ab\u00a0J\u2019ai une bombe sur moi\u00a0\u00bb \u00e0 un contr\u00f4leur, semant le trouble, d\u2019apr\u00e8s les informations d\u2019actu Lyon. Apr\u00e8s avoir menac\u00e9 de tout faire sauter, il a r\u00e9ussi \u00e0 s\u2019extraire du train par une petite fen\u00eatre de porte. On voit l\u2019individu enjamber la vitre et marcher sur le quai avec un \u00e9tui \u00e0 guitare.<\/p>\n<p class=\" wall-content\">\n<p>L\u2019homme interpell\u00e9 par les gendarmes<\/p>\n<p class=\" wall-content\">Apr\u00e8s sa fuite, l\u2019homme a rapidement \u00e9t\u00e9 interpell\u00e9 par les gendarmes pr\u00e8s de la gare de Tarare et plac\u00e9 en garde \u00e0 vue. Il \u00e9tait en train de r\u00f4der dans les rues de la ville.<\/p>\n<p class=\" wall-content\">Les gendarmes ont effectu\u00e9 les constatations sur le train avant son d\u00e9part pour Nantes malgr\u00e9 la vitre cass\u00e9e.<\/p>\n<p class=\" wall-content\">Personnalisez votre actualit\u00e9 en ajoutant vos villes et m\u00e9dias en favori avec <a href=\"https:\/\/moncompte.actu.fr\" title=\"D\u00e9couvez Mon Actu\" rel=\"nofollow noopener\" data-trk=\"{&quot;cta&quot;:{&quot;action&quot;:&quot;https:\\\/\\\/moncompte.actu.fr&quot;,&quot;category&quot;:&quot;mon compte&quot;,&quot;from&quot;:&quot;article footer&quot;,&quot;name&quot;:&quot;Mon actu&quot;,&quot;type&quot;:&quot;cta&quot;}}\" target=\"_blank\">Mon Actu<\/a>.<\/p>\n","protected":false},"excerpt":{"rendered":"Par Nicolas Zaugra Publi\u00e9 le 13 d\u00e9c. 2025 \u00e0 12h32 Les images font le tour des r\u00e9seaux sociaux.&hellip;\n","protected":false},"author":2,"featured_media":596956,"comment_status":"","ping_status":"","sticky":false,"template":"","format":"standard","meta":{"footnotes":""},"categories":[1889],"tags":[1111,11,2430,1777,674,118,1011,27,2428,12,25,2215],"class_list":{"0":"post-596955","1":"post","2":"type-post","3":"status-publish","4":"format-standard","5":"has-post-thumbnail","7":"category-lyon","8":"tag-actu","9":"tag-actualites","10":"tag-auvergne-rhone-alpes","11":"tag-eu","12":"tag-europe","13":"tag-faits-divers","14":"tag-fr","15":"tag-france","16":"tag-lyon","17":"tag-news","18":"tag-republique-francaise","19":"tag-sncf"},"share_on_mastodon":{"url":"https:\/\/pubeurope.com\/@fr\/115712557489854595","error":""},"_links":{"self":[{"href":"https:\/\/www.europesays.com\/fr\/wp-json\/wp\/v2\/posts\/596955","targetHints":{"allow":["GET"]}}],"collection":[{"href":"https:\/\/www.europesays.com\/fr\/wp-json\/wp\/v2\/posts"}],"about":[{"href":"https:\/\/www.europesays.com\/fr\/wp-json\/wp\/v2\/types\/post"}],"author":[{"embeddable":true,"href":"https:\/\/www.europesays.com\/fr\/wp-json\/wp\/v2\/users\/2"}],"replies":[{"embeddable":true,"href":"https:\/\/www.europesays.com\/fr\/wp-json\/wp\/v2\/comments?post=596955"}],"version-history":[{"count":0,"href":"https:\/\/www.europesays.com\/fr\/wp-json\/wp\/v2\/posts\/596955\/revisions"}],"wp:featuredmedia":[{"embeddable":true,"href":"https:\/\/www.europesays.com\/fr\/wp-json\/wp\/v2\/media\/596956"}],"wp:attachment":[{"href":"https:\/\/www.europesays.com\/fr\/wp-json\/wp\/v2\/media?parent=596955"}],"wp:term":[{"taxonomy":"category","embeddable":true,"href":"https:\/\/www.europesays.com\/fr\/wp-json\/wp\/v2\/categories?post=596955"},{"taxonomy":"post_tag","embeddable":true,"href":"https:\/\/www.europesays.com\/fr\/wp-json\/wp\/v2\/tags?post=596955"}],"curies":[{"name":"wp","href":"https:\/\/api.w.org\/{rel}","templated":true}]}}