{"id":596957,"date":"2025-12-13T13:44:19","date_gmt":"2025-12-13T13:44:19","guid":{"rendered":"https:\/\/www.europesays.com\/fr\/596957\/"},"modified":"2025-12-13T13:44:19","modified_gmt":"2025-12-13T13:44:19","slug":"une-artiste-veut-casser-le-matos-des-flics-la-prefete-lui-repond","status":"publish","type":"post","link":"https:\/\/www.europesays.com\/fr\/596957\/","title":{"rendered":"une artiste veut \u00ab\u00a0casser le matos des flics\u00a0\u00bb, la pr\u00e9f\u00e8te lui r\u00e9pond"},"content":{"rendered":"<p>Nouvelle pol\u00e9mique et nouvelle passe d\u2019armes entre la pr\u00e9fecture du Rh\u00f4ne et le festival villeurbannais\u00a0Antifa Fest, \u00ab\u00a0le rendez-vous incontournable des cultures antifascistes\u00a0\u00bb, qui s\u2019est d\u00e9roul\u00e9 jeudi et vendredi soir \u00e0 la Rayonne.<\/p>\n<p>Derni\u00e8re soir\u00e9e \u00e0 laquelle \u00e9tait invit\u00e9e de derni\u00e8re minute la rappeuse 2L. Celle-ci a exprim\u00e9 son point de vue, il y a trois semaines, sur les forces de l\u2019ordre, pour le m\u00e9dia Cerveaux non Disponibles.<\/p>\n<p>  \u00ab\u00a0P\u00e9ter deux-trois petits lieux strat\u00e9giques\u00a0\u00bb<\/p>\n<p>Dans une vid\u00e9o devenue virale d\u2019une quarantaine de secondes, elle r\u00e9pond \u00e0 une question\u00a0: \u00ab\u00a024 heures sans police, tu fais quoi\u00a0?\u00a0\u00bb.<\/p>\n<p>Ce \u00e0 quoi elle r\u00e9pond\u00a0: \u00ab\u00a0Tu p\u00e8tes quelques trucs, deux, trois lieux strat\u00e9giques. Tu fous le bordel, tu casses le matos des flics. Le jour d\u2019apr\u00e8s, eux ils sont dans la merde, toi t\u2019es tranquille.\u00a0\u00bb<\/p>\n<p>Ce contenu est bloqu\u00e9 car vous n&rsquo;avez pas accept\u00e9 les cookies et autres traceurs.<\/p>\n<p>En cliquant sur \u00ab J\u2019accepte \u00bb, les cookies et autres traceurs seront d\u00e9pos\u00e9s et vous pourrez visualiser les contenus  (<a href=\"\" class=\"consentModule_policy\" target=\"_blank\" title=\"Consulter la politique de protection des donn\u00e9es du fournisseur\">plus d&rsquo;informations<\/a>).<\/p>\n<p>En cliquant sur \u00ab J\u2019accepte tous les cookies \u00bb, vous autorisez des d\u00e9p\u00f4ts de cookies et autres traceurs pour le stockage de vos donn\u00e9es sur nos sites et applications \u00e0 des fins de personnalisation et de ciblage publicitaire.<\/p>\n<p class=\"consentModule_secondaryText\">Vous gardez la possibilit\u00e9 de retirer votre consentement \u00e0 tout moment en consultant notre <a href=\"https:\/\/www.leprogres.fr\/protection-des-donnees\" target=\"_blank\" title=\"Consulter notre politique de protection des donn\u00e9es\" rel=\"noopener\">politique de protection des donn\u00e9es<\/a>. <br \/>&#13;<br \/>\n            <a href=\"https:\/\/www.leprogres.fr\/faits-divers-justice\/2025\/12\/13\/javascript:Didomi.notice.show()\" class=\"consentModule_cmp\" target=\"_blank\" rel=\"noopener\">G\u00e9rer mes choix<\/a>&#13;\n        <\/p>\n<p>&#13;<br \/>\n                        J&rsquo;accepte&#13;<br \/>\n            J&rsquo;accepte tous les cookies&#13;\n        <\/p>\n<p>  \u00ab\u00a0Un discours qui d\u00e9passe l\u00e9galement le cadre de la libert\u00e9 d\u2019expression\u00a0\u00bb, selon la Pr\u00e9f\u00e8te<\/p>\n<p>De quoi faire bondir la pr\u00e9f\u00e8te\u00a0<a href=\"https:\/\/www.leprogres.fr\/p\/fabienne-buccio\" target=\"_blank\" rel=\"noopener\">Fabienne Buccio<\/a>, qui a r\u00e9agi ce vendredi sur le r\u00e9seau social X. \u00ab\u00a0Ce discours d\u00e9passe\u00a0largement le cadre de la libert\u00e9 d\u2019expression et contient des appels explicites \u00e0 s\u2019attaquer violemment aux institutions de la R\u00e9publique et aux forces de l\u2019ordre. Ils doivent \u00eatre d\u00e9nonc\u00e9s par tous ceux qui portent haut et fort les valeurs de la R\u00e9publique et souhaitent pr\u00e9server le cadre d\u2019un d\u00e9bat d\u00e9mocratique.\u00a0\u00bb<\/p>\n<p>  Interdit puis maintenu<\/p>\n<p>Mercredi, la Pr\u00e9fecture du Rh\u00f4ne avait pris un arr\u00eat\u00e9 d\u2019interdiction du festival. Dans le viseur, les concerts programm\u00e9s du 11 au 13 d\u00e9cembre avec des artistes aux textes jug\u00e9s trop hostiles envers les forces de l\u2019ordre, et un risque point\u00e9 de \u00ab trouble \u00e0 l\u2019ordre public \u00bb.<\/p>\n<p>Le tribunal administratif, saisi en r\u00e9f\u00e9r\u00e9, en a d\u00e9cid\u00e9 autrement. L\u2019audience de jeudi apr\u00e8s-midi, cons\u00e9cutive au recours, a d\u00e9bouch\u00e9 sur une d\u00e9cision de casser l\u2019arr\u00eat\u00e9.<\/p>\n","protected":false},"excerpt":{"rendered":"Nouvelle pol\u00e9mique et nouvelle passe d\u2019armes entre la pr\u00e9fecture du Rh\u00f4ne et le festival villeurbannais\u00a0Antifa Fest, \u00ab\u00a0le rendez-vous&hellip;\n","protected":false},"author":2,"featured_media":596958,"comment_status":"","ping_status":"","sticky":false,"template":"","format":"standard","meta":{"footnotes":""},"categories":[1889],"tags":[1111,11,2430,1687,2757,1777,674,274,107,1011,27,2428,873,12,316,25,2429,3140,6345,6346],"class_list":{"0":"post-596957","1":"post","2":"type-post","3":"status-publish","4":"format-standard","5":"has-post-thumbnail","7":"category-lyon","8":"tag-actu","9":"tag-actualites","10":"tag-auvergne-rhone-alpes","11":"tag-culture-loisirs","12":"tag-edition-lyon-villeurbanne","13":"tag-eu","14":"tag-europe","15":"tag-faits-divers-justice","16":"tag-fil-info","17":"tag-fr","18":"tag-france","19":"tag-lyon","20":"tag-musique","21":"tag-news","22":"tag-politique","23":"tag-republique-francaise","24":"tag-rhone","25":"tag-spectacle","26":"tag-villeurbanne","27":"tag-villeurbanne-bassin"},"share_on_mastodon":{"url":"https:\/\/pubeurope.com\/@fr\/115712561252859460","error":""},"_links":{"self":[{"href":"https:\/\/www.europesays.com\/fr\/wp-json\/wp\/v2\/posts\/596957","targetHints":{"allow":["GET"]}}],"collection":[{"href":"https:\/\/www.europesays.com\/fr\/wp-json\/wp\/v2\/posts"}],"about":[{"href":"https:\/\/www.europesays.com\/fr\/wp-json\/wp\/v2\/types\/post"}],"author":[{"embeddable":true,"href":"https:\/\/www.europesays.com\/fr\/wp-json\/wp\/v2\/users\/2"}],"replies":[{"embeddable":true,"href":"https:\/\/www.europesays.com\/fr\/wp-json\/wp\/v2\/comments?post=596957"}],"version-history":[{"count":0,"href":"https:\/\/www.europesays.com\/fr\/wp-json\/wp\/v2\/posts\/596957\/revisions"}],"wp:featuredmedia":[{"embeddable":true,"href":"https:\/\/www.europesays.com\/fr\/wp-json\/wp\/v2\/media\/596958"}],"wp:attachment":[{"href":"https:\/\/www.europesays.com\/fr\/wp-json\/wp\/v2\/media?parent=596957"}],"wp:term":[{"taxonomy":"category","embeddable":true,"href":"https:\/\/www.europesays.com\/fr\/wp-json\/wp\/v2\/categories?post=596957"},{"taxonomy":"post_tag","embeddable":true,"href":"https:\/\/www.europesays.com\/fr\/wp-json\/wp\/v2\/tags?post=596957"}],"curies":[{"name":"wp","href":"https:\/\/api.w.org\/{rel}","templated":true}]}}