{"id":596961,"date":"2025-12-13T13:47:19","date_gmt":"2025-12-13T13:47:19","guid":{"rendered":"https:\/\/www.europesays.com\/fr\/596961\/"},"modified":"2025-12-13T13:47:19","modified_gmt":"2025-12-13T13:47:19","slug":"baignade-175-000-personnes-ont-nages-dans-les-eaux-de-paris-a-lete-2025","status":"publish","type":"post","link":"https:\/\/www.europesays.com\/fr\/596961\/","title":{"rendered":"Baignade : 175 000 personnes ont nag\u00e9s dans les eaux de Paris \u00e0 l\u2019\u00e9t\u00e9 2025"},"content":{"rendered":"<p><img loading=\"lazy\" decoding=\"async\" alt=\"\u00a9 Jos\u00e9phine Brueder \/ Ville de Paris - Plus de 175 000 personnes ont profit\u00e9 des sites de baignade en eau libre \u00e0 Paris, sur la Seine, la Marne et le Bassin de la Villette.\" data-zoom-src=\"https:\/\/www.europesays.com\/fr\/wp-content\/uploads\/2025\/12\/initial-baignade-au-bras-de-grenelle-face-a-l-ile-aux-cygnes-avec-vue-sur-la-tour-eiffel.jpg\" data-zoomable=\"\" height=\"702\" src=\"https:\/\/www.europesays.com\/fr\/wp-content\/uploads\/2025\/12\/initial-baignade-au-bras-de-grenelle-face-a-l-ile-aux-cygnes-avec-vue-sur-la-tour-eiffel.jpg\" width=\"1248\"\/>  <\/p>\n<p class=\"article-desc\">\u00a9 Jos\u00e9phine Brueder \/ Ville de Paris &#8211; Plus de 175 000 personnes ont profit\u00e9 des sites de baignade en eau libre \u00e0 Paris, sur la Seine, la Marne et le Bassin de la Villette. <\/p>\n<p>\u00c0 l\u2019<strong>\u00e9t\u00e9 2025<\/strong>, Paris a franchi une nouvelle \u00e9tape dans la reconqu\u00eate de ses<strong> eaux de baignade<\/strong>. Selon la derni\u00e8re<strong> \u00e9tude de l&rsquo;Apur<\/strong>, 175 000 personnes se sont baign\u00e9es dans les diff\u00e9rents sites autoris\u00e9s, un chiffre en forte hausse par rapport aux ann\u00e9es pr\u00e9c\u00e9dentes. <\/p>\n<p>L\u2019\u00e9tude rappelle qu\u2019il s\u2019agit de toutes les <strong>baignades en eau libre<\/strong>, incluant les sites de <a href=\"https:\/\/mesinfos.fr\/75000-paris\/baignade-dans-la-seine-les-pluies-tombees-en-juillet-ont-joue-les-trouble-fete-227823.html\" rel=\"noopener\" target=\"_blank\">la Seine<\/a>, de<strong> la Marne<\/strong> et du <strong>Bassin de la Villette<\/strong>, confirmant ainsi l\u2019engouement croissant pour ces nouveaux espaces de loisirs. Dans son analyse g\u00e9n\u00e9rale, l\u2019Apur souligne que \u201cles sites de baignade constituent des lieux accessibles, gratuits et attractifs qui ont transform\u00e9 les pratiques estivales des Parisiens\u201d. <\/p>\n<p>Un public jeune, urbain et majoritairement parisien <\/p>\n<p>L\u2019\u00e9tude met en lumi\u00e8re un public particuli\u00e8rement jeune : la majorit\u00e9 des <a href=\"https:\/\/mesinfos.fr\/75000-paris\/baignade-dans-la-seine-les-parisiens-retrouvent-le-fleuve-apres-un-siecle-226028.html\" rel=\"noopener\" target=\"_blank\">baigneurs<\/a> avait moins de 35 ans. Selon l\u2019Apur, \u201cles baignades en eau libre attirent surtout des habitants des quartiers proches, pour qui la proximit\u00e9 constituait un facteur d\u00e9terminant\u201d. <\/p>\n<p><strong>Les Parisiens<\/strong> repr\u00e9sentaient la grande majorit\u00e9 des usagers, devant les <strong>habitants du Grand Paris <\/strong>et <strong>les touristes<\/strong>. Cette fr\u00e9quentation \u201cr\u00e9v\u00e8le une appropriation locale et r\u00e9guli\u00e8re des sites\u201d, observait l\u2019\u00e9tude.<\/p>\n<p> <img decoding=\"async\" alt=\"\" class=\"img-align-center img-size-limited\" data-zoomable=\"\" height=\"1333\" loading=\"lazy\" src=\"https:\/\/mesinfos.fr\/content\/articles\/682\/A235682\/c69a4626.JPG\" width=\"2000\"\/> \u00a9 Jean-Baptiste Gurliat \/ Ville de Paris &#8211; L\u2019\u00e9tude met en lumi\u00e8re un public particuli\u00e8rement jeune : la majorit\u00e9 des baigneurs avait moins de 35 ans. Seine, Marne, Villette, des motivations diff\u00e9rentes selon les lieux <\/p>\n<p>Les enqu\u00eates de terrain montrent que les motivations varient fortement d\u2019un site \u00e0 l\u2019autre. L\u2019Apur explique que \u201cla baignade est per\u00e7ue \u00e0 la fois comme une activit\u00e9 sportive, un moment de d\u00e9tente ou une exp\u00e9rience plus exceptionnelle selon les sites\u201d :\u00a0 <\/p>\n<ul>\n<li>\n<p>La Seine, dont les ouvertures restaient encore partielles en 2025, a attir\u00e9 un public plus curieux, souvent venu pour \u201ctester un lieu embl\u00e9matique\u201d. <\/p>\n<\/li>\n<li>\n<p>La Marne accueillait davantage de familles \u00e0 la recherche de fra\u00eecheur. <\/p>\n<\/li>\n<li>\n<p>Le Bassin de la Villette rassemblait un public mixte, alternant baignade libre et activit\u00e9s encadr\u00e9es. <\/p>\n<\/li>\n<\/ul>\n<p>Les<strong> baigneurs<\/strong> interrog\u00e9s ont d\u00e9crit une forme de \u201cred\u00e9couverte de l\u2019eau en ville\u201d, longtemps impensable dans la capitale.<\/p>\n<p>  Des obstacles persistants \u00e0 la baignade dans Paris <\/p>\n<p>L\u2019\u00e9tude rel\u00e8ve aussi les<strong> freins \u00e0 la pratique.<\/strong> Selon l\u2019<a href=\"https:\/\/mesinfos.fr\/ile-de-france\/un-an-apres-les-jo-de-paris-2024-quel-heritage-pour-la-ville-en-ile-de-france-227392.html\" rel=\"noopener\" target=\"_blank\">Apur<\/a>, \u201cla qualit\u00e9 de l\u2019eau, m\u00eame lorsqu\u2019elle \u00e9tait conforme, restait un sujet de vigilance et d\u2019appr\u00e9hension pour une partie des usagers\u201d. <\/p>\n<p>Le manque d\u2019informations en<strong> temps r\u00e9el sur l\u2019ouverture<\/strong> ou la <strong>fermeture des sites<\/strong> constituait \u00e9galement un obstacle. Comme l\u2019indique l\u2019\u00e9tude, \u201cune communication plus r\u00e9guli\u00e8re et plus visible renforcerait la confiance des usagers et leur fid\u00e9lisation\u201d.<\/p>\n<p> <img decoding=\"async\" alt=\"\" class=\"img-align-center img-size-limited\" data-zoomable=\"\" height=\"1198\" loading=\"lazy\" src=\"https:\/\/mesinfos.fr\/content\/articles\/682\/A235682\/nombre-de-baigneurs-a-paris-en-2025.JPG\" width=\"1247\"\/> \u00a9 Apur &#8211; Nombre de baigneurs \u00e0 Paris par site de baignade lors de l&rsquo;\u00e9t\u00e9 2025. Des pratiques saisonni\u00e8res mais appel\u00e9es \u00e0 se d\u00e9velopper <\/p>\n<p>La <strong>baignade \u00e0 l\u2019\u00e9t\u00e9 2025 \u00e0 Paris <\/strong>est rest\u00e9e une pratique tr\u00e8s concentr\u00e9e sur les journ\u00e9es chaudes de juillet et ao\u00fbt. Les pics de fr\u00e9quentation confirment \u201cun usage fortement m\u00e9t\u00e9osensible\u201d, note l\u2019<strong>Apur<\/strong>. <\/p>\n<p>Pour autant, les auteurs de l\u2019\u00e9tude estiment que l\u2019offre de baignade \u201cs&rsquo;inscrit durablement dans les usages urbains\u201d, port\u00e9e par les nouveaux am\u00e9nagements et par l\u2019\u00e9volution des attentes en mati\u00e8re de loisirs gratuits. <\/p>\n<p>Comme le r\u00e9sume l\u2019Apur, \u201cla baignade en eau libre a cr\u00e9\u00e9 un nouvel horizon r\u00e9cr\u00e9atif \u00e0 Paris, mais son d\u00e9veloppement doit s\u2019accompagner d\u2019une vigilance continue\u201d. <\/p>\n<p>Si Paris concentre l\u2019essentiel des baigneurs, l\u2019Apur rappelle que le ph\u00e9nom\u00e8ne a gagn\u00e9 toute la m\u00e9tropole. L\u2019\u00e9tude souligne que \u201cla g\u00e9n\u00e9ralisation des sites de baignade en eau libre dans le Grand Paris participe d\u2019une transformation profonde du rapport des habitants \u00e0 leur environnement\u201d.<\/p>\n","protected":false},"excerpt":{"rendered":"\u00a9 Jos\u00e9phine Brueder \/ Ville de Paris &#8211; Plus de 175 000 personnes ont profit\u00e9 des sites de&hellip;\n","protected":false},"author":2,"featured_media":596962,"comment_status":"","ping_status":"","sticky":false,"template":"","format":"standard","meta":{"footnotes":""},"categories":[1888],"tags":[1111,1928,11,1927,15109,1777,674,1011,27,12,1926,626,1925,25],"class_list":{"0":"post-596961","1":"post","2":"type-post","3":"status-publish","4":"format-standard","5":"has-post-thumbnail","7":"category-paris","8":"tag-actu","9":"tag-actu-paris","10":"tag-actualites","11":"tag-actualites-paris","12":"tag-baignade","13":"tag-eu","14":"tag-europe","15":"tag-fr","16":"tag-france","17":"tag-news","18":"tag-news-paris","19":"tag-paris","20":"tag-paris-news","21":"tag-republique-francaise"},"share_on_mastodon":{"url":"https:\/\/pubeurope.com\/@fr\/115712575084423349","error":""},"_links":{"self":[{"href":"https:\/\/www.europesays.com\/fr\/wp-json\/wp\/v2\/posts\/596961","targetHints":{"allow":["GET"]}}],"collection":[{"href":"https:\/\/www.europesays.com\/fr\/wp-json\/wp\/v2\/posts"}],"about":[{"href":"https:\/\/www.europesays.com\/fr\/wp-json\/wp\/v2\/types\/post"}],"author":[{"embeddable":true,"href":"https:\/\/www.europesays.com\/fr\/wp-json\/wp\/v2\/users\/2"}],"replies":[{"embeddable":true,"href":"https:\/\/www.europesays.com\/fr\/wp-json\/wp\/v2\/comments?post=596961"}],"version-history":[{"count":0,"href":"https:\/\/www.europesays.com\/fr\/wp-json\/wp\/v2\/posts\/596961\/revisions"}],"wp:featuredmedia":[{"embeddable":true,"href":"https:\/\/www.europesays.com\/fr\/wp-json\/wp\/v2\/media\/596962"}],"wp:attachment":[{"href":"https:\/\/www.europesays.com\/fr\/wp-json\/wp\/v2\/media?parent=596961"}],"wp:term":[{"taxonomy":"category","embeddable":true,"href":"https:\/\/www.europesays.com\/fr\/wp-json\/wp\/v2\/categories?post=596961"},{"taxonomy":"post_tag","embeddable":true,"href":"https:\/\/www.europesays.com\/fr\/wp-json\/wp\/v2\/tags?post=596961"}],"curies":[{"name":"wp","href":"https:\/\/api.w.org\/{rel}","templated":true}]}}