{"id":596965,"date":"2025-12-13T13:49:18","date_gmt":"2025-12-13T13:49:18","guid":{"rendered":"https:\/\/www.europesays.com\/fr\/596965\/"},"modified":"2025-12-13T13:49:18","modified_gmt":"2025-12-13T13:49:18","slug":"quest-ce-que-le-caractere-propre-brandi-par-linstitution-pour-denoncer-les-controles-de-letat-liberation","status":"publish","type":"post","link":"https:\/\/www.europesays.com\/fr\/596965\/","title":{"rendered":"qu\u2019est-ce que le \u00abcaract\u00e8re propre\u00bb brandi par l\u2019institution pour d\u00e9noncer les contr\u00f4les de l\u2019Etat\u00a0? \u2013 Lib\u00e9ration"},"content":{"rendered":"<p class=\"sc-cPiKLX AiZTS text-element\"><a href=\"https:\/\/www.liberation.fr\/dossier\/betharram\/\" target=\"_blank\" rel=\"noopener\" title=\"https:\/\/www.liberation.fr\/dossier\/betharram\/\">Apr\u00e8s B\u00e9tharram,<\/a> apr\u00e8s les signalements enterr\u00e9s, apr\u00e8s <a href=\"https:\/\/www.liberation.fr\/societe\/education\/affaire-betharram-elisabeth-borne-devoile-des-mesures-pour-lutter-contre-les-violences-dans-lenseignement-prive-20250316_V4RT4JQACFGI3DWL34QXARTQBM\/\" target=\"_blank\" rel=\"noopener\" title=\"https:\/\/www.liberation.fr\/societe\/education\/affaire-betharram-elisabeth-borne-devoile-des-mesures-pour-lutter-contre-les-violences-dans-lenseignement-prive-20250316_V4RT4JQACFGI3DWL34QXARTQBM\/\">le plan gouvernemental<\/a> lanc\u00e9 en urgence pour ouvrir les portes du priv\u00e9 sous contrat, on aurait pu imaginer un enseignement catholique en mode profil bas. Il n\u2019en est rien. <a href=\"https:\/\/www.assemblee-nationale.fr\/dyn\/17\/organes\/commissions-permanentes\/affaires-culturelles\/actualites\/audition-de-guillaume-prevost-secretaire-general-de-l-enseignement-catholique\" target=\"_blank\" rel=\"noopener\" title=\"https:\/\/www.assemblee-nationale.fr\/dyn\/17\/organes\/commissions-permanentes\/affaires-culturelles\/actualites\/audition-de-guillaume-prevost-secretaire-general-de-l-enseignement-catholique\">Auditionn\u00e9 le 2 d\u00e9cembre par les parlementaires<\/a>, Guillaume Pr\u00e9vost, nouveau secr\u00e9taire g\u00e9n\u00e9ral de l\u2019enseignement catholique (SGEC), a pr\u00e9f\u00e9r\u00e9 d\u00e9noncer des contr\u00f4les \u00ababusifs\u00bb de l\u2019Education nationale, d\u00e9fendre le caract\u00e8re \u00abpropre\u00bb comme colonne vert\u00e9brale de l\u2019institution et <\/p>\n","protected":false},"excerpt":{"rendered":"Apr\u00e8s B\u00e9tharram, apr\u00e8s les signalements enterr\u00e9s, apr\u00e8s le plan gouvernemental lanc\u00e9 en urgence pour ouvrir les portes du&hellip;\n","protected":false},"author":2,"featured_media":596966,"comment_status":"","ping_status":"","sticky":false,"template":"","format":"standard","meta":{"footnotes":""},"categories":[1888],"tags":[11,11863,1122,15429,1777,674,1011,27,12,626,25],"class_list":{"0":"post-596965","1":"post","2":"type-post","3":"status-publish","4":"format-standard","5":"has-post-thumbnail","7":"category-paris","8":"tag-actualites","9":"tag-catholicisme","10":"tag-ecole","11":"tag-enseignement-prive","12":"tag-eu","13":"tag-europe","14":"tag-fr","15":"tag-france","16":"tag-news","17":"tag-paris","18":"tag-republique-francaise"},"share_on_mastodon":{"url":"https:\/\/pubeurope.com\/@fr\/115712581006751399","error":""},"_links":{"self":[{"href":"https:\/\/www.europesays.com\/fr\/wp-json\/wp\/v2\/posts\/596965","targetHints":{"allow":["GET"]}}],"collection":[{"href":"https:\/\/www.europesays.com\/fr\/wp-json\/wp\/v2\/posts"}],"about":[{"href":"https:\/\/www.europesays.com\/fr\/wp-json\/wp\/v2\/types\/post"}],"author":[{"embeddable":true,"href":"https:\/\/www.europesays.com\/fr\/wp-json\/wp\/v2\/users\/2"}],"replies":[{"embeddable":true,"href":"https:\/\/www.europesays.com\/fr\/wp-json\/wp\/v2\/comments?post=596965"}],"version-history":[{"count":0,"href":"https:\/\/www.europesays.com\/fr\/wp-json\/wp\/v2\/posts\/596965\/revisions"}],"wp:featuredmedia":[{"embeddable":true,"href":"https:\/\/www.europesays.com\/fr\/wp-json\/wp\/v2\/media\/596966"}],"wp:attachment":[{"href":"https:\/\/www.europesays.com\/fr\/wp-json\/wp\/v2\/media?parent=596965"}],"wp:term":[{"taxonomy":"category","embeddable":true,"href":"https:\/\/www.europesays.com\/fr\/wp-json\/wp\/v2\/categories?post=596965"},{"taxonomy":"post_tag","embeddable":true,"href":"https:\/\/www.europesays.com\/fr\/wp-json\/wp\/v2\/tags?post=596965"}],"curies":[{"name":"wp","href":"https:\/\/api.w.org\/{rel}","templated":true}]}}