{"id":596979,"date":"2025-12-13T13:58:27","date_gmt":"2025-12-13T13:58:27","guid":{"rendered":"https:\/\/www.europesays.com\/fr\/596979\/"},"modified":"2025-12-13T13:58:27","modified_gmt":"2025-12-13T13:58:27","slug":"un-plan-de-paix-favorable-a-la-russie-garantira-une-attaque-contre-lotan-selon-lancien-commandant-de-larmee-americaine-en-europe","status":"publish","type":"post","link":"https:\/\/www.europesays.com\/fr\/596979\/","title":{"rendered":"Un plan de paix favorable \u00e0 la Russie \u00ab\u00a0garantira\u00a0\u00bb une attaque contre l&rsquo;OTAN, selon l&rsquo;ancien commandant de l&rsquo;arm\u00e9e am\u00e9ricaine en Europe"},"content":{"rendered":"<p><a href=\"https:\/\/www.lalibre.be\/international\/europe\/guerre-ukraine-russie\/2025\/10\/07\/les-russes-pourraient-etre-prets-a-la-guerre-nous-devons-egalement-nous-y-preparer-avertit-un-commissaire-europeen-L44QXAWLFNFALALTCSLX4V7ZTY\/\" target=\"_self\" class=\"ap-StoryInterstitialLink ap-StoryElement ap-StoryElement--mb js-paywall-target\" rel=\"noopener\">Les services de renseignements allemands ont \u00ab\u00a0des preuves que le Kremlin envisage une attaque contre l&rsquo;OTAN\u00a0\u00bb, selon un commissaire europ\u00e9en<\/a>Le plan de Trump trop favorable \u00e0 la Russie<\/p>\n<p class=\"ap-StoryElement ap-StoryElement--mb ap-StoryText\">Selon lui, le <a href=\"https:\/\/www.lalibre.be\/international\/europe\/guerre-ukraine-russie\/2025\/12\/11\/guerre-en-ukraine-zelensky-revele-les-deux-points-cles-du-plan-de-paix-americain-qui-restent-irresolus-QDJ4GPCV7RCPFJ52LFLBMTIFKM\/\" target=\"_self\" rel=\"noopener\">plan propos\u00e9 par Trump<\/a> il y a quelques jours garantira une attaque russe contre l&rsquo;OTAN, argumentant que Vladimir Poutine n&rsquo;est pas sinc\u00e8re quant \u00e0 sa volont\u00e9 de faire la paix et que la Russie ne respectera pas l&rsquo;accord.<\/p>\n<p class=\"ap-StoryElement ap-StoryElement--mb ap-StoryText\">Une pr\u00e9vision alarmante pour les pays europ\u00e9ens, et particuli\u00e8rement les <a href=\"https:\/\/www.lalibre.be\/international\/2025\/09\/20\/ce-desengagement-des-etats-unis-menerait-a-plus-de-provocations-de-poutine-washington-prevoirait-de-diminuer-son-aide-securitaire-aux-pays-baltes-J5F5UPOFNZDMZJV32HTJAB474M\/\" target=\"_self\" rel=\"noopener\">pays baltes<\/a> en raison de leur proximit\u00e9 g\u00e9ographique.<\/p>\n<p><a href=\"https:\/\/www.lalibre.be\/international\/moyen-orient\/2025\/12\/10\/lukraine-a-remis-a-washington-la-derniere-version-de-son-plan-de-paix-ZTK2VTMR4BB5HGESEKKWK57WQQ\/\" target=\"_self\" class=\"ap-StoryInterstitialLink ap-StoryElement ap-StoryElement--mb\" rel=\"noopener\">L&rsquo;Ukraine a remis \u00e0 Washington la derni\u00e8re version de son plan de paix<\/a><\/p>\n<p class=\"ap-StoryElement ap-StoryElement--mb ap-StoryText\">Pour \u00e9viter cela, Ben Hodges plaide non seulement pour une paix juste, mais aussi pour un renforcement de l&rsquo;\u00c9tat ukrainien, afin de dissuader la Russie, qui a subi de lourdes pertes mat\u00e9rielles depuis le d\u00e9but de son \u00ab\u00a0op\u00e9ration sp\u00e9ciale\u00a0\u00bb (terme utilis\u00e9 par les autorit\u00e9s russes pour d\u00e9signer l&rsquo;invasion de l&rsquo;Ukraine, NdlR).<\/p>\n<p class=\"ap-StoryElement ap-StoryElement--mb ap-StoryText\">Pour ce faire, l&rsquo;Occident doit continuer d&rsquo;aider Kiev \u00ab\u00a0m\u00eame si les <a href=\"https:\/\/www.lalibre.be\/international\/europe\/guerre-ukraine-russie\/2025\/10\/02\/guerre-en-ukraine-le-changement-radical-dans-la-position-americaine-va-t-il-avoir-un-impact-important-sur-le-conflit-54LYZRHASFDHVNOYZI4EJJUTSU\/\" target=\"_self\" rel=\"noopener\">\u00c9tats-Unis ne le font plus<\/a>\u00ab\u00a0. \u00ab\u00a0Heureusement, m\u00eame si les \u00c9tats-Unis ont clairement pris le parti du Kremlin \u2014 et il s&rsquo;agit l\u00e0 d&rsquo;une question purement commerciale pour l&rsquo;administration Trump, sa famille et certains de ses associ\u00e9s \u2014, la plupart des Europ\u00e9ens semblent enfin r\u00e9aliser que ce ne sont plus les \u00c9tats-Unis qu&rsquo;ils connaissaient et qu&rsquo;ils doivent absolument veiller \u00e0 ce que l&rsquo;Ukraine ne s&rsquo;effondre pas\u00a0\u00bb, ajoute-t-il.<\/p>\n<p><a href=\"https:\/\/www.lalibre.be\/international\/europe\/2025\/12\/02\/les-etats-unis-considerent-vraiment-leurope-comme-etant-insignifiante-avertit-un-ancien-general-americain-LVMRUPTGJVBA3CUE5BSXFKE6QM\/\" target=\"_self\" class=\"ap-StoryInterstitialLink ap-StoryElement ap-StoryElement--mb\" rel=\"noopener\">\u00ab\u00a0Les \u00c9tats-Unis consid\u00e8rent vraiment l&rsquo;Europe comme \u00e9tant insignifiante\u00a0\u00bb, avertit un ancien g\u00e9n\u00e9ral am\u00e9ricain<\/a>Prolif\u00e9ration des menaces hybrides<\/p>\n<p class=\"ap-StoryElement ap-StoryElement--mb ap-StoryText\">Il alerte \u00e9galement sur les op\u00e9rations de <a href=\"https:\/\/www.lalibre.be\/international\/europe\/2025\/09\/21\/tetes-de-cochon-devant-des-mosquees-cercueils-sous-la-tour-eiffel-la-guerre-hybride-prend-de-lampleur-dans-une-societe-francaise-deja-polarisee-LT7TFC2ILVAHRHNCWEOGLG44CU\/\" target=\"_self\" rel=\"noopener\">guerre hybride<\/a> \u2014 telles que les <a href=\"https:\/\/www.lalibre.be\/belgique\/societe\/2025\/12\/12\/drones-dans-le-ciel-belge-le-parquet-enquete-sur-41-intrusions-U2UTXHHOPZDATEQC7RJT5DKYYQ\/\" target=\"_self\" rel=\"noopener\">survols de drones<\/a> \u2014 men\u00e9es par Moscou \u00e0 l&rsquo;\u00e9gard de l&rsquo;OTAN et enjoint les \u00c9tats concern\u00e9s \u00e0 agir davantage. \u00ab\u00a0Nous n&rsquo;avons pas encore inflig\u00e9 suffisamment de cons\u00e9quences aux Russes pour qu&rsquo;ils cessent leurs agissements. J&rsquo;esp\u00e8re que l&rsquo;action de l&rsquo;OTAN sera non seulement maintenue, mais aussi renforc\u00e9e\u00a0\u00bb, explique Ben Hodges.<\/p>\n<p class=\"ap-StoryElement ap-StoryElement--mb ap-StoryText\">Il insiste \u00e9galement sur l&rsquo;importance de la dissuasion et \u00e0 la n\u00e9cessit\u00e9 de prendre des mesures pr\u00e9ventives afin d&rsquo;\u00e9viter une attaque. \u00ab\u00a0J&rsquo;imagine que la grande majorit\u00e9 de ceux qui pilotent des drones ou m\u00e8nent des op\u00e9rations de sabotage ne sont ni des agents du renseignement russe, ni des soldats brandissant un drapeau russe. Ce sont des imb\u00e9ciles, des cr\u00e9tins, recrut\u00e9s pour des missions ponctuelles et ensuite consid\u00e9r\u00e9s comme jetables. S&rsquo;ils se font prendre, tant pis pour eux. Les services de contre-espionnage et de s\u00e9curit\u00e9 int\u00e9rieure europ\u00e9ens doivent surveiller les organisations de jeux en ligne et leurs activit\u00e9s, car c&rsquo;est ainsi que fonctionnent les Russes. Ils recrutent ces personnes en leur disant : &lsquo;Si vous faites \u00e7a, vous pouvez gagner une fortune.'\u00a0\u00bb<\/p>\n<p><a href=\"https:\/\/www.lalibre.be\/international\/europe\/2025\/11\/27\/en-occident-la-russie-cree-de-faux-sites-dinformation-locale-pour-alimenter-sa-propagande-RQQ434NYMZDFNCK6HFHTOMRJYI\/\" target=\"_self\" class=\"ap-StoryInterstitialLink ap-StoryElement ap-StoryElement--mb\" rel=\"noopener\">En Occident, la Russie cr\u00e9e de faux sites d&rsquo;information locale pour alimenter sa propagande<\/a><\/p>\n","protected":false},"excerpt":{"rendered":"Les services de renseignements allemands ont \u00ab\u00a0des preuves que le Kremlin envisage une attaque contre l&rsquo;OTAN\u00a0\u00bb, selon un&hellip;\n","protected":false},"author":2,"featured_media":596980,"comment_status":"","ping_status":"","sticky":false,"template":"","format":"standard","meta":{"footnotes":""},"categories":[1586],"tags":[11,2122,75,1777,674,1011,27,12,25,135],"class_list":{"0":"post-596979","1":"post","2":"type-post","3":"status-publish","4":"format-standard","5":"has-post-thumbnail","7":"category-europe","8":"tag-actualites","9":"tag-conflit-russie-ukraine","10":"tag-donald-trump","11":"tag-eu","12":"tag-europe","13":"tag-fr","14":"tag-france","15":"tag-news","16":"tag-republique-francaise","17":"tag-vladimir-poutine"},"share_on_mastodon":{"url":"https:\/\/pubeurope.com\/@fr\/115712616213281137","error":""},"_links":{"self":[{"href":"https:\/\/www.europesays.com\/fr\/wp-json\/wp\/v2\/posts\/596979","targetHints":{"allow":["GET"]}}],"collection":[{"href":"https:\/\/www.europesays.com\/fr\/wp-json\/wp\/v2\/posts"}],"about":[{"href":"https:\/\/www.europesays.com\/fr\/wp-json\/wp\/v2\/types\/post"}],"author":[{"embeddable":true,"href":"https:\/\/www.europesays.com\/fr\/wp-json\/wp\/v2\/users\/2"}],"replies":[{"embeddable":true,"href":"https:\/\/www.europesays.com\/fr\/wp-json\/wp\/v2\/comments?post=596979"}],"version-history":[{"count":0,"href":"https:\/\/www.europesays.com\/fr\/wp-json\/wp\/v2\/posts\/596979\/revisions"}],"wp:featuredmedia":[{"embeddable":true,"href":"https:\/\/www.europesays.com\/fr\/wp-json\/wp\/v2\/media\/596980"}],"wp:attachment":[{"href":"https:\/\/www.europesays.com\/fr\/wp-json\/wp\/v2\/media?parent=596979"}],"wp:term":[{"taxonomy":"category","embeddable":true,"href":"https:\/\/www.europesays.com\/fr\/wp-json\/wp\/v2\/categories?post=596979"},{"taxonomy":"post_tag","embeddable":true,"href":"https:\/\/www.europesays.com\/fr\/wp-json\/wp\/v2\/tags?post=596979"}],"curies":[{"name":"wp","href":"https:\/\/api.w.org\/{rel}","templated":true}]}}