{"id":597000,"date":"2025-12-13T14:31:31","date_gmt":"2025-12-13T14:31:31","guid":{"rendered":"https:\/\/www.europesays.com\/fr\/597000\/"},"modified":"2025-12-13T14:31:31","modified_gmt":"2025-12-13T14:31:31","slug":"meurtres-en-pays-catalan-je-venais-daccoucher-cetait-trop-risque-pour-moi-barbara-cabrita-se-confie-sur-le-tournage-du-telefilm-inedit-de-france-3","status":"publish","type":"post","link":"https:\/\/www.europesays.com\/fr\/597000\/","title":{"rendered":"Meurtres en pays catalan : \u00ab\u00a0Je venais d&rsquo;accoucher, c&rsquo;\u00e9tait trop risqu\u00e9 pour moi\u00a0\u00bb, Barbara Cabrita se confie sur le tournage du t\u00e9l\u00e9film in\u00e9dit de France 3"},"content":{"rendered":"<p>Ce samedi 13\u00a0d\u00e9cembre 2025, \u00e0 partir de 21h10, vous avez rendez-vous sur France 3 avec la collection phare de la cha\u00eene publique\u00a0: Meurtres \u00e0&#8230; ! Cerise sur le g\u00e2teau\u00a0: il s&rsquo;agit d&rsquo;un in\u00e9dit. Deuxi\u00e8me cerise sur le g\u00e2teau\u00a0: il se d\u00e9roule dans la magnifique r\u00e9gion de la Catalogne. Troisi\u00e8me cerise sur le g\u00e2teau\u00a0: ce <a href=\"https:\/\/www.programme-tv.net\/news\/series-tv\/394033-meurtres-en-pays-catalan-faut-il-regarder-le-telefilm-inedit-avec-barbara-cabrita-et-quentin-faure-diffuse-ce-samedi-13-decembre-2025-sur-france-3-notre-avis\/\" data-api-deeplink=\"teleloisirs:\/\/news\/394033\" target=\"_blank\" rel=\"noopener\">Meurtres en pays catalan (notre avis)<\/a> est port\u00e9 par un beau et r\u00e9ussi duo, form\u00e9 par <a href=\"https:\/\/www.programme-tv.net\/news\/series-tv\/299604-barbara-cabrita-poulets-grilles-il-a-fallu-que-je-garde-mon-serieux-pendant-le-tournage\/\" data-api-deeplink=\"teleloisirs:\/\/news\/299604\" target=\"_blank\" rel=\"noopener\">Barbara Cabrita, que les fans de la com\u00e9die polici\u00e8re Poulets grill\u00e9s connaissent bien,<\/a> et Quentin Faure, r\u00e9v\u00e9l\u00e9 au grand public par <a href=\"https:\/\/www.programme-tv.net\/news\/series-tv\/366540-les-invisibles-la-serie-de-france-2-n-aura-pas-de-saison-4-la-production-explique-pourquoi\/\" data-api-deeplink=\"teleloisirs:\/\/news\/366540\" target=\"_blank\" rel=\"noopener\">la s\u00e9rie Les invisibles (qui s&rsquo;est achev\u00e9e il y a peu)<\/a>. Pour l&rsquo;occasion, T\u00e9l\u00e9-Loisirs a donc interview\u00e9 Barbara Cabrita, dont c&rsquo;est le grand retour sur le petit \u00e9cran apr\u00e8s <a href=\"https:\/\/www.programme-tv.net\/news\/people\/359341-elle-va-etre-si-belle-cette-vie-avec-toi-barbara-cabrita-annonce-avoir-accouche-de-son-premier-enfant-photo\/\" data-api-deeplink=\"teleloisirs:\/\/news\/359341\" target=\"_blank\" rel=\"noopener\">la naissance de son premier enfant<\/a>.<\/p>\n<p>Meurtres en pays catalan\u00a0: Barbara Cabrita \u00e9tait contente que l&rsquo;\u00e9pisode ait \u00e9t\u00e9 tourn\u00e9 dans sa r\u00e9gion<\/p>\n<p><b>T\u00e9l\u00e9-Loisirs\u00a0: Ce <\/b><b>Meurtres en pays catalan<\/b><b> a forc\u00e9ment une saveur particuli\u00e8re pour vous. Il se d\u00e9roule dans votre r\u00e9gion d\u2019adoption. Avez-vous jou\u00e9 les guides touristiques pour l&rsquo;\u00e9quipe pendant le tournage\u00a0?<br \/>Barbara Cabrita<\/b>\u00a0: J&rsquo;ai carr\u00e9ment \u00e9crit un guide pour eux\u00a0! Je voulais tellement qu&rsquo;ils profitent de la r\u00e9gion. Je leur ai donn\u00e9 des super bons plans pour les restos, les plages, les endroits, les randos. Il y a tellement de choses \u00e0 faire l\u00e0-bas. Bien \u00e9videmment ils n\u2019ont pas pu tout faire. Moi-m\u00eame je n\u2019ai pas encore pu sillonner toute la r\u00e9gion. Mais oui, je leur ai fait un guide. J&rsquo;avais fait pareil pour <a href=\"https:\/\/www.programme-tv.net\/news\/series-tv\/344440-riviere-perdue-faut-il-regarder-la-serie-inedite-avec-barbara-cabrita-et-nicolas-gob-diffusee-ce-jeudi-11-janvier-notre-avis\/\" data-api-deeplink=\"teleloisirs:\/\/news\/344440\" target=\"_blank\" rel=\"noopener\">Rivi\u00e8re Perdue<\/a>, qui s\u2019\u00e9tait tourn\u00e9e aussi dans la r\u00e9gion.<\/p>\n<p><b>Est-ce vous qui avez propos\u00e9 de faire un <\/b><b>Meurtres \u00e0\u2026<\/b><b> dans cette r\u00e9gion ou est-ce que la production a pens\u00e9 \u00e0 vous\u00a0?<br \/><\/b>En fait la r\u00e9alisatrice July Hygreck, que je connais tr\u00e8s bien, puisque j\u2019ai fait plusieurs \u00e9pisodes de Poulets grill\u00e9s avec elle, sait que j&rsquo;habite dans cette r\u00e9gion. La production lui a demand\u00e9 de r\u00e9aliser ce Meurtres en pays catalan. \u00c0 partir de ce moment-l\u00e0, elle a fait l\u2019association tout de suite et elle m\u2019a appel\u00e9. Ensuite, il y a eu \u00e9videmment la validation de la cha\u00eene et tout le processus habituel. \u00c0 cette \u00e9poque, je venais d&rsquo;accoucher, j&rsquo;avais refus\u00e9 pas mal de projets parce que c&rsquo;\u00e9tait encore trop t\u00f4t apr\u00e8s mon accouchement. Mais l\u00e0 je me suis dit que tout \u00e9tait r\u00e9uni\u00a0: une r\u00e9alisatrice que j&rsquo;aime, ma r\u00e9gion, un acteur que j&rsquo;appr\u00e9cie \u00e9norm\u00e9ment.<\/p>\n<p><b>Quelle est la sp\u00e9cificit\u00e9 du duo que vous formez justement avec le personnage de Quentin Faure ?<br \/><\/b>Il y a un lien entre les deux qui n&rsquo;est jamais d\u00e9fait. On le d\u00e9couvre d\u00e8s le d\u00e9part. Ce lien, je l&rsquo;aime beaucoup, parce qu\u2019il ressemble \u00e0 ce qu\u2019il se passe parfois dans la vie. On retrouve des gens qu&rsquo;on n&rsquo;a pas vus pendant des ann\u00e9es, voire des d\u00e9cennies, et d&rsquo;un seul coup la connexion se refait. Et on s\u2019aper\u00e7oit que cette connexion a toujours \u00e9t\u00e9 l\u00e0. Il y a ce truc entre les deux qui am\u00e8ne beaucoup de pudeur, de retenue, c\u2019est charg\u00e9 de souvenir. Et puis il y a une \u00e9volution dans laquelle l&rsquo;un va amener l&rsquo;autre. C&rsquo;est vraiment un duo qui va se porter l&rsquo;un l&rsquo;autre.<\/p>\n<p>Meurtres en pays catalan\u00a0: Barbara Cabrita se confie sur le tournage du t\u00e9l\u00e9film in\u00e9dit de France 3<\/p>\n<p><b>Et votre duo avec Quentin Faure ?<br \/><\/b>Franchement, il est l&rsquo;un des meilleurs partenaires avec qui j&rsquo;ai eu la chance de jouer. Il a un jeu atypique, il a son rythme \u00e0 lui, une sinc\u00e9rit\u00e9 compl\u00e8tement spontan\u00e9e. Il travaille beaucoup, \u00e9norm\u00e9ment et en m\u00eame temps il a une innocence vraiment rare. Quand je le regarde, je vois un enfant dans un corps d&rsquo;adulte. Quentin s&rsquo;\u00e9clate \u00e0 \u00eatre acteur, \u00e0 chaque r\u00e9plique, \u00e0 chaque regard. Et puis il a une grande gentillesse, il est bienveillant. Il est tout.<\/p>\n<p><b>Ce duo est aussi le m\u00e9lange de votre personnage hyper\u00e9nergique, spontan\u00e9 et lui, il est effectivement un plus en retrait, toujours un peu surpris par vous.<br \/><\/b>Oui, c\u2019est vrai. Mais malgr\u00e9 sa retenue, il a cette prestance, une vraie pr\u00e9sence. C&rsquo;est tr\u00e8s rare. Quentin est vraiment l&rsquo;incarnation de ce personnage. Dans la dynamique de ce duo d\u2019enqu\u00eateurs, mon personnage d\u00e9boule comme \u00e7a, avec son \u00e9nergie propre, elle va le secouer. Quentin incarne cet homme rest\u00e9 dans ses habitudes et qui n&rsquo;a qu&rsquo;une envie, celle d&rsquo;\u00eatre d\u00e9voil\u00e9, de mani\u00e8re tr\u00e8s belle.<\/p>\n<p><b>C&rsquo;est aussi un r\u00f4le tout de m\u00eame tr\u00e8s physique. Avez-vous r\u00e9alis\u00e9 vos cascades\u00a0?<br \/><\/b>Je venais d&rsquo;accoucher. C&rsquo;\u00e9tait tr\u00e8s d\u00e9licat. J&rsquo;ai fait les essais. Je me suis entra\u00een\u00e9e pour. On a fait des tests pendant une journ\u00e9e avec les sp\u00e9l\u00e9ologues qui ont \u00e9t\u00e9 vraiment super et tr\u00e8s s\u00e9curisants. Mais le jour J, il y a eu un d\u00e9luge monumental. Je n&rsquo;ai pas pu tourner. Pour la sc\u00e8ne de la descente, c\u2019est donc Rosa-Belinda Sette, ma doublure, qui l\u2019a jou\u00e9e. Elle a pris les devants parce que c&rsquo;\u00e9tait trop risqu\u00e9 pour moi. Ce n\u2019\u00e9tait pas faisable.<\/p>\n","protected":false},"excerpt":{"rendered":"Ce samedi 13\u00a0d\u00e9cembre 2025, \u00e0 partir de 21h10, vous avez rendez-vous sur France 3 avec la collection phare&hellip;\n","protected":false},"author":2,"featured_media":597001,"comment_status":"","ping_status":"","sticky":false,"template":"","format":"standard","meta":{"footnotes":""},"categories":[1356],"tags":[1409,70972,244,58,59,1011,27,876,2173,3566,70973,252,1364],"class_list":{"0":"post-597000","1":"post","2":"type-post","3":"status-publish","4":"format-standard","5":"has-post-thumbnail","7":"category-television","8":"tag-bande-annonce","9":"tag-barbara-cabrita","10":"tag-commentaire","11":"tag-divertissement","12":"tag-entertainment","13":"tag-fr","14":"tag-france","15":"tag-france-3","16":"tag-interview","17":"tag-meurtres-u00e0","18":"tag-meurtres-u00e0-1101489991","19":"tag-television","20":"tag-tv"},"share_on_mastodon":{"url":"https:\/\/pubeurope.com\/@fr\/115712746147472364","error":""},"_links":{"self":[{"href":"https:\/\/www.europesays.com\/fr\/wp-json\/wp\/v2\/posts\/597000","targetHints":{"allow":["GET"]}}],"collection":[{"href":"https:\/\/www.europesays.com\/fr\/wp-json\/wp\/v2\/posts"}],"about":[{"href":"https:\/\/www.europesays.com\/fr\/wp-json\/wp\/v2\/types\/post"}],"author":[{"embeddable":true,"href":"https:\/\/www.europesays.com\/fr\/wp-json\/wp\/v2\/users\/2"}],"replies":[{"embeddable":true,"href":"https:\/\/www.europesays.com\/fr\/wp-json\/wp\/v2\/comments?post=597000"}],"version-history":[{"count":0,"href":"https:\/\/www.europesays.com\/fr\/wp-json\/wp\/v2\/posts\/597000\/revisions"}],"wp:featuredmedia":[{"embeddable":true,"href":"https:\/\/www.europesays.com\/fr\/wp-json\/wp\/v2\/media\/597001"}],"wp:attachment":[{"href":"https:\/\/www.europesays.com\/fr\/wp-json\/wp\/v2\/media?parent=597000"}],"wp:term":[{"taxonomy":"category","embeddable":true,"href":"https:\/\/www.europesays.com\/fr\/wp-json\/wp\/v2\/categories?post=597000"},{"taxonomy":"post_tag","embeddable":true,"href":"https:\/\/www.europesays.com\/fr\/wp-json\/wp\/v2\/tags?post=597000"}],"curies":[{"name":"wp","href":"https:\/\/api.w.org\/{rel}","templated":true}]}}