{"id":597004,"date":"2025-12-13T14:33:20","date_gmt":"2025-12-13T14:33:20","guid":{"rendered":"https:\/\/www.europesays.com\/fr\/597004\/"},"modified":"2025-12-13T14:33:20","modified_gmt":"2025-12-13T14:33:20","slug":"quelles-sont-vos-pepites-de-lannee-2025","status":"publish","type":"post","link":"https:\/\/www.europesays.com\/fr\/597004\/","title":{"rendered":"quelles sont vos p\u00e9pites de l&rsquo;ann\u00e9e 2025 ?"},"content":{"rendered":"<p>Chaque ann\u00e9e, la r\u00e9daction du Journal du Geek s\u2019\u00e9charpe pour d\u00e9terminer quels sont les films et les s\u00e9ries qui se sont illustr\u00e9s aux plus hautes marches du classement. Entre la<strong> science-fiction, la fantasy, l\u2019action ou m\u00eame la com\u00e9die<\/strong>, nombreux sont les projets \u00e0 entrer dans le champ d\u2019action de la culture geek.<\/p>\n<p>2025 a \u00e9t\u00e9 marqu\u00e9e par une programmation intense sur le petit comme le grand \u00e9cran\u2026 mais aussi une perte de vitesse inqui\u00e9tante dans les salles obscures. N\u2019y avait-il tout simplement pas assez de bons projets\u00a0? Des p\u00e9pites sont-elles pass\u00e9es sous les radars\u00a0?<\/p>\n<p>C\u2019est \u00e0 vous de d\u00e9cider qui est sur le podium cette ann\u00e9e. Pour ce faire, il suffit de r\u00e9pondre \u00e0 un<strong> rapide sondage<\/strong> ci-dessous. D\u2019ici au <strong>31 d\u00e9cembre<\/strong>, vous pourrez ainsi \u00e9lire votre production pr\u00e9f\u00e9r\u00e9e mais aussi vos plus grosses d\u00e9ceptions. Alors \u00e0 vous de jouer\u00a0!<\/p>\n<p class=\"text-center not-prose\"><a class=\"comp-button\" href=\"https:\/\/shop.journaldugeek.com\/go\/33691\/\" target=\"_self\" rel=\"sponsored nofollow noopener\"> Votez pour vos s\u00e9ries et films pr\u00e9f\u00e9r\u00e9s <\/a><\/p>\n<p>\u00c0 noter que <strong>certains films et certaines s\u00e9ries ne sont pas encore sortis ou termin\u00e9s<\/strong> au moment de la r\u00e9daction de cet article et ne font ainsi pas partie du sondage mais peuvent \u00eatre ajout\u00e9 au cours des prochaines semaines via <strong>la section \u201cautre\u201d.<\/strong><\/p>\n<blockquote style=\"border:1px solid #971048;border-radius:8px;\">\n<p class=\"text-base text-neutral-700 dark:text-neutral-300\" style=\"color:grey;\">\ud83d\udfe3 Pour ne manquer aucune news sur le Journal du Geek, <a href=\"https:\/\/profile.google.com\/cp\/CgwvZy8xejJ2N182c2MaHmh0dHBzOi8vd3d3LmpvdXJuYWxkdWdlZWsuY29tLw==?pf=6\" target=\"_blank\" rel=\"noopener\">suivez-nous sur Google<\/a> et sur notre canal <a href=\"https:\/\/whatsapp.com\/channel\/0029VaClM5y4tRry12tb7D2h\" target=\"_blank\" rel=\"noopener\">WhatsApp<\/a>. Et si vous nous adorez, on a <a href=\"https:\/\/www.journaldugeek.com\/newsletter\/\" target=\"_blank\" rel=\"noopener\">une newsletter tous les matins<\/a>.<\/p>\n<\/blockquote>\n","protected":false},"excerpt":{"rendered":"Chaque ann\u00e9e, la r\u00e9daction du Journal du Geek s\u2019\u00e9charpe pour d\u00e9terminer quels sont les films et les s\u00e9ries&hellip;\n","protected":false},"author":2,"featured_media":597005,"comment_status":"","ping_status":"","sticky":false,"template":"","format":"standard","meta":{"footnotes":""},"categories":[1354],"tags":[631,518,519,25359,520,58,59,9393,19321,1346,1011,27,5371,2135,1360,127,7794,2510,1480,54445,70974],"class_list":{"0":"post-597004","1":"post","2":"type-post","3":"status-publish","4":"format-standard","5":"has-post-thumbnail","7":"category-films","8":"tag-action","9":"tag-amazon-prime-video","10":"tag-apple-tv","11":"tag-dc","12":"tag-disney","13":"tag-divertissement","14":"tag-entertainment","15":"tag-fantastique","16":"tag-fantasy","17":"tag-films","18":"tag-fr","19":"tag-france","20":"tag-hbo-max","21":"tag-marvel","22":"tag-movies","23":"tag-netflix","24":"tag-pixar","25":"tag-science-fiction","26":"tag-star-wars","27":"tag-superheros","28":"tag-top-flop-2025"},"share_on_mastodon":{"url":"https:\/\/pubeurope.com\/@fr\/115712754063430723","error":""},"_links":{"self":[{"href":"https:\/\/www.europesays.com\/fr\/wp-json\/wp\/v2\/posts\/597004","targetHints":{"allow":["GET"]}}],"collection":[{"href":"https:\/\/www.europesays.com\/fr\/wp-json\/wp\/v2\/posts"}],"about":[{"href":"https:\/\/www.europesays.com\/fr\/wp-json\/wp\/v2\/types\/post"}],"author":[{"embeddable":true,"href":"https:\/\/www.europesays.com\/fr\/wp-json\/wp\/v2\/users\/2"}],"replies":[{"embeddable":true,"href":"https:\/\/www.europesays.com\/fr\/wp-json\/wp\/v2\/comments?post=597004"}],"version-history":[{"count":0,"href":"https:\/\/www.europesays.com\/fr\/wp-json\/wp\/v2\/posts\/597004\/revisions"}],"wp:featuredmedia":[{"embeddable":true,"href":"https:\/\/www.europesays.com\/fr\/wp-json\/wp\/v2\/media\/597005"}],"wp:attachment":[{"href":"https:\/\/www.europesays.com\/fr\/wp-json\/wp\/v2\/media?parent=597004"}],"wp:term":[{"taxonomy":"category","embeddable":true,"href":"https:\/\/www.europesays.com\/fr\/wp-json\/wp\/v2\/categories?post=597004"},{"taxonomy":"post_tag","embeddable":true,"href":"https:\/\/www.europesays.com\/fr\/wp-json\/wp\/v2\/tags?post=597004"}],"curies":[{"name":"wp","href":"https:\/\/api.w.org\/{rel}","templated":true}]}}