{"id":597006,"date":"2025-12-13T14:34:12","date_gmt":"2025-12-13T14:34:12","guid":{"rendered":"https:\/\/www.europesays.com\/fr\/597006\/"},"modified":"2025-12-13T14:34:12","modified_gmt":"2025-12-13T14:34:12","slug":"misophonie-les-gens-qui-detestent-les-bruits-de-bouche-ont-des-liens-genetiques-avec-lanxiete-et-la-depression-selon-une-etude","status":"publish","type":"post","link":"https:\/\/www.europesays.com\/fr\/597006\/","title":{"rendered":"Misophonie : les gens qui d\u00e9testent les bruits de bouche ont des liens g\u00e9n\u00e9tiques avec l&rsquo;anxi\u00e9t\u00e9 et la d\u00e9pression, selon une \u00e9tude"},"content":{"rendered":"<p>Les bruits de mastication, de respiration bruyante ou de stylo<br \/>\nqu\u2019on clique rendent certaines personnes presque folles, avec une<br \/>\ntension imm\u00e9diate et l\u2019envie de fuir.<\/p>\n<p>Ce tableau correspond \u00e0 la <strong>misophonie<\/strong>, une<br \/>\nintol\u00e9rance sonore encore peu connue. Deux \u00e9tudes r\u00e9centes la<br \/>\nrelient \u00e0 des facteurs g\u00e9n\u00e9tiques communs avec<br \/>\nl\u2019<strong>anxi\u00e9t\u00e9<\/strong> et la <strong>d\u00e9pression<\/strong>, mais<br \/>\naussi \u00e0 une difficult\u00e9 \u00e0 g\u00e9rer les \u00e9motions face aux sons du<br \/>\nquotidien.<\/p>\n<p>Misophonie et bruits de bouche : quand le cerveau passe en<br \/>\nalerte<\/p>\n<p>Pour H\u00e9l\u00e8ne E. Nuttall, ces sons d\u00e9clencheurs mettent le corps<br \/>\nen alerte maximale : \u00ab\u00a0Physiquement, les personnes atteintes de<br \/>\nmisophonie \u00e9prouvent des r\u00e9actions de combat ou de fuite<br \/>\nlorsqu&rsquo;elles entendent des sons d\u00e9clencheurs\u00a0\u00bb, \u00e9crit-elle dans<br \/>\nThe Conversation. Elle pr\u00e9cise : \u00ab\u00a0Pour certaines, la<br \/>\nmaladie devient si invalidante qu&rsquo;elles \u00e9vitent les situations o\u00f9<br \/>\nelles pourraient entendre ces sons, ce qui peut s\u00e9rieusement<br \/>\naffecter leur vie quotidienne et leurs relations.\u00a0\u00bb<\/p>\n<p>Pour Jennifer J. Brout, \u00ab\u00a0la misophonie est une maladie complexe<br \/>\nimpliquant le corps, le cerveau et la conscience\u00a0\u00bb, \u00e9crit-elle dans<br \/>\nPsychology Today. Des chercheurs cit\u00e9s par l\u2019\u00e9quipe<br \/>\nn\u00e9erlandaise rappellent aussi qu\u2019\u00a0\u00bbIl a \u00e9t\u00e9 avanc\u00e9\u2026 que la<br \/>\nmisophonie repose sur un sentiment de culpabilit\u00e9 li\u00e9 \u00e0<br \/>\nl\u2019irritation et \u00e0 la col\u00e8re provoqu\u00e9es, plut\u00f4t que sur les<br \/>\nmanifestations comportementales de la col\u00e8re elle-m\u00eame qui causent<br \/>\nla d\u00e9tresse\u00a0\u00bb.<\/p>\n<p>Misophonie, anxi\u00e9t\u00e9 et d\u00e9pression : ce que r\u00e9v\u00e8le la<br \/>\ng\u00e9n\u00e9tique<\/p>\n<p>Selon le psychiatre Dirk Smit, de <a href=\"https:\/\/www.frontiersin.org\/journals\/neuroscience\/articles\/10.3389\/fnins.2022.971752\/full\" target=\"_blank\" rel=\"noopener\"><br \/>\nl&rsquo;Universit\u00e9 d&rsquo;Amsterdam<\/a>, l\u2019analyse g\u00e9n\u00e9tique de personnes se<br \/>\nd\u00e9clarant misophones montre des recoupements frappants avec<br \/>\nd\u2019autres troubles. \u00ab\u00a0Il y avait \u00e9galement un chevauchement avec la<br \/>\ng\u00e9n\u00e9tique du SSPT\u00a0\u00bb, a d\u00e9clar\u00e9 Smit \u00e0 Eric W. Dolan de <a href=\"https:\/\/www.psypost.org\/misophonia-shares-genetic-links-with-depression-anxiety-and-ptsd\/\" target=\"_blank\" rel=\"noopener\"><br \/>\nPsyPost<\/a>. Il pr\u00e9cise : \u00ab\u00a0Cela signifie que les g\u00e8nes qui<br \/>\nconf\u00e8rent une sensibilit\u00e9 au syndrome de stress post-traumatique<br \/>\naugmentent \u00e9galement la probabilit\u00e9 de d\u00e9velopper une misophonie,<br \/>\nce qui pourrait indiquer un syst\u00e8me neurobiologique commun aux deux<br \/>\ntroubles. Cela pourrait \u00e9galement sugg\u00e9rer que les techniques de<br \/>\ntraitement utilis\u00e9es pour le syndrome de stress post-traumatique<br \/>\npourraient aussi \u00eatre utilis\u00e9es pour la misophonie.\u00a0\u00bb<\/p>\n<p>L\u2019\u00e9quipe souligne aussi des liens g\u00e9n\u00e9tiques avec les<br \/>\nacouph\u00e8nes, l\u2019<strong>anxi\u00e9t\u00e9<\/strong> et la<br \/>\n<strong>d\u00e9pression<\/strong>. \u00c0 propos de l\u2019autisme, elle \u00e9crit :<br \/>\n\u00ab\u00a0Nos r\u00e9sultats sugg\u00e8rent que la misophonie et le TSA sont des<br \/>\ntroubles relativement ind\u00e9pendants en ce qui concerne la variation<br \/>\ng\u00e9nomique\u00a0\u00bb. Elle ajoute : \u00ab\u00a0Cela soul\u00e8ve la possibilit\u00e9 que d&rsquo;autres<br \/>\nformes de misophonie existent, dont une qui serait principalement<br \/>\ndue au conditionnement de la col\u00e8re ou d&rsquo;autres \u00e9motions n\u00e9gatives<br \/>\n\u00e0 des sons d\u00e9clencheurs sp\u00e9cifiques, modul\u00e9s par des traits de<br \/>\npersonnalit\u00e9.\u00a0\u00bb L\u2019article, publi\u00e9 dans Frontiers in<br \/>\nNeuroscience, se conclut ainsi : \u00ab\u00a0Nous concluons que \u2013 sur la<br \/>\nbase de la g\u00e9n\u00e9tique d\u2019un sympt\u00f4me courant de la misophonie \u2013 la<br \/>\nmisophonie est fortement associ\u00e9e aux troubles psychiatriques et \u00e0<br \/>\nun profil de personnalit\u00e9 compatible avec l\u2019anxi\u00e9t\u00e9 et le syndrome<br \/>\nde stress post-traumatique\u00a0\u00bb.<\/p>\n<p>Misophonie, rumination et sympt\u00f4mes<br \/>\nd\u2019anxi\u00e9t\u00e9 : ce que montrent les nouvelles \u00e9tudes<\/p>\n<p>Une enqu\u00eate men\u00e9e au Royaume-Uni estime que \u00ab\u00a0La pr\u00e9valence de la<br \/>\nmisophonie au Royaume-Uni est de 18,4 %\u00a0\u00bb, ont constat\u00e9 les<br \/>\nchercheurs, dont Jane Gregory, qui souligne : \u00ab\u00a0Notre enqu\u00eate a<br \/>\npermis de saisir la complexit\u00e9 de cette pathologie\u00a0\u00bb et rappelle que<br \/>\n\u00ab\u00a0La misophonie, c&rsquo;est bien plus qu&rsquo;une simple g\u00eane caus\u00e9e par<br \/>\ncertains sons.\u00a0\u00bb<\/p>\n<p>\u00c0 propos de la flexibilit\u00e9 mentale, \u00ab\u00a0Les chercheurs ont constat\u00e9<br \/>\nque la gravit\u00e9 de la misophonie \u00e9tait associ\u00e9e \u00e0 la capacit\u00e9 \u00e0<br \/>\nr\u00e9pondre avec pr\u00e9cision \u00e0 des t\u00e2ches \u00e9motionnelles. Une misophonie<br \/>\nplus s\u00e9v\u00e8re \u00e9tait associ\u00e9e \u00e0 une moins bonne pr\u00e9cision dans ces<br \/>\nt\u00e2ches, sugg\u00e9rant une flexibilit\u00e9 mentale r\u00e9duite face aux stimuli<br \/>\n\u00e9motionnels\u00a0\u00bb, r\u00e9sume H\u00e9l\u00e8ne E. Nuttall, qui cite leur remarque<br \/>\nselon laquelle \u00ab\u00a0la rumination est omnipr\u00e9sente dans un \u00e9ventail de<br \/>\ntroubles psychiatriques\u00a0\u00bb et que \u00ab\u00a0l&rsquo;inflexibilit\u00e9 peut se manifester<br \/>\ndans la rumination par des d\u00e9ficits dans la capacit\u00e9 \u00e0 se<br \/>\nd\u00e9sengager des \u00e9l\u00e9ments \u00e9motionnels n\u00e9gatifs des stimuli, ce qui<br \/>\nentra\u00eene des difficult\u00e9s \u00e0 d\u00e9placer l&rsquo;attention des cognitions<br \/>\nn\u00e9gatives vers des cognitions neutres ou positives\u00a0\u00bb.<\/p>\n","protected":false},"excerpt":{"rendered":"Les bruits de mastication, de respiration bruyante ou de stylo qu\u2019on clique rendent certaines personnes presque folles, avec&hellip;\n","protected":false},"author":2,"featured_media":597007,"comment_status":"","ping_status":"","sticky":false,"template":"","format":"standard","meta":{"footnotes":""},"categories":[10],"tags":[8704,2074,1102,21303,2073,7078,1011,27,72,71,2072],"class_list":{"0":"post-597006","1":"post","2":"type-post","3":"status-publish","4":"format-standard","5":"has-post-thumbnail","7":"category-sante","8":"tag-actu-sante","9":"tag-anxiete","10":"tag-breakingnews","11":"tag-buzz_nonli","12":"tag-depression","13":"tag-etude","14":"tag-fr","15":"tag-france","16":"tag-health","17":"tag-sante","18":"tag-sante-mentale"},"share_on_mastodon":{"url":"https:\/\/pubeurope.com\/@fr\/115712757911111240","error":""},"_links":{"self":[{"href":"https:\/\/www.europesays.com\/fr\/wp-json\/wp\/v2\/posts\/597006","targetHints":{"allow":["GET"]}}],"collection":[{"href":"https:\/\/www.europesays.com\/fr\/wp-json\/wp\/v2\/posts"}],"about":[{"href":"https:\/\/www.europesays.com\/fr\/wp-json\/wp\/v2\/types\/post"}],"author":[{"embeddable":true,"href":"https:\/\/www.europesays.com\/fr\/wp-json\/wp\/v2\/users\/2"}],"replies":[{"embeddable":true,"href":"https:\/\/www.europesays.com\/fr\/wp-json\/wp\/v2\/comments?post=597006"}],"version-history":[{"count":0,"href":"https:\/\/www.europesays.com\/fr\/wp-json\/wp\/v2\/posts\/597006\/revisions"}],"wp:featuredmedia":[{"embeddable":true,"href":"https:\/\/www.europesays.com\/fr\/wp-json\/wp\/v2\/media\/597007"}],"wp:attachment":[{"href":"https:\/\/www.europesays.com\/fr\/wp-json\/wp\/v2\/media?parent=597006"}],"wp:term":[{"taxonomy":"category","embeddable":true,"href":"https:\/\/www.europesays.com\/fr\/wp-json\/wp\/v2\/categories?post=597006"},{"taxonomy":"post_tag","embeddable":true,"href":"https:\/\/www.europesays.com\/fr\/wp-json\/wp\/v2\/tags?post=597006"}],"curies":[{"name":"wp","href":"https:\/\/api.w.org\/{rel}","templated":true}]}}