{"id":597018,"date":"2025-12-13T14:40:13","date_gmt":"2025-12-13T14:40:13","guid":{"rendered":"https:\/\/www.europesays.com\/fr\/597018\/"},"modified":"2025-12-13T14:40:13","modified_gmt":"2025-12-13T14:40:13","slug":"un-conducteur-de-metro-gravement-blesse-a-larme-blanche-pour-une-cigarette","status":"publish","type":"post","link":"https:\/\/www.europesays.com\/fr\/597018\/","title":{"rendered":"Un conducteur de m\u00e9tro gravement bless\u00e9 \u00e0 l\u2019arme blanche pour une cigarette"},"content":{"rendered":"<p>Dans la nuit de vendredi \u00e0 samedi, un homme a \u00e9t\u00e9 poignard\u00e9 place de la Nation, \u00e0 <a href=\"https:\/\/www.20minutes.fr\/paris\/\" class=\"c-link c-link--is-underlined\" rel=\"nofollow noopener\" target=\"_blank\">Paris<\/a>. Hospitalis\u00e9e en urgence absolue, la victime, un agent de la <a href=\"https:\/\/www.20minutes.fr\/dossier\/ratp\" class=\"c-link c-link--is-underlined\" rel=\"nofollow noopener\" target=\"_blank\">RATP<\/a>, avait simplement refus\u00e9 de donner une cigarette \u00e0 son agresseur, selon le <a href=\"https:\/\/www.leparisien.fr\/faits-divers\/un-machiniste-ratp-en-urgence-absolue-apres-avoir-ete-poignarde-a-paris-13-12-2025-SPWMD3RQHBFZ5GGCUJZHQVLRA4.php\" target=\"_blank\" class=\"c-link c-link--is-underlined\" rel=\"nofollow noopener\">Parisien<\/a>.<\/p>\n<p>\u00ab\u00a0Cette nuit \u00e0 Nation, un effectif du GPSR remet \u00e0 la Police un individu, retenu par un agent de s\u00e9curit\u00e9 auteur de coups de couteau (ventre, \u00e9paule et cuisse) sur un conducteur de m\u00e9tro de la ligne 6 en fin de service\u00a0\u00bb, a <a href=\"https:\/\/x.com\/FO_GPSR\/status\/1999762112923730438\" target=\"_blank\" class=\"c-link c-link--is-underlined\" rel=\"nofollow\">publi\u00e9 sur X<\/a> le GSPR, la s\u00fbret\u00e9 de la RATP.<\/p>\n<\/p>\n<p>Le suspect interpell\u00e9 dans la foul\u00e9e<\/p>\n<p>L\u2019agression a eu lieu vers 2 heures du matin. La victime venait de terminer son service et allait r\u00e9cup\u00e9rer son v\u00e9hicule personnel accompagn\u00e9 de deux coll\u00e8gues. Le Parisien cite une source polici\u00e8re, laquelle explique qu\u2019un homme s\u2019est approch\u00e9 des trois agents et a demand\u00e9 \u00e0 l\u2019un d\u2019eux une cigarette. Ce m\u00eame homme avait fait la m\u00eame demande aux m\u00eames personnes quelques minutes plus t\u00f4t.<\/p>\n<p>Cette fois, le nouveau refus a \u00e9t\u00e9 suivi des plusieurs coups de couteau. Trois en tout, aux endroits pr\u00e9cis\u00e9s par le GSPR sur X. Mais l\u2019agresseur, jug\u00e9 dans un \u00ab\u00a0\u00e9tat anormal\u00a0\u00bb, n\u2019a pas pu prendre la fuite, interpell\u00e9 imm\u00e9diatement par des agents de la s\u00fbret\u00e9 de la RATP. Il a \u00e9t\u00e9 maintenu sur place jusqu\u2019\u00e0 l\u2019arriv\u00e9e de la police. L\u00e9g\u00e8rement bless\u00e9, il a \u00e9t\u00e9 hospitalis\u00e9 avant un placement en garde \u00e0 vue qui devrait intervenir dans la journ\u00e9e.<\/p>\n<p>Dans un \u00e9tat stable et rassurant<\/p>\n<p>Le conducteur de m\u00e9tro bless\u00e9, lui, a \u00e9t\u00e9 pris en charge par les pompiers et hospitalis\u00e9 en urgence absolue. A nos confr\u00e8res, le directeur de la ligne 6 du m\u00e9tro pr\u00e9cisait, ce samedi, que l\u2019\u00e9tat de sant\u00e9 de la victime \u00e9tait stabilis\u00e9.<\/p>\n<p><a href=\"https:\/\/www.20minutes.fr\/dossier\/ratp\" class=\"c-link c-btn c-btn--primary\" rel=\"nofollow noopener\" target=\"_blank\">Notre dossier sur la RATP<\/a><\/p>\n<p>Une enqu\u00eate a \u00e9t\u00e9 ouverte par le parquet de Paris sur des chefs qui n\u2019ont pas encore \u00e9t\u00e9 pr\u00e9cis\u00e9s, le suspect n\u2019ayant pas encore pu \u00eatre entendu. De son c\u00f4t\u00e9, le syndicat FO de la RATP souhaite que la qualification de \u00ab\u00a0tentative de meurtre\u00a0\u00bb soit retenue.<\/p>\n","protected":false},"excerpt":{"rendered":"Dans la nuit de vendredi \u00e0 samedi, un homme a \u00e9t\u00e9 poignard\u00e9 place de la Nation, \u00e0 Paris.&hellip;\n","protected":false},"author":2,"featured_media":597019,"comment_status":"","ping_status":"","sticky":false,"template":"","format":"standard","meta":{"footnotes":""},"categories":[4],"tags":[11,1120,6583,7623,658,1011,27,662,4047,12,626,625,1306,25],"class_list":{"0":"post-597018","1":"post","2":"type-post","3":"status-publish","4":"format-standard","5":"has-post-thumbnail","7":"category-france","8":"tag-actualites","9":"tag-agression","10":"tag-cigarette","11":"tag-coup-de-couteau","12":"tag-faits-divers-paris","13":"tag-fr","14":"tag-france","15":"tag-ile-de-france","16":"tag-metro","17":"tag-news","18":"tag-paris","19":"tag-ratp","20":"tag-regions","21":"tag-republique-francaise"},"share_on_mastodon":{"url":"https:\/\/pubeurope.com\/@fr\/115712781507883892","error":""},"_links":{"self":[{"href":"https:\/\/www.europesays.com\/fr\/wp-json\/wp\/v2\/posts\/597018","targetHints":{"allow":["GET"]}}],"collection":[{"href":"https:\/\/www.europesays.com\/fr\/wp-json\/wp\/v2\/posts"}],"about":[{"href":"https:\/\/www.europesays.com\/fr\/wp-json\/wp\/v2\/types\/post"}],"author":[{"embeddable":true,"href":"https:\/\/www.europesays.com\/fr\/wp-json\/wp\/v2\/users\/2"}],"replies":[{"embeddable":true,"href":"https:\/\/www.europesays.com\/fr\/wp-json\/wp\/v2\/comments?post=597018"}],"version-history":[{"count":0,"href":"https:\/\/www.europesays.com\/fr\/wp-json\/wp\/v2\/posts\/597018\/revisions"}],"wp:featuredmedia":[{"embeddable":true,"href":"https:\/\/www.europesays.com\/fr\/wp-json\/wp\/v2\/media\/597019"}],"wp:attachment":[{"href":"https:\/\/www.europesays.com\/fr\/wp-json\/wp\/v2\/media?parent=597018"}],"wp:term":[{"taxonomy":"category","embeddable":true,"href":"https:\/\/www.europesays.com\/fr\/wp-json\/wp\/v2\/categories?post=597018"},{"taxonomy":"post_tag","embeddable":true,"href":"https:\/\/www.europesays.com\/fr\/wp-json\/wp\/v2\/tags?post=597018"}],"curies":[{"name":"wp","href":"https:\/\/api.w.org\/{rel}","templated":true}]}}