{"id":597020,"date":"2025-12-13T14:41:16","date_gmt":"2025-12-13T14:41:16","guid":{"rendered":"https:\/\/www.europesays.com\/fr\/597020\/"},"modified":"2025-12-13T14:41:16","modified_gmt":"2025-12-13T14:41:16","slug":"lexfiltration-de-maria-corina-machado-pour-recevoir-son-prix-nobel-une-operation-digne-dun-thriller","status":"publish","type":"post","link":"https:\/\/www.europesays.com\/fr\/597020\/","title":{"rendered":"L&rsquo;exfiltration de Maria Corina Machado pour recevoir son prix Nobel: une op\u00e9ration digne d&rsquo;un thriller"},"content":{"rendered":"<p>Vie clandestine, d\u00e9guisement, check-points, leurres, bateaux sur une mer d\u00e9mont\u00e9e, sp\u00e9cialistes de l&rsquo;exfiltration, avions de combat et jet priv\u00e9: la sortie du Venezuela de la cheffe de l&rsquo;opposition Maria Corina Machado pour rallier Oslo, o\u00f9 elle devait recevoir le Nobel de la paix, est digne d&rsquo;un roman d&rsquo;espionnage.<\/p>\n<p>Op\u00e9ration \u00ab\u00a0Golden Dynamite\u00a0\u00bb: voil\u00e0 le nom qu&rsquo;a donn\u00e9 Bryan Stern, ancien combattant am\u00e9ricain qui a cr\u00e9e une soci\u00e9t\u00e9 pour extraire des \u00e9trangers de zones dangereuses, \u00e0 cette op\u00e9ration qu&rsquo;il a en partie d\u00e9taill\u00e9e devant la presse vendredi.<\/p>\n<p>\u00ab\u00a0Dynamite\u00a0\u00bb symbolise le danger, mais il s&rsquo;agit aussi d&rsquo;une allusion \u00e0 Alfred Nobel, l&rsquo;inventeur de cet explosif qui a donn\u00e9 son nom aux c\u00e9l\u00e8bres prix, dont celui de la paix.<\/p>\n<p>A l&rsquo;annonce de son prix le 10 octobre dernier, Maria Corina Machado promet qu&rsquo;elle ira le recevoir en personne \u00e0 Oslo. Mais la cheffe de l&rsquo;opposition v\u00e9n\u00e9zu\u00e9lienne vit dans la clandestinit\u00e9 depuis la proclamation des r\u00e9sultats de la pr\u00e9sidentielle de 2024, entach\u00e9e de fraude selon elle.<\/p>\n<p><strong class=\"inline-title\">&gt;&gt; Relire\u00a0: <\/strong><a href=\"https:\/\/www.rts.ch\/info\/monde\/2025\/article\/maria-corina-machado-opposante-venezuelienne-recoit-le-nobel-de-la-paix-29024525.html\" data-item-id=\"richtext_link\" target=\"_blank\" rel=\"noopener\">Le prix Nobel de la paix attribu\u00e9 \u00e0 l&rsquo;opposante v\u00e9n\u00e9zu\u00e9lienne Maria Corina Machado<\/a><\/p>\n<p>D\u00e9part mardi<\/p>\n<p>L&rsquo;op\u00e9ration \u00ab\u00a0Golden Dynamite\u00a0\u00bb d\u00e9bute mardi. Maria Corina Machado se d\u00e9guise, s&rsquo;affublant d&rsquo;une perruque, et quitte Caracas pour rallier une plage du nord du pays.<\/p>\n<p>\u00ab\u00a0C&rsquo;\u00e9tait dangereux et (&#8230;) risqu\u00e9 parce qu&rsquo;elle \u00e9tait activement traqu\u00e9e par le r\u00e9gime Maduro depuis tr\u00e8s longtemps. Les renseignements cubain, v\u00e9n\u00e9zu\u00e9lien, russe, iranien, les colectivos (groupes paramilitaires), cartels, et toutes sortes de personnes oeuvraient \u00e0 la retrouver. Tout le monde savait qu&rsquo;elle tentait d&rsquo;aller \u00e0 la c\u00e9r\u00e9monie du Nobel\u00a0\u00bb, selon Bryan Stern.<\/p>\n<p>\u00ab\u00a0Nous avions peur que des (avions) F-16 v\u00e9n\u00e9zu\u00e9liens viennent nous faire sauter et d&rsquo;\u00eatre d\u00e9tect\u00e9s sur terre, mer et dans les airs. Si nous l&rsquo;avions \u00e9t\u00e9, ils nous auraient certainement tous tu\u00e9s\u00a0\u00bb, poursuit-il.<\/p>\n<p>Contenu externe<\/p>\n<p> Ce contenu externe ne peut pas \u00eatre affich\u00e9 car il est susceptible de collecter des donn\u00e9es personnelles. Pour voir ce contenu vous devez autoriser la cat\u00e9gorie <strong>R\u00e9seaux sociaux<\/strong>. <\/p>\n<p> Accepter Plus d&rsquo;info <\/p>\n<p>    Rumeurs<\/p>\n<p>Pour brouiller les pistes, Bryan Stern fait courir des rumeurs, affirmant que l&rsquo;opposante est d\u00e9j\u00e0 \u00e0 l&rsquo;\u00e9tranger. Des journalistes, et sans doute les autorit\u00e9s, courent derri\u00e8re de fausses nouvelles: elle serait en Equateur, aurait quitt\u00e9 le pays dans un avion de rapatriement de migrants ou aurait \u00e9t\u00e9 vue \u00e0 Cucuta, \u00e0 la fronti\u00e8re colombienne.<\/p>\n<p>Ironie de l&rsquo;histoire, Caracas l&rsquo;a surnomm\u00e9e \u00ab\u00a0Sayona\u00a0\u00bb, fant\u00f4me f\u00e9minine du folklore, belle femme v\u00eatue de blanc qui hante les hommes et apparait et disparait.<\/p>\n<p>Maria Corina Machado r\u00e9ussit \u00e0 passer, sans \u00eatre rep\u00e9r\u00e9e, une dizaine de points de contr\u00f4le, selon Bryan Stern, sans donner de d\u00e9tails.<\/p>\n<p>Bateau en panne<\/p>\n<p>Mais arriv\u00e9e sur la plage, l&#8217;embarcation sur laquelle elle doit fuir est en panne, confie l&rsquo;Am\u00e9ricain au Wall Street Journal.<\/p>\n<p>Ses agents avaient choisi un vieux bateau de p\u00eache pour ne pas \u00e9veiller les soup\u00e7ons, ni \u00eatre pris pour une embarcation de narcotrafiquants pr\u00e9sum\u00e9s que les forces arm\u00e9es am\u00e9ricaines bombardent depuis septembre, ayant fait au moins 87 morts.<\/p>\n<p>Ils finissent par embarquer vers Cura\u00e7ao, petite \u00eele n\u00e9erlandophone \u00e0 une soixantaine de kilom\u00e8tres. Bryan Stern assure avoir alors pr\u00e9venu les Etats-Unis d&rsquo;une \u00ab\u00a0extraction\u00a0\u00bb. A Oslo, jeudi, l&rsquo;opposante a aussi r\u00e9v\u00e9l\u00e9 avoir \u00ab\u00a0re\u00e7u un soutien du gouvernement am\u00e9ricain pour arriver ici\u00a0\u00bb.<\/p>\n<p>Mais comme un mauvais sc\u00e9nario, le GPS du bateau ne fonctionne pas. Maria Corina Machado rallie finalement Cura\u00e7ao. Elle est saine et sauve mais ne sera pas \u00e0 Olso \u00e0 temps mercredi pour la c\u00e9r\u00e9monie.<\/p>\n<p><strong class=\"inline-title\">&gt;&gt; Relire\u00a0: <\/strong><a href=\"https:\/\/www.rts.ch\/info\/monde\/2025\/article\/prix-nobel-de-la-paix-remis-a-la-fille-de-l-opposante-venezuelienne-machado-29086772.html\" data-item-id=\"richtext_link\" target=\"_blank\" rel=\"noopener\">Prix Nobel de la paix remis par procuration \u00e0 l&rsquo;opposante v\u00e9n\u00e9zu\u00e9lienne Maria Corina Machado<\/a><\/p>\n<p>Jet priv\u00e9<\/p>\n<p>Un jet priv\u00e9 l&#8217;emm\u00e8ne \u00e0 Bangor, dans le Maine (nord-est des Etats-Unis), pour faire le plein, avant la Norv\u00e8ge, o\u00f9 elle d\u00e9barque jeudi. Maria Corina Machado se livre dans la capitale norv\u00e9gienne \u00e0 sa premi\u00e8re apparition et prise de parole publiques depuis pr\u00e8s d&rsquo;un an.<\/p>\n<p><strong class=\"inline-title\">&gt;&gt; Relire aussi\u00a0: <\/strong><a href=\"https:\/\/www.rts.ch\/info\/monde\/2025\/article\/arrivee-a-oslo-maria-corina-machado-a-pu-recuperer-son-prix-nobel-de-la-paix-29087997.html\" data-item-id=\"richtext_link\" target=\"_blank\" rel=\"noopener\">Arriv\u00e9e \u00e0 Oslo, Maria Corina Machado a pu r\u00e9cup\u00e9rer son prix Nobel de la paix<\/a><\/p>\n<p>\u00ab\u00a0Il y a eu des moments o\u00f9 j&rsquo;ai senti qu&rsquo;il y avait un risque r\u00e9el pour ma vie\u00a0\u00bb, a comment\u00e9 Maria Corina Machado \u00e0 Oslo, remerciant \u00ab\u00a0tous ces hommes et ces femmes qui ont risqu\u00e9 leur vie\u00a0\u00bb. L&rsquo;opposante a aussit\u00f4t martel\u00e9 qu&rsquo;elle voulait retourner au Venezuela.<\/p>\n<p> &gt;&gt; Revoir le sujet du 12h45 jeudi\u00a0:   <img decoding=\"async\" class=\"embed-responsive-item\" loading=\"lazy\" src=\"https:\/\/www.europesays.com\/fr\/wp-content\/uploads\/2025\/12\/7o00wc-29087859.image\" alt=\"La V\u00e9n\u00e9zu\u00e9lienne Maria Corina Machado a re\u00e7u son prix Nobel de la paix \u00e0 Oslo\"\/>    La V\u00e9n\u00e9zu\u00e9lienne Maria Corina Machado a re\u00e7u son prix Nobel de la paix \u00e0 Oslo \/ 12h45 \/ 1 min. \/ jeudi \u00e0 12:45 <\/p>\n<p class=\"sources\">lia avec afp<\/p>\n","protected":false},"excerpt":{"rendered":"Vie clandestine, d\u00e9guisement, check-points, leurres, bateaux sur une mer d\u00e9mont\u00e9e, sp\u00e9cialistes de l&rsquo;exfiltration, avions de combat et jet&hellip;\n","protected":false},"author":2,"featured_media":597021,"comment_status":"","ping_status":"","sticky":false,"template":"","format":"standard","meta":{"footnotes":""},"categories":[2],"tags":[11,1011,27,57971,74,12,419,70975,41938,337],"class_list":{"0":"post-597020","1":"post","2":"type-post","3":"status-publish","4":"format-standard","5":"has-post-thumbnail","7":"category-actualites","8":"tag-actualites","9":"tag-fr","10":"tag-france","11":"tag-maria-corina-machado","12":"tag-monde","13":"tag-news","14":"tag-opposition","15":"tag-oslo-q5859","16":"tag-prix-nobel-de-la-paix","17":"tag-venezuela"},"share_on_mastodon":{"url":"https:\/\/pubeurope.com\/@fr\/115712786061080062","error":""},"_links":{"self":[{"href":"https:\/\/www.europesays.com\/fr\/wp-json\/wp\/v2\/posts\/597020","targetHints":{"allow":["GET"]}}],"collection":[{"href":"https:\/\/www.europesays.com\/fr\/wp-json\/wp\/v2\/posts"}],"about":[{"href":"https:\/\/www.europesays.com\/fr\/wp-json\/wp\/v2\/types\/post"}],"author":[{"embeddable":true,"href":"https:\/\/www.europesays.com\/fr\/wp-json\/wp\/v2\/users\/2"}],"replies":[{"embeddable":true,"href":"https:\/\/www.europesays.com\/fr\/wp-json\/wp\/v2\/comments?post=597020"}],"version-history":[{"count":0,"href":"https:\/\/www.europesays.com\/fr\/wp-json\/wp\/v2\/posts\/597020\/revisions"}],"wp:featuredmedia":[{"embeddable":true,"href":"https:\/\/www.europesays.com\/fr\/wp-json\/wp\/v2\/media\/597021"}],"wp:attachment":[{"href":"https:\/\/www.europesays.com\/fr\/wp-json\/wp\/v2\/media?parent=597020"}],"wp:term":[{"taxonomy":"category","embeddable":true,"href":"https:\/\/www.europesays.com\/fr\/wp-json\/wp\/v2\/categories?post=597020"},{"taxonomy":"post_tag","embeddable":true,"href":"https:\/\/www.europesays.com\/fr\/wp-json\/wp\/v2\/tags?post=597020"}],"curies":[{"name":"wp","href":"https:\/\/api.w.org\/{rel}","templated":true}]}}