{"id":597022,"date":"2025-12-13T14:43:05","date_gmt":"2025-12-13T14:43:05","guid":{"rendered":"https:\/\/www.europesays.com\/fr\/597022\/"},"modified":"2025-12-13T14:43:05","modified_gmt":"2025-12-13T14:43:05","slug":"dnc-la-loire-reprend-progressivement-les-exports-vers-litalie-articles","status":"publish","type":"post","link":"https:\/\/www.europesays.com\/fr\/597022\/","title":{"rendered":"DNC : La Loire reprend progressivement les exports vers l&rsquo;Italie Articles"},"content":{"rendered":"<p>Apr\u00e8s la confirmation du cas de Dermatose nodulaire contagieuse (DNC) \u00e0 Saint-Laurent-de-Chamousset, dans le Rh\u00f4ne, une partie de la Loire avait \u00e9t\u00e9 impact\u00e9e par des restrictions de mouvement des bovins. Cette zone r\u00e9glement\u00e9e avait \u00e9t\u00e9 requalifi\u00e9e en zone vaccinale le 5 novembre, all\u00e9geant les mesures.<\/p>\n<p>Effectivement, depuis quelques semaines, une vaccination DNC valable (depuis 28 jours) des bovins est demand\u00e9e pour les mouvements en dehors de la zone vaccinale. En l&rsquo;absence d&rsquo;outil op\u00e9rationnel disponible, les GDS (Groupement de d\u00e9fense sanitaire) ont financ\u00e9 la mise en place d&rsquo;une plateforme informatique pour que les \u00e9leveurs et op\u00e9rateurs puissent \u00e9diter une attestation de vaccination DNC. Ce document pourra \u00eatre fourni lors d&rsquo;\u00e9changes commerciaux pour attester de la validit\u00e9 de la vaccination (bovins et veaux n\u00e9s de vaches vaccin\u00e9es).<\/p>\n<p><a href=\"https:\/\/www.paysansdelaloire.fr\/abonnements\/\" target=\"_blank\" rel=\"noopener\">Abonnez-vous \u00e0 Paysans de la Loire<\/a><\/p>\n<p>La plateforme est accessible <a href=\"https:\/\/www.frgdsaura.fr\/attestations-bovins-pour-la-dnc-et-la-bvd.html\" target=\"_blank\" rel=\"noopener\">sur le site internet du GDS de la Loire<\/a> ou <a href=\"https:\/\/www.okteo.fr\/WSBVD\/index.xhtml?gds=GDSAURA\" target=\"_blank\" rel=\"noopener\">sur celui d&rsquo;Okteo<\/a>. Le num\u00e9ro d\u2019identification (dix chiffres) et la date de naissance de l\u2019animal permettent d\u2019obtenir en libre-service l\u2019attestation. Si l&rsquo;un de ses bovins est valablement vaccin\u00e9 mais que les donn\u00e9es de sa vaccination ne sont pas disponibles, l\u2019\u00e9leveur peut contacter le GDS (04.77.92.12.38) pour en trouver la raison.<\/p>\n<p>Ci-dessous quelques explications pour se conencter afin de r\u00e9aliser la d\u00e9marches.<\/p>\n<p><img loading=\"lazy\" decoding=\"async\" src=\"https:\/\/www.europesays.com\/fr\/wp-content\/uploads\/2025\/12\/Attestation_DNC.png\" alt=\"\" width=\"694\" height=\"343\"\/><\/p>\n<p>Modalit\u00e9s d\u2019export<\/p>\n<p>La question de l\u2019exportation des bovins issus des zones vaccinales avait \u00e9t\u00e9 soulev\u00e9e depuis longtemps, en particulier par le syndicalisme majoritaire. Une conf\u00e9rence de presse de la F\u00e9d\u00e9ration nationale bovine (FNB) avait d\u2019ailleurs \u00e9t\u00e9 organis\u00e9e dans la Loire \u00e0 ce sujet le 2 octobre.<\/p>\n<p>Apr\u00e8s plusieurs semaines de n\u00e9gociations, la France et l\u2019Italie ont r\u00e9cemment conclu un accord d\u00e9finissant les conditions sanitaires. Aussi, depuis le 8 d\u00e9cembre, \u00ab\u00a0l&rsquo;export des bovins a progressivement repris et uniquement pour certaines communes du d\u00e9partement, expliquait le GDS de la Loire en d\u00e9but de semaine. Une deuxi\u00e8me liste de communes sera concern\u00e9e d\u00e8s le 20 d\u00e9cembre et l&rsquo;ensemble du d\u00e9partement pourra exporter \u00e0 nouveau au 1er janvier 2026.\u00a0\u00bb La liste des communes est \u00e0 retrouver <a href=\"https:\/\/www.paysansdelaloire.fr\/media\/pdl\/2025\/2025_12_12\/Liste_reprise_export_08122025.pdf\" target=\"_blank\" rel=\"noopener\">en cliquant ici<\/a>.<\/p>\n<p>Dans tous les cas, les \u00e9changes de bovins sont permis uniquement lorsque l&rsquo;ensemble des conditions suivantes sont n\u00e9cessairement toutes remplies\u00a0:<\/p>\n<p>&#8211; destination des bovins uniquement dans un pays acceptant des bovins vaccin\u00e9s. L\u2019Italie demande une attestation de d\u00e9sinsectisation et un r\u00e9sultat d&rsquo;analyse PCR n\u00e9gatif DNC. La Suisse demande une attestation de d\u00e9sinsectisation des v\u00e9hicules au d\u00e9part, le nettoyage et la d\u00e9sinfection des v\u00e9hicules apr\u00e8s d\u00e9chargement.<\/p>\n<p>&#8211; visite des bovins par le v\u00e9t\u00e9rinaire depuis moins de 24 heures\u00a0;<\/p>\n<p>&#8211; bovins d\u00e9tenus depuis plus de 28 jours dans l&rsquo;\u00e9levage d&rsquo;origine\u00a0;<\/p>\n<p>&#8211; bovins vaccin\u00e9s depuis plus de 28 jours (ou veaux issus de m\u00e8re valablement vaccin\u00e9e), ainsi que tous les bovins de l&rsquo;unit\u00e9 \u00e9pid\u00e9miologique (lot)\u00a0;<\/p>\n<p>&#8211; exploitation d&rsquo;origine qui satisfait aux deux conditions suivantes\u00a0: absence de foyer depuis au moins trois mois dans les 20 km autour de la commune et vaccination depuis au moins 60 jours dans les 50 km autour de la commune.<\/p>\n<p>\u00ab\u00a0Ne pas rel\u00e2cher les efforts\u00a0\u00bb<\/p>\n<p>Lundi 9 d\u00e9cembre, la ministre de l\u2019Agriculture r\u00e9unissait le Cnopsav (Comit\u00e9 national d&rsquo;orientation de la politique sanitaire animale et v\u00e9g\u00e9tale). Ces \u00e9volutions r\u00e9glementaires \u00e9taient bien \u00e9videmment abord\u00e9es. Un point sur la situation sanitaire \u00e9tait \u00e9galement fait. Au 9 d\u00e9cembre, 108 foyers de DNC bovine avaint \u00e9t\u00e9 d\u00e9tect\u00e9s en France depuis le 29 juin, dans sept d\u00e9partements. Annie Genevard r\u00e9affirmait les trois piliers de la strat\u00e9gie sanitaire de lutte\u00a0: d\u00e9peuplement de l\u2019ensemble des bovins des foyers pour emp\u00eacher la multiplication du virus, limitation des mouvements et vaccination rapide obligatoire autour des foyers pour diminuer l\u2019excr\u00e9tion virale. La ministre de l\u2019Agriculture assurait que cette strat\u00e9gie sanitaire a permis de lever trois des cinq zones r\u00e9glement\u00e9es mises en place, devenues zones vaccinales. La r\u00e9activit\u00e9 des \u00e9leveurs et des v\u00e9t\u00e9rinaires lig\u00e9riens \u00e0 la suite du cas de DNC dans le Rh\u00f4ne pour vacciner les bovins a \u00e9t\u00e9 un facteur facilitateur.<\/p>\n<p><a href=\"https:\/\/www.paysansdelaloire.fr\/tags\/dnc\/\" target=\"_blank\" rel=\"noopener\">Retrouvez tous nos articles concernant l&rsquo;actualit\u00e9 sanitaire<\/a><\/p>\n<p>Pour autant, \u00ab\u00a0l\u2019apparition r\u00e9cente de foyers dans des zones r\u00e9glement\u00e9es existantes demeure pr\u00e9occupante et r\u00e9sulte probablement de mouvements d\u2019animaux, dont certains illicites, pr\u00e9cisait le communiqu\u00e9 du minist\u00e8re de l\u2019Agriculture. Cette situation rappelle que les efforts ne doivent pas \u00eatre rel\u00e2ch\u00e9s et que la stricte observance des piliers de la strat\u00e9gie est primordiale pour \u00e9viter que des comportements individuels irresponsables n\u2019aient de cons\u00e9quences collectives massives. C\u2019est pourquoi les contr\u00f4les seront encore renforc\u00e9s par instruction aux pr\u00e9fets et des sanctions s\u00e9v\u00e8res pourront \u00eatre appliqu\u00e9es en cas de non-respect des r\u00e8gles\u00a0\u00bb.<\/p>\n<p>La r\u00e9union du Cnopsav \u00e9tait \u00e9galement l\u2019occasion de faire le point sur les dispositifs d\u2019indemnisation. \u00ab\u00a0Face \u00e0 l\u2019urgence de reconstituer rapidement la tr\u00e9sorerie des \u00e9leveurs touch\u00e9s et d\u2019accompagner au maximum la recapitalisation du cheptel, des mesures exceptionnelles ont \u00e9t\u00e9 prises et les d\u00e9lais de versement raccourcis.\u00a0\u00bb \u00c0 ce jour, 95\u00a0% des acomptes pr\u00e9vus ont \u00e9t\u00e9 vers\u00e9s. Un deuxi\u00e8me versement interviendra avant la fin d\u2019ann\u00e9e.<\/p>\n<p>Enfin, \u00ab\u00a0soucieuse de co-construire la strat\u00e9gie vaccinale pour 2026 avec les parties prenantes\u00a0\u00bb, Annie Genevard a ouvert les \u00e9changes avec les membres du Cnopsav sur la base des travaux produits par les experts scientifiques. \u00ab Des travaux seront men\u00e9s par tous les participants jusqu\u2019\u00e0 une r\u00e9union d\u00e9cisionnelle fin janvier \u00bb, indiquait le communiqu\u00e9.<\/p>\n","protected":false},"excerpt":{"rendered":"Apr\u00e8s la confirmation du cas de Dermatose nodulaire contagieuse (DNC) \u00e0 Saint-Laurent-de-Chamousset, dans le Rh\u00f4ne, une partie de&hellip;\n","protected":false},"author":2,"featured_media":597023,"comment_status":"","ping_status":"","sticky":false,"template":"","format":"standard","meta":{"footnotes":""},"categories":[9653],"tags":[1111,11,2430,1777,674,1011,27,12,25,4001],"class_list":{"0":"post-597022","1":"post","2":"type-post","3":"status-publish","4":"format-standard","5":"has-post-thumbnail","7":"category-saint-etienne","8":"tag-actu","9":"tag-actualites","10":"tag-auvergne-rhone-alpes","11":"tag-eu","12":"tag-europe","13":"tag-fr","14":"tag-france","15":"tag-news","16":"tag-republique-francaise","17":"tag-saint-etienne"},"share_on_mastodon":{"url":"","error":""},"_links":{"self":[{"href":"https:\/\/www.europesays.com\/fr\/wp-json\/wp\/v2\/posts\/597022","targetHints":{"allow":["GET"]}}],"collection":[{"href":"https:\/\/www.europesays.com\/fr\/wp-json\/wp\/v2\/posts"}],"about":[{"href":"https:\/\/www.europesays.com\/fr\/wp-json\/wp\/v2\/types\/post"}],"author":[{"embeddable":true,"href":"https:\/\/www.europesays.com\/fr\/wp-json\/wp\/v2\/users\/2"}],"replies":[{"embeddable":true,"href":"https:\/\/www.europesays.com\/fr\/wp-json\/wp\/v2\/comments?post=597022"}],"version-history":[{"count":0,"href":"https:\/\/www.europesays.com\/fr\/wp-json\/wp\/v2\/posts\/597022\/revisions"}],"wp:featuredmedia":[{"embeddable":true,"href":"https:\/\/www.europesays.com\/fr\/wp-json\/wp\/v2\/media\/597023"}],"wp:attachment":[{"href":"https:\/\/www.europesays.com\/fr\/wp-json\/wp\/v2\/media?parent=597022"}],"wp:term":[{"taxonomy":"category","embeddable":true,"href":"https:\/\/www.europesays.com\/fr\/wp-json\/wp\/v2\/categories?post=597022"},{"taxonomy":"post_tag","embeddable":true,"href":"https:\/\/www.europesays.com\/fr\/wp-json\/wp\/v2\/tags?post=597022"}],"curies":[{"name":"wp","href":"https:\/\/api.w.org\/{rel}","templated":true}]}}