{"id":597024,"date":"2025-12-13T14:44:28","date_gmt":"2025-12-13T14:44:28","guid":{"rendered":"https:\/\/www.europesays.com\/fr\/597024\/"},"modified":"2025-12-13T14:44:28","modified_gmt":"2025-12-13T14:44:28","slug":"avoine-beaumont-en-quete-de-qualification-face-a-saint-etienne","status":"publish","type":"post","link":"https:\/\/www.europesays.com\/fr\/597024\/","title":{"rendered":"Avoine-Beaumont en qu\u00eate de qualification face \u00e0 Saint-\u00c9tienne"},"content":{"rendered":"<p><strong>Avoine Beaumont Gymnastique\u00a0&#8211; Saint-\u00c9tienne<\/strong><\/p>\n<p>Ce direct est aliment\u00e9 par les journalistes du service des sports de La Nouvelle R\u00e9publique.<\/p>\n<p>Avant-match<\/p>\n<p><strong>15\u00a0h\u00a040.<\/strong> Cinq V\u00e9ronaises sont actuellement en train de s\u2019\u00e9chauffer. Toutefois, Rose Marchand et Clara Roger Giaglis ne sont pas assur\u00e9es de prendre part \u00e0 la comp\u00e9tition. Gina Chirilcenco et Carole Boin, les entra\u00eeneuses d\u2019Avoine-Beaumont, vont probablement majoritairement s\u2019appuyer sur Elena Colas, Perla Denech\u00e8re et Sophia Martin, du moins jusqu\u2019\u00e0 avoir d\u00e9croch\u00e9 la qualification.<\/p>\n<p>Les plus jeunes auront peut-\u00eatre la chance de passer ensuite sur un agr\u00e8s. Mais un seul\u00a0: \u00ab\u00a0Si une gymnaste dispute plus d\u2019un duel en poule de Top\u00a012, elle ne pourra pas matcher dans une \u00e9quipe de niveau national. Or, on a d\u2019autres formations dans le club\u00a0\u00bb, rappelle Marc Chirilcenco, entra\u00eeneur local qui joue aujourd\u2019hui le r\u00f4le de speaker.<\/p>\n<p><strong>15\u00a0h\u00a037. <\/strong>C\u2019est le bon moment pour revenir sur le format de la comp\u00e9tition. Un match de Top\u00a012, ce sont douze duels disput\u00e9s entre les deux \u00e9quipes, soit trois duels sur chacun des quatre agr\u00e8s. Par exemple, Avoine pr\u00e9sente d\u2019abord une gymnaste au saut, puis c\u2019est au tour de Saint-\u00c9tienne d\u2019aligner une de ses repr\u00e9sentantes.<\/p>\n<p>Celle qui d\u00e9croche la meilleure note parmi les deux gymnastes offre trois points \u00e0 son \u00e9quipe. Un duel nul vaut deux points, un duel perdu un point. Il faut donc remporter sept duels pour s\u2019imposer et penser strat\u00e9gie en fonction de la gymnaste align\u00e9e par l\u2019\u00e9quipe adverse\u2026<\/p>\n<p>Quatre agr\u00e8s sont au programme, dans cet ordre\u00a0: saut, barres asym\u00e9triques, poutre et sol.<\/p>\n<p><strong>15\u00a0h\u00a035. <\/strong>Qui se qualifiera en demi-finale du Top\u00a012\u00a0? Tel est l\u2019enjeu de cette rencontre. Avoine-Beaumont et Saint-\u00c9tienne ont tous les deux domin\u00e9 Combs-la-Ville, le troisi\u00e8me club de cette poule 4, lors des pr\u00e9c\u00e9dentes journ\u00e9es. Les V\u00e9ronaises ont toutefois un petit avantage sur les St\u00e9phanoises, puisqu\u2019elles ont remport\u00e9 <a target=\"_self\" href=\"https:\/\/www.lanouvellerepublique.fr\/indre-et-loire\/commune\/avoine\/gymnastique-avoine-beaumont-debute-le-top-12-par-une-victoire-ecrasante-a-combs-la-ville-1765062332\" rel=\"noopener\">tous leurs duels face aux Franciliennes (12-36)<\/a>, alors que Saint-\u00c9tienne en a c\u00e9d\u00e9 un (34-12). Pour assurer sa qualification, Avoine-Beaumont doit donc gagner six des douze duels qui vont \u00eatre disput\u00e9s dans son gymnase, qui dispose d\u2019un\u00a0tout nouveau praticable.<\/p>\n<p><strong>15\u00a0h\u00a030.<\/strong> Bonjour et bienvenue sur ce direct\u00a0! Ce samedi 13\u00a0d\u00e9cembre 2025, le club d\u2019Avoine-Beaumont, champion en titre, re\u00e7oit Saint-\u00c9tienne lors de la 3e\u00a0et derni\u00e8re journ\u00e9e de la phase de poules du Top\u00a012. Les gymnastes sont actuellement \u00e0 l\u2019\u00e9chauffement, alors que la comp\u00e9tition sera lanc\u00e9e \u00e0 16\u00a0h.<\/p>\n<p><img alt=\"La V\u00e9ronaise Elena Colas \u00e0 l\u2019\u00e9chauffement au saut.\" loading=\"lazy\" width=\"980\" height=\"573\" decoding=\"async\" data-nimg=\"1\" class=\"img-responsive spinner-show \" style=\"color:transparent;background-size:cover;background-position:50% 50%;background-repeat:no-repeat;background-image:url(&quot;data:image\/svg+xml;charset=utf-8,%3Csvg xmlns='http:\/\/www.w3.org\/2000\/svg' viewBox='0 0 980 573'%3E%3Cfilter id='b' color-interpolation-filters='sRGB'%3E%3CfeGaussianBlur stdDeviation='20'\/%3E%3CfeColorMatrix values='1 0 0 0 0 0 1 0 0 0 0 0 1 0 0 0 0 0 100 -1' result='s'\/%3E%3CfeFlood x='0' y='0' width='100%25' height='100%25'\/%3E%3CfeComposite operator='out' in='s'\/%3E%3CfeComposite in2='SourceGraphic'\/%3E%3CfeGaussianBlur stdDeviation='20'\/%3E%3C\/filter%3E%3Cimage width='100%25' height='100%25' x='0' y='0' preserveAspectRatio='none' style='filter: url(%23b);' href='https:\/\/images.lanouvellerepublique.fr\/image\/upload\/t_88w\/f_auto\/693d789a1ccb010e2f8b458c.jpg'\/%3E%3C\/svg%3E&quot;)\"   src=\"https:\/\/www.europesays.com\/fr\/wp-content\/uploads\/2025\/12\/693d789a1ccb010e2f8b458c.jpg\"\/><\/p>\n<p style=\"background-color:#F2F2F2;padding:5px;margin-top:0px;margin-bottom:10px\">La V\u00e9ronaise Elena Colas \u00e0 l\u2019\u00e9chauffement au saut.<br \/> \u00a9 (Photo NR, \u00c9l. T.)<\/p>\n<p class=\"alireaussi\"><b>&gt;\u00a0Rejoignez la communaut\u00e9 NR\u00a0&#8211; Les sports en Touraine sur Facebook.<\/b><\/p>\n","protected":false},"excerpt":{"rendered":"Avoine Beaumont Gymnastique\u00a0&#8211; Saint-\u00c9tienne Ce direct est aliment\u00e9 par les journalistes du service des sports de La Nouvelle&hellip;\n","protected":false},"author":2,"featured_media":597025,"comment_status":"","ping_status":"","sticky":false,"template":"","format":"standard","meta":{"footnotes":""},"categories":[9653],"tags":[1392,1111,11,2430,52318,70796,1777,674,1011,27,15465,1387,12,25,4001,60],"class_list":{"0":"post-597024","1":"post","2":"type-post","3":"status-publish","4":"format-standard","5":"has-post-thumbnail","7":"category-saint-etienne","8":"tag-a-la-une-local","9":"tag-actu","10":"tag-actualites","11":"tag-auvergne-rhone-alpes","12":"tag-avoine","13":"tag-beaumont-en-veron","14":"tag-eu","15":"tag-europe","16":"tag-fr","17":"tag-france","18":"tag-gymnastique","19":"tag-indre-et-loire","20":"tag-news","21":"tag-republique-francaise","22":"tag-saint-etienne","23":"tag-sports"},"share_on_mastodon":{"url":"https:\/\/pubeurope.com\/@fr\/115712798573333768","error":""},"_links":{"self":[{"href":"https:\/\/www.europesays.com\/fr\/wp-json\/wp\/v2\/posts\/597024","targetHints":{"allow":["GET"]}}],"collection":[{"href":"https:\/\/www.europesays.com\/fr\/wp-json\/wp\/v2\/posts"}],"about":[{"href":"https:\/\/www.europesays.com\/fr\/wp-json\/wp\/v2\/types\/post"}],"author":[{"embeddable":true,"href":"https:\/\/www.europesays.com\/fr\/wp-json\/wp\/v2\/users\/2"}],"replies":[{"embeddable":true,"href":"https:\/\/www.europesays.com\/fr\/wp-json\/wp\/v2\/comments?post=597024"}],"version-history":[{"count":0,"href":"https:\/\/www.europesays.com\/fr\/wp-json\/wp\/v2\/posts\/597024\/revisions"}],"wp:featuredmedia":[{"embeddable":true,"href":"https:\/\/www.europesays.com\/fr\/wp-json\/wp\/v2\/media\/597025"}],"wp:attachment":[{"href":"https:\/\/www.europesays.com\/fr\/wp-json\/wp\/v2\/media?parent=597024"}],"wp:term":[{"taxonomy":"category","embeddable":true,"href":"https:\/\/www.europesays.com\/fr\/wp-json\/wp\/v2\/categories?post=597024"},{"taxonomy":"post_tag","embeddable":true,"href":"https:\/\/www.europesays.com\/fr\/wp-json\/wp\/v2\/tags?post=597024"}],"curies":[{"name":"wp","href":"https:\/\/api.w.org\/{rel}","templated":true}]}}