{"id":597032,"date":"2025-12-13T14:51:18","date_gmt":"2025-12-13T14:51:18","guid":{"rendered":"https:\/\/www.europesays.com\/fr\/597032\/"},"modified":"2025-12-13T14:51:18","modified_gmt":"2025-12-13T14:51:18","slug":"festival-ekilibr-chantal-goya-un-peu-de-sauvagerie-miel-de-montagne-un-week-end-foisonnant-entre-cirque-pop-et-spectacles-jeunesse-a-montpellier","status":"publish","type":"post","link":"https:\/\/www.europesays.com\/fr\/597032\/","title":{"rendered":"Festival Ekilibr, Chantal Goya, un peu de sauvagerie, Miel de Montagne\u00a0: un week-end foisonnant entre cirque, pop et spectacles jeunesse \u00e0 Montpellier"},"content":{"rendered":"<p>\n                                                                Cirque contemporain, chanson populaire, pop \u00e9lectro et spectacle jeune public rythment le week-end culturel \u00e0 Montpellier et sa m\u00e9tropole.\n                            <\/p>\n<p>FESTIVAL EKILIBR 2025<\/p>\n<p>Deuxi\u00e8me partie du festival Ekilibr, dont la programmation est cette ann\u00e9e \u00e9labor\u00e9e par le Centre des Arts du Cirque Balthazar. Apr\u00e8s Clapiers, cap sur Juvignac, au parc Saint-Hubert, pour ce dernier week-end.<br \/>Le samedi \u00e0 partir de 20\u00a0h, Miettes nous plonge dans un univers onirique o\u00f9 une voyageuse solitaire raconte, \u00e0 travers une soupe magique, l\u2019histoire d\u2019un enfant ayant perdu son oiseau, interrogeant avec d\u00e9licatesse le deuil et l\u2019imaginaire. Puis le duo Tintement des lucioles c\u00e9l\u00e8bre la sororit\u00e9 et la force du lien par le cerceau a\u00e9rien, la suspension capillaire et la danse, dans une ode sensible \u00e0 l\u2019amiti\u00e9 et \u00e0 la confiance.<br \/>Le lendemain \u00e0 partir de 16\u00a0h, place \u00e0 l\u2019\u00e9mergence avec deux spectacles\u00a0: Tu comprendras plus tard, entre acrobaties, exploits, hypnose et digressions loufoques\u00a0; puis QUIE (S) TU, spectacle po\u00e9tique m\u00ealant acrobatie, danse et jeu th\u00e9\u00e2tral, qui interroge la qu\u00eate de soi, la libert\u00e9 int\u00e9rieure et la lumi\u00e8re de l\u2019enfance.<\/p>\n<p>Programme sur <a href=\"https:\/\/www.domainedo.fr\/zoom\/ekilibr-clapiers-et-juvignac-cirque-contemporain-cadc-balthazar-du-2111-au-1412\" target=\"_blank\" rel=\"noopener\">domainedo.fr<\/a><\/p>\n<p>Chantal Goya \u00ab\u00a050 ans d\u2019amour\u00a0\u00bb<\/p>\n<p>Fin novembre, Mireille Mathieu nous rendait visite pour f\u00eater ses \u201c60 ans d\u2019amour\u201d. Dans un autre registre, mais avec la m\u00eame volont\u00e9 de c\u00e9l\u00e9brer un lien ind\u00e9fectible avec le public, c\u2019est d\u00e9sormais au tour de Chantal Goya \u2014 avec dix ans de carri\u00e8re en moins \u2014 de monter sur sc\u00e8ne. Contrairement \u00e0 la grande dame d\u2019Avignon, la cousine de B\u00e9cassine avait d\u00e9but\u00e9 au cin\u00e9ma avant de tout abandonner, malgr\u00e9 les sollicitations de grands r\u00e9alisateurs, pour se consacrer \u00e0 sa famille. Rien d\u2019\u00e9tonnant \u00e0 ce qu\u2019elle se tourne ensuite, au d\u00e9but des ann\u00e9es 1970, vers la chanson avec \u201cAdieu les jolis foulards\u201d, puis surtout vers ses grands spectacles pour enfants qui feront sa renomm\u00e9e.<\/p>\n<p>Et depuis cette \u00e9poque, peu de choses ont chang\u00e9. Les personnages restent les m\u00eames \u2014 Pinocchio, Pandi-Panda, le Lapin et bien s\u00fbr Marie-Rose. \u201cMoi, je n\u2019aime pas changer. Je change pas de t\u00eate, je change pas de robe, je change pas de coiffure, je change pas de mari\u201d, nous confiait-elle l\u2019an pass\u00e9, rappelant que son public non plus ne change pas. \u201cSi je commence \u00e0 tout changer, le public ne va pas s\u2019y retrouver\u201d, plaidait-elle. La recette demeure immuable\u00a0: chansons embl\u00e9matiques, profusion de costumes et d\u00e9cors tout droit sortis d\u2019un conte de f\u00e9es. De quoi nourrir l\u2019attachement intact du public \u00e0 son univers.<\/p>\n<p>Samedi 13\u00a0d\u00e9cembre \u00e0 15\u00a0h. Z\u00e9nith Sud, 2\u00a0733 avenue Albert Einstein, Montpellier. Tarif\u00a0: 35 \u00e0 65\u00a0\u20ac.<\/p>\n<p>Miel de Montagne<\/p>\n<p>Est-il un peu indien sur les bords, apiculteur dans l\u2019\u00e2me\u00a0? Rien de tout cela. Si l\u2019auteur-compositeur-interpr\u00e8te Milan Kanche, qui se fait appeler Miel de Montagne, a choisi ce nom de sc\u00e8ne, c\u2019est peut-\u00eatre parce qu\u2019il refl\u00e8te sa d\u00e9marche artistique\u00a0: le \u201cmiel\u201d pour sa pop \u00e9lectro empreinte de douceur, et la \u201cmontagne\u201d pour son retour \u00e0 la simplicit\u00e9 et \u00e0 la nature. Lui qui a longtemps \u00e9cum\u00e9 les clubs en tant que DJ jusqu\u2019au bout de la nuit a fini par en avoir assez.<\/p>\n<p>Il vient pr\u00e9senter son troisi\u00e8me album, sorti au printemps\u00a0: Ouin Ouin. Il y poursuit son art de traduire les \u00e9motions en chanson, \u00e9voquant sa vie simple \u00e0 la campagne, ses amours, son skate, son chien ou encore les questionnements existentiels d\u2019un jeune homme de sa g\u00e9n\u00e9ration.<\/p>\n<p>Samedi 13\u00a0d\u00e9cembre \u00e0 20\u00a0h. Victoire 2, 2 rue Th\u00e9ophraste Renaudot, Saint-Jean-de-V\u00e9das. Tarif\u00a0: 19 \u00e0 25\u00a0\u20ac.<\/p>\n<p>Royaume<\/p>\n<p>        <img decoding=\"async\" class=\"std-img__img responsive-img\" src=\"https:\/\/www.europesays.com\/fr\/wp-content\/uploads\/2025\/12\/1765637478_461_image.jpg\" alt=\"&quot;Royaume&quot; explore notre part sauvage.\"\/><\/p>\n<p>                \u00ab\u00a0Royaume\u00a0\u00bb explore notre part sauvage.<\/p>\n<p data-is-last-node=\"\" data-is-only-node=\"\">Le festival Mouvement sur la ville se poursuit ce week-end avec une proposition jeune public (\u00e0 partir de huit ans)\u00a0: Royaume. Ce spectacle explore la part sauvage qui nous habite pour interroger les limites de notre humanit\u00e9. Port\u00e9 par deux interpr\u00e8tes dont la relation m\u00eale douceur et fureur, il transforme une grande col\u00e8re en une plong\u00e9e fantasmagorique dans les r\u00eaves et les profondeurs de l\u2019enfance.<\/p>\n<p>Samedi 13\u00a0d\u00e9cembre \u00e0 16\u00a0h, Th\u00e9\u00e2tre de la Vista, 170 rue Joachim du Bellay, Montpellier. Tarifs\u00a0: 8 et 10\u00a0\u20ac. resa@mouvementssurlaville.org<\/p>\n","protected":false},"excerpt":{"rendered":"Cirque contemporain, chanson populaire, pop \u00e9lectro et spectacle jeune public rythment le week-end culturel \u00e0 Montpellier et sa&hellip;\n","protected":false},"author":2,"featured_media":597033,"comment_status":"","ping_status":"","sticky":false,"template":"","format":"standard","meta":{"footnotes":""},"categories":[9599],"tags":[1111,11,872,1777,674,1011,27,7089,2208,12,2680,25],"class_list":{"0":"post-597032","1":"post","2":"type-post","3":"status-publish","4":"format-standard","5":"has-post-thumbnail","7":"category-montpellier","8":"tag-actu","9":"tag-actualites","10":"tag-culture-et-loisirs","11":"tag-eu","12":"tag-europe","13":"tag-fr","14":"tag-france","15":"tag-herault","16":"tag-montpellier","17":"tag-news","18":"tag-occitanie","19":"tag-republique-francaise"},"share_on_mastodon":{"url":"https:\/\/pubeurope.com\/@fr\/115712825878538511","error":""},"_links":{"self":[{"href":"https:\/\/www.europesays.com\/fr\/wp-json\/wp\/v2\/posts\/597032","targetHints":{"allow":["GET"]}}],"collection":[{"href":"https:\/\/www.europesays.com\/fr\/wp-json\/wp\/v2\/posts"}],"about":[{"href":"https:\/\/www.europesays.com\/fr\/wp-json\/wp\/v2\/types\/post"}],"author":[{"embeddable":true,"href":"https:\/\/www.europesays.com\/fr\/wp-json\/wp\/v2\/users\/2"}],"replies":[{"embeddable":true,"href":"https:\/\/www.europesays.com\/fr\/wp-json\/wp\/v2\/comments?post=597032"}],"version-history":[{"count":0,"href":"https:\/\/www.europesays.com\/fr\/wp-json\/wp\/v2\/posts\/597032\/revisions"}],"wp:featuredmedia":[{"embeddable":true,"href":"https:\/\/www.europesays.com\/fr\/wp-json\/wp\/v2\/media\/597033"}],"wp:attachment":[{"href":"https:\/\/www.europesays.com\/fr\/wp-json\/wp\/v2\/media?parent=597032"}],"wp:term":[{"taxonomy":"category","embeddable":true,"href":"https:\/\/www.europesays.com\/fr\/wp-json\/wp\/v2\/categories?post=597032"},{"taxonomy":"post_tag","embeddable":true,"href":"https:\/\/www.europesays.com\/fr\/wp-json\/wp\/v2\/tags?post=597032"}],"curies":[{"name":"wp","href":"https:\/\/api.w.org\/{rel}","templated":true}]}}