{"id":597034,"date":"2025-12-13T14:52:12","date_gmt":"2025-12-13T14:52:12","guid":{"rendered":"https:\/\/www.europesays.com\/fr\/597034\/"},"modified":"2025-12-13T14:52:12","modified_gmt":"2025-12-13T14:52:12","slug":"petites-cages-mutilations-selection-genetique-pres-de-montpellier-l-214-demande-a-carrefour-de-diviser-par-deux-le-nombre-danimaux-tues","status":"publish","type":"post","link":"https:\/\/www.europesays.com\/fr\/597034\/","title":{"rendered":"\u00ab\u00a0Petites cages, mutilations, s\u00e9lection g\u00e9n\u00e9tique\u2026\u00a0\u00bb\u00a0: pr\u00e8s de Montpellier, L 214 demande \u00e0 Carrefour de diviser par deux le nombre d\u2019animaux tu\u00e9s"},"content":{"rendered":"<p>\n                                                                Les militants de l\u2019association sensibilisaient les passants devant le Carrefour City de Castelnau-le-Lez, pr\u00e8s de Montpellier, ce samedi 13\u00a0d\u00e9cembre.\n                            <\/p>\n<p>Ce samedi 13\u00a0d\u00e9cembre, des militants de L 214 ont men\u00e9 une action devant le magasin Carrefour City de Castelnau-le-Lez. \u00ab\u00a0Nous leur demandons de r\u00e9duire de moiti\u00e9 le nombre d\u2019animaux tu\u00e9s pour fournir l\u2019enseigne\u00a0\u00bb, explique Nicolas Venderhofstadt, au nom de l\u2019association.<\/p>\n<p>\u00ab\u00a0Une enqu\u00eate\u00a0a\u00a0montr\u00e9 que cette enseigne s\u2019approvisionne aupr\u00e8s d\u2019\u00e9levages intensifs disposant du label qualit\u00e9, o\u00f9 les conditions d\u2019\u00e9levage sont pourtant d\u00e9plorables\u00a0\u00bb<\/p>\n<p>\u00ab\u00a0Poulets, cochons, moutons et lapins endurent l\u2019entassement dans des b\u00e2timents ferm\u00e9s ou l\u2019isolement dans de petites cages, des mutilations (coupe des queues, des dents, des becs\u2026), et les cons\u00e9quences d\u2019une s\u00e9lection g\u00e9n\u00e9tique pouss\u00e9e (croissance ultra-rapide, malformations, pathologies, hyperproductivit\u00e9 de lait ou d\u2019\u0153ufs\u2026)\u00a0\u00bb, d\u00e9plore l\u2019association.<\/p>\n<p>\u00ab\u00a0Rien que pour le mois de\u00a0d\u00e9cembre, plus de dix\u00a0millions d\u2019animaux terrestres sont tu\u00e9s pour approvisionner les rayons de Carrefour. Huit Fran\u00e7ais sur dix\u00a0sont contre l\u2019\u00e9levage intensif, mais huit\u00a0animaux sur dix\u00a0proviennent d\u2019\u00e9levages intensifs\u00a0\u00bb, pr\u00e9cise\u00a0Nicolas Venderhofstadt.<\/p>\n<p>\u00ab\u00a0Ce serait notre cadeau de No\u00ebl\u00a0\u00bb<\/p>\n<p>\u00ab\u00a0En 2019, Carrefour s\u2019est dit leader de la transition alimentaire. Or, on constate aujourd\u2019hui que ce n\u2019est toujours pas le cas. Comme cadeau de No\u00ebl, on demande donc \u00e0 la marque de r\u00e9duire de 50\u00a0% le nombre d\u2019animaux tu\u00e9s.\u00a0\u00bb<\/p>\n<p>Les militants invitaient \u00e9galement les passants\u00a0\u00e0 signer une p\u00e9tition et \u00e0 mettre des confettis\u00a0dans les rayons.<\/p>\n<p>L214 demande enfin \u00e0 Carrefour de s\u2019engager \u00e0 suivre les crit\u00e8res du Plant Protein Pact, \u00ab\u00a0pour des raisons \u00e9thiques, mais aussi \u00e9cologiques et de sant\u00e9 publique.\u00a0\u00bb<\/p>\n<p>Le Plant Protein Pact appelle les enseignes de la grande distribution \u00e0 faire \u00e9voluer leurs ventes de produits sources de prot\u00e9ines, en r\u00e9duisant de moiti\u00e9 celles d\u2019origine animale, afin que les prot\u00e9ines v\u00e9g\u00e9tales repr\u00e9sentent au moins 60\u00a0% des ventes totales d\u2019ici 2030.<\/p>\n","protected":false},"excerpt":{"rendered":"Les militants de l\u2019association sensibilisaient les passants devant le Carrefour City de Castelnau-le-Lez, pr\u00e8s de Montpellier, ce samedi&hellip;\n","protected":false},"author":2,"featured_media":597035,"comment_status":"","ping_status":"","sticky":false,"template":"","format":"standard","meta":{"footnotes":""},"categories":[9599],"tags":[1111,11,4733,70976,1777,674,1011,27,7089,2208,12,2680,25,1857],"class_list":{"0":"post-597034","1":"post","2":"type-post","3":"status-publish","4":"format-standard","5":"has-post-thumbnail","7":"category-montpellier","8":"tag-actu","9":"tag-actualites","10":"tag-associations","11":"tag-castelnaulelez","12":"tag-eu","13":"tag-europe","14":"tag-fr","15":"tag-france","16":"tag-herault","17":"tag-montpellier","18":"tag-news","19":"tag-occitanie","20":"tag-republique-francaise","21":"tag-sociu00e9tu00e9"},"share_on_mastodon":{"url":"https:\/\/pubeurope.com\/@fr\/115712828516920469","error":""},"_links":{"self":[{"href":"https:\/\/www.europesays.com\/fr\/wp-json\/wp\/v2\/posts\/597034","targetHints":{"allow":["GET"]}}],"collection":[{"href":"https:\/\/www.europesays.com\/fr\/wp-json\/wp\/v2\/posts"}],"about":[{"href":"https:\/\/www.europesays.com\/fr\/wp-json\/wp\/v2\/types\/post"}],"author":[{"embeddable":true,"href":"https:\/\/www.europesays.com\/fr\/wp-json\/wp\/v2\/users\/2"}],"replies":[{"embeddable":true,"href":"https:\/\/www.europesays.com\/fr\/wp-json\/wp\/v2\/comments?post=597034"}],"version-history":[{"count":0,"href":"https:\/\/www.europesays.com\/fr\/wp-json\/wp\/v2\/posts\/597034\/revisions"}],"wp:featuredmedia":[{"embeddable":true,"href":"https:\/\/www.europesays.com\/fr\/wp-json\/wp\/v2\/media\/597035"}],"wp:attachment":[{"href":"https:\/\/www.europesays.com\/fr\/wp-json\/wp\/v2\/media?parent=597034"}],"wp:term":[{"taxonomy":"category","embeddable":true,"href":"https:\/\/www.europesays.com\/fr\/wp-json\/wp\/v2\/categories?post=597034"},{"taxonomy":"post_tag","embeddable":true,"href":"https:\/\/www.europesays.com\/fr\/wp-json\/wp\/v2\/tags?post=597034"}],"curies":[{"name":"wp","href":"https:\/\/api.w.org\/{rel}","templated":true}]}}