{"id":597038,"date":"2025-12-13T14:55:13","date_gmt":"2025-12-13T14:55:13","guid":{"rendered":"https:\/\/www.europesays.com\/fr\/597038\/"},"modified":"2025-12-13T14:55:13","modified_gmt":"2025-12-13T14:55:13","slug":"le-pont-de-claix-un-sapin-en-deuil-signe-otist","status":"publish","type":"post","link":"https:\/\/www.europesays.com\/fr\/597038\/","title":{"rendered":"Le Pont-de-Claix. Un \u00ab\u00a0sapin en deuil\u00a0\u00bb sign\u00e9 Otist"},"content":{"rendered":"<p>En cette p\u00e9riode o\u00f9 les villes se parent de guirlandes et de lumi\u00e8res, un sapin bien diff\u00e9rent a fait son apparition au Pont-de-Claix. Sur un mur de la rue Beno\u00eet-Jay, l\u2019artiste Otist, en pleine ascension dans le monde du street art, a r\u00e9alis\u00e9 une \u0153uvre qui ne laisse personne indiff\u00e9rent\u00a0: un sapin nu, sombre, orn\u00e9 non pas de boules color\u00e9es mais de grenades et de fils barbel\u00e9s, dress\u00e9 au-dessus d\u2019un tas de gravats o\u00f9 repose un ours en peluche. Un symbole aussi puissant que d\u00e9rangeant.<\/p>\n<p>  Une \u0153uvre d\u00e9di\u00e9e \u00ab\u00a0\u00e0 ceux pour qui No\u00ebl n\u2019aura pas lieu\u00a0\u00bb<\/p>\n<p>Otist explique que cette cr\u00e9ation est un hommage \u00ab\u00a0\u00e0 ceux pour qui No\u00ebl n\u2019aura pas lieu, \u00e0 ces enfants pour qui la magie s\u2019est dissoute dans la violence et la peur. Ce sapin en deuil, c\u2019est le No\u00ebl vol\u00e9 aux enfants des pays en guerre\u00a0\u00bb. \u00c0 travers ce sapin d\u00e9sol\u00e9, l\u2019artiste veut rappeler, sans un mot, les drames qui se jouent ailleurs, l\u00e0 o\u00f9 un arbre de No\u00ebl ne peut \u00eatre dress\u00e9.<\/p>\n<p>Cette \u0153uvre, \u00e0 la fois fragile et brutale, marque une nouvelle \u00e9tape dans le travail de ce pochoiriste, qui s\u2019impose une fois de plus sur la sc\u00e8ne artistique urbaine avec des fresques engag\u00e9es, humaines en lien avec l\u2019actualit\u00e9.<\/p>\n<p>\u00ab\u00a0En proposant ses murs, notre commune ouvre une nouvelle fois un espace de r\u00e9flexion et affirme son attachement \u00e0 la libert\u00e9 d\u2019expression artistique. Nous souhaitons que les artistes puissent faire r\u00e9sonner leurs messages dans l\u2019espace public\u00a0\u00bb, souligne Sam Toscano, premier adjoint.<\/p>\n<p>En passant devant ce mur, difficile de ne pas \u00eatre interpell\u00e9, de ne pas ressentir une \u00e9motion, de ne pas avoir une pens\u00e9e pour tous ceux qui ne peuvent f\u00eater No\u00ebl.<\/p>\n","protected":false},"excerpt":{"rendered":"En cette p\u00e9riode o\u00f9 les villes se parent de guirlandes et de lumi\u00e8res, un sapin bien diff\u00e9rent a&hellip;\n","protected":false},"author":2,"featured_media":597039,"comment_status":"","ping_status":"","sticky":false,"template":"","format":"standard","meta":{"footnotes":""},"categories":[9566],"tags":[1111,11,2430,1687,113,1777,674,1011,27,2731,7000,3294,12,25],"class_list":{"0":"post-597038","1":"post","2":"type-post","3":"status-publish","4":"format-standard","5":"has-post-thumbnail","7":"category-grenoble","8":"tag-actu","9":"tag-actualites","10":"tag-auvergne-rhone-alpes","11":"tag-culture-loisirs","12":"tag-edition-gresivaudan-oisans","13":"tag-eu","14":"tag-europe","15":"tag-fr","16":"tag-france","17":"tag-grenoble","18":"tag-lagglomeration","19":"tag-le-pont-de-claix","20":"tag-news","21":"tag-republique-francaise"},"share_on_mastodon":{"url":"https:\/\/pubeurope.com\/@fr\/115712840463560489","error":""},"_links":{"self":[{"href":"https:\/\/www.europesays.com\/fr\/wp-json\/wp\/v2\/posts\/597038","targetHints":{"allow":["GET"]}}],"collection":[{"href":"https:\/\/www.europesays.com\/fr\/wp-json\/wp\/v2\/posts"}],"about":[{"href":"https:\/\/www.europesays.com\/fr\/wp-json\/wp\/v2\/types\/post"}],"author":[{"embeddable":true,"href":"https:\/\/www.europesays.com\/fr\/wp-json\/wp\/v2\/users\/2"}],"replies":[{"embeddable":true,"href":"https:\/\/www.europesays.com\/fr\/wp-json\/wp\/v2\/comments?post=597038"}],"version-history":[{"count":0,"href":"https:\/\/www.europesays.com\/fr\/wp-json\/wp\/v2\/posts\/597038\/revisions"}],"wp:featuredmedia":[{"embeddable":true,"href":"https:\/\/www.europesays.com\/fr\/wp-json\/wp\/v2\/media\/597039"}],"wp:attachment":[{"href":"https:\/\/www.europesays.com\/fr\/wp-json\/wp\/v2\/media?parent=597038"}],"wp:term":[{"taxonomy":"category","embeddable":true,"href":"https:\/\/www.europesays.com\/fr\/wp-json\/wp\/v2\/categories?post=597038"},{"taxonomy":"post_tag","embeddable":true,"href":"https:\/\/www.europesays.com\/fr\/wp-json\/wp\/v2\/tags?post=597038"}],"curies":[{"name":"wp","href":"https:\/\/api.w.org\/{rel}","templated":true}]}}