{"id":597042,"date":"2025-12-13T14:57:14","date_gmt":"2025-12-13T14:57:14","guid":{"rendered":"https:\/\/www.europesays.com\/fr\/597042\/"},"modified":"2025-12-13T14:57:14","modified_gmt":"2025-12-13T14:57:14","slug":"a-rennes-un-homme-pris-en-charge-apres-setre-lui-meme-blesse-au-couteau-sur-la-dalle-du","status":"publish","type":"post","link":"https:\/\/www.europesays.com\/fr\/597042\/","title":{"rendered":"\u00c0 Rennes, un homme pris en charge apr\u00e8s s\u2019\u00eatre lui-m\u00eame bless\u00e9 au couteau sur la dalle du"},"content":{"rendered":"<p>Les sapeurs-pompiers sont intervenus sur la <a href=\"https:\/\/rennes.maville.com\/actu\/actudet_-enquete.-la-dalle-du-colombier-a-rennes-un-quartier-mal-aime-qui-doit-se-reinventer-_7-6624722_actu.Htm\" target=\"_blank\" rel=\"noopener\">dalle du Colombier, \u00e0 Rennes,<\/a> vendredi 12\u00a0d\u00e9cembre 2025, vers 20\u00a0h\u00a030. Un homme d\u2019une trentaine d\u2019ann\u00e9es \u00e9tait signal\u00e9 bless\u00e9 par arme blanche,\u00a0sur le haut du corps.<\/p>\n<p>Apr\u00e8s examen, il se trouve que cet homme, sans domicile fixe, s\u2019\u00e9tait lui-m\u00eame inflig\u00e9 ces blessures, au niveau du t\u00e9ton.<\/p>\n<p>Transport\u00e9 \u00e0 l\u2019h\u00f4pital<\/p>\n<p>Il a \u00e9t\u00e9 emmen\u00e9 \u00e0 l\u2019h\u00f4pital. Ses jours ne sont pas en danger.<\/p>\n<p>\u00a0<\/p>\n","protected":false},"excerpt":{"rendered":"Les sapeurs-pompiers sont intervenus sur la dalle du Colombier, \u00e0 Rennes, vendredi 12\u00a0d\u00e9cembre 2025, vers 20\u00a0h\u00a030. Un homme&hellip;\n","protected":false},"author":2,"featured_media":597043,"comment_status":"","ping_status":"","sticky":false,"template":"","format":"standard","meta":{"footnotes":""},"categories":[2821],"tags":[1111,11,3916,829,17070,34971,5264,38023,1777,674,1011,27,4933,70977,12,17907,584,25],"class_list":{"0":"post-597042","1":"post","2":"type-post","3":"status-publish","4":"format-standard","5":"has-post-thumbnail","7":"category-rennes","8":"tag-actu","9":"tag-actualites","10":"tag-blesse","11":"tag-bretagne","12":"tag-charge","13":"tag-colombier","14":"tag-couteau","15":"tag-dalle","16":"tag-eu","17":"tag-europe","18":"tag-fr","19":"tag-france","20":"tag-homme","21":"tag-lui-meme","22":"tag-news","23":"tag-pris","24":"tag-rennes","25":"tag-republique-francaise"},"share_on_mastodon":{"url":"https:\/\/pubeurope.com\/@fr\/115712848333680114","error":""},"_links":{"self":[{"href":"https:\/\/www.europesays.com\/fr\/wp-json\/wp\/v2\/posts\/597042","targetHints":{"allow":["GET"]}}],"collection":[{"href":"https:\/\/www.europesays.com\/fr\/wp-json\/wp\/v2\/posts"}],"about":[{"href":"https:\/\/www.europesays.com\/fr\/wp-json\/wp\/v2\/types\/post"}],"author":[{"embeddable":true,"href":"https:\/\/www.europesays.com\/fr\/wp-json\/wp\/v2\/users\/2"}],"replies":[{"embeddable":true,"href":"https:\/\/www.europesays.com\/fr\/wp-json\/wp\/v2\/comments?post=597042"}],"version-history":[{"count":0,"href":"https:\/\/www.europesays.com\/fr\/wp-json\/wp\/v2\/posts\/597042\/revisions"}],"wp:featuredmedia":[{"embeddable":true,"href":"https:\/\/www.europesays.com\/fr\/wp-json\/wp\/v2\/media\/597043"}],"wp:attachment":[{"href":"https:\/\/www.europesays.com\/fr\/wp-json\/wp\/v2\/media?parent=597042"}],"wp:term":[{"taxonomy":"category","embeddable":true,"href":"https:\/\/www.europesays.com\/fr\/wp-json\/wp\/v2\/categories?post=597042"},{"taxonomy":"post_tag","embeddable":true,"href":"https:\/\/www.europesays.com\/fr\/wp-json\/wp\/v2\/tags?post=597042"}],"curies":[{"name":"wp","href":"https:\/\/api.w.org\/{rel}","templated":true}]}}