{"id":597049,"date":"2025-12-13T15:03:15","date_gmt":"2025-12-13T15:03:15","guid":{"rendered":"https:\/\/www.europesays.com\/fr\/597049\/"},"modified":"2025-12-13T15:03:15","modified_gmt":"2025-12-13T15:03:15","slug":"pour-noel-les-editions-gilletta-etoffent-leur-catalogue","status":"publish","type":"post","link":"https:\/\/www.europesays.com\/fr\/597049\/","title":{"rendered":"Pour No\u00ebl, les \u00e9ditions Gilletta \u00e9toffent leur catalogue"},"content":{"rendered":"<p>\t\t\t\t\t\t\tLes plus beaux sommets du Mercantour<\/p>\n<p melodystyle=\"\">En 2025, il a f\u00eat\u00e9 ses 46 ans. Imposant, majestueux, fragile. Bless\u00e9 par les Alex ou Aline, il s\u2019est r\u00e9g\u00e9n\u00e9r\u00e9, avec, pour une fois, l\u2019aide de l\u2019homme, qui tr\u00e8s t\u00f4t a vu dans cet \u00e9crin de montagnes quasi-littorales un potentiel de biodiversit\u00e9 extraordinaire et unique, qui impose quelques r\u00e8gles de politesse envers Dame Nature. Si le balisage de la Vall\u00e9e des Merveilles ou le p\u00e9age de la haute route du sel font perdre un peu de son charme \u00e0 la destination, ce livre propose une foule d\u2019escapades bien document\u00e9es, hors des sentiers battus et rebattus, en toute libert\u00e9 pour peu qu\u2019on respecte les sites, pour d\u00e9couvrir une montagne plurielle, transfrontali\u00e8re, \u00e9tonnante, quel que soit le niveau de grimpette. A chaque sommet son illustration, feuilleter l\u2019ouvrage, c\u2019est d\u00e9j\u00e0 prendre un grand bol d\u2019air frais, c\u2019est red\u00e9couvrir tous ces lacs d\u2019altitude apaisants, c\u2019est aussi comprendre la complexit\u00e9 g\u00e9ologique du Mercantour. Sur certains parcours, une nuit sur site s\u2019impose. Sur d\u2019autres, il faudra, en sus de bons mollets, exploiter quelques comp\u00e9tences en escalade. Un beau livre, magnifiquement illustr\u00e9, \u00e0 d\u00e9guster en amont de l\u2019effort, pour bien choisir son itin\u00e9raire selon son profil, son niveau, ses envies, son mat\u00e9riel. La plupart des parcours sont r\u00e9serv\u00e9s \u00e0 des sportifs aguerris, somme toute un avantage pour qui veut profiter de ce merveilleux Mercantour, aux portes de Nice. Mais bien pr\u00e9par\u00e9, l\u2019amateur pourra aussi s\u2019inviter au spectacle. Ce recueil de propositions l\u2019y guide, dans l\u2019un des derniers territoires maralpins authentique, pr\u00e9serv\u00e9 et prot\u00e9g\u00e9, surplombant nos proches vall\u00e9es. A chacune son chapitre et ses d\u00e9fis, \u00e0 savourer sur la soixantaine d\u2019itin\u00e9raires explor\u00e9s\u2026 A noter que l\u2019\u00e9diteur a choisi des encres v\u00e9g\u00e9tales et du papier issu de for\u00eats durablement g\u00e9r\u00e9es pour fa\u00e7onner son ouvrage. (De Pascal Bersac, Claude Raybaud et Richard Wacongne, aux \u00e9ditions Gilletta, 155p \u00e0 40\u20ac)<\/p>\n<p melodystyle=\"\">\u00a0<\/p>\n<p>Nice, vill\u00e9giature d\u2019hiver<\/p>\n<p melodystyle=\"\">En 2021, Nice changeait de statut : voil\u00e0 la ville inscrite au Patrimoine mondial de l\u2019Unesco, sur son atout Ville de vill\u00e9giature d\u2019hiver de Riviera, remontant ainsi le temps vers son tourisme originel, qui l\u2019a fa\u00e7onn\u00e9e et faite conna\u00eetre bien au-del\u00e0 des fronti\u00e8res europ\u00e9ennes. Sans son attrait hivernal, que serait Nice aujourd\u2019hui, \u00e0 l\u2019heure o\u00f9 les saisons se sont invers\u00e9es, bien avant tout changement climatique ? Une autre ville sans doute. L\u2019ouvrage est une ode aux premiers b\u00e2tisseurs modernes et \u00e0 leurs visions crois\u00e9es, cadr\u00e9s par un Consiglio d\u2019Ornato novateur et pr\u00e9curseur, dont les pr\u00e9ceptes sont encore suivis aujourd\u2019hui, dans la configuration des quartiers ou la v\u00e9g\u00e9talisation urbaine. C\u2019est au XIXe si\u00e8cle que tout s\u2019est jou\u00e9 pour Nissa la Bella, magnifi\u00e9e par des architectes de g\u00e9nie, autant d\u2019esprits flamboyants qui ont laiss\u00e9, partout en ville, leur t\u00e9moignage b\u00e2ti, c\u00f4toyant sans anachronisme d\u00e9rangeant les ruelles pittoresques d\u2019un vieux Nice plus baroque, plus italien. L\u2019ouvrage mitonn\u00e9 par la Mission Nice Patrimoine Mondial, g\u00e9n\u00e9reusement illustr\u00e9 par Olivier Huitel, habile capteur de d\u00e9tails et de lumi\u00e8res, se d\u00e9compose en quartiers, pour inciter \u00e0 la balade. Vieille ville, Prom\u2019, Mont-Boron, Longchamp, Victor Hugo, Carabacel, Cimiez, l\u2019exception architecturale est partout. Styles et \u00e9poques se chevauchent sans s\u2019\u00e9teindre, dans un ordonnancement magique, rythm\u00e9 par des folies qui vont de la cath\u00e9drale russe au Ch\u00e2teau des Anglais. Les photos nous poussent \u00e0 observer les d\u00e9tails en fa\u00e7ade, r\u00e9v\u00e9lateurs, sublimeurs, ces petites touches qui font du b\u00e2timent une exception. Une balustrade, une ogive, une mosa\u00efque, noy\u00e9e dans la douceur du soleil d\u2019hiver\u2026 Car oui, Nice se savoure mieux l\u2019hiver, sous un ciel soutenu et des rayons frisants, dans le contraste des ocres et du bleu. Au fil des pages se d\u00e9couvrent les plus beaux palais, on s\u2019arr\u00eate sur une frise, une statuaire, on contemple l\u2019harmonie d\u2019une fa\u00e7ade selon les angles, le rythme quotidien des rayons du soleil. Une magnifique plong\u00e9e dans une ville incroyablement riche de patrimoines dict\u00e9s par les premiers hivernants, remerci\u00e9s ici pour leurs contributions atypiques. Une belle (re)d\u00e9couverte, pour les locaux comme pour les nouveaux hivernants, entre carnet d\u2019adresses intimes et jeu de piste pour une visite immersive dans un urbanisme ni\u00e7ois aux mille visages (textes Mission Nice Patrimoine Mondial, photos Olivier Huitel, 109 pages, 35\u20ac).<b>\u00a0<\/b><\/p>\n","protected":false},"excerpt":{"rendered":"Les plus beaux sommets du Mercantour En 2025, il a f\u00eat\u00e9 ses 46 ans. Imposant, majestueux, fragile. Bless\u00e9&hellip;\n","protected":false},"author":2,"featured_media":597050,"comment_status":"","ping_status":"","sticky":false,"template":"","format":"standard","meta":{"footnotes":""},"categories":[2819],"tags":[1111,11,1777,674,1011,27,12,2401,882,25],"class_list":{"0":"post-597049","1":"post","2":"type-post","3":"status-publish","4":"format-standard","5":"has-post-thumbnail","7":"category-nice","8":"tag-actu","9":"tag-actualites","10":"tag-eu","11":"tag-europe","12":"tag-fr","13":"tag-france","14":"tag-news","15":"tag-nice","16":"tag-provence-alpes-cote-dazur","17":"tag-republique-francaise"},"share_on_mastodon":{"url":"https:\/\/pubeurope.com\/@fr\/115712872211410800","error":""},"_links":{"self":[{"href":"https:\/\/www.europesays.com\/fr\/wp-json\/wp\/v2\/posts\/597049","targetHints":{"allow":["GET"]}}],"collection":[{"href":"https:\/\/www.europesays.com\/fr\/wp-json\/wp\/v2\/posts"}],"about":[{"href":"https:\/\/www.europesays.com\/fr\/wp-json\/wp\/v2\/types\/post"}],"author":[{"embeddable":true,"href":"https:\/\/www.europesays.com\/fr\/wp-json\/wp\/v2\/users\/2"}],"replies":[{"embeddable":true,"href":"https:\/\/www.europesays.com\/fr\/wp-json\/wp\/v2\/comments?post=597049"}],"version-history":[{"count":0,"href":"https:\/\/www.europesays.com\/fr\/wp-json\/wp\/v2\/posts\/597049\/revisions"}],"wp:featuredmedia":[{"embeddable":true,"href":"https:\/\/www.europesays.com\/fr\/wp-json\/wp\/v2\/media\/597050"}],"wp:attachment":[{"href":"https:\/\/www.europesays.com\/fr\/wp-json\/wp\/v2\/media?parent=597049"}],"wp:term":[{"taxonomy":"category","embeddable":true,"href":"https:\/\/www.europesays.com\/fr\/wp-json\/wp\/v2\/categories?post=597049"},{"taxonomy":"post_tag","embeddable":true,"href":"https:\/\/www.europesays.com\/fr\/wp-json\/wp\/v2\/tags?post=597049"}],"curies":[{"name":"wp","href":"https:\/\/api.w.org\/{rel}","templated":true}]}}