{"id":597051,"date":"2025-12-13T15:04:21","date_gmt":"2025-12-13T15:04:21","guid":{"rendered":"https:\/\/www.europesays.com\/fr\/597051\/"},"modified":"2025-12-13T15:04:21","modified_gmt":"2025-12-13T15:04:21","slug":"voici-les-candidats-investis-dans-ces-communes-autour-de-nice","status":"publish","type":"post","link":"https:\/\/www.europesays.com\/fr\/597051\/","title":{"rendered":"voici les candidats investis dans ces communes autour de Nice"},"content":{"rendered":"<p><strong>Parmi les principales communes des Alpes-Maritimes, le Rassemblement national fonde de solides espoirs notamment \u00e0\u00a0Cagnes-sur-Mer et \u00e0\u00a0Menton. Ailleurs, m\u00eame sans obtenir n\u00e9cessairement l\u2019H\u00f4tel de Ville, les voix pour les futures s\u00e9natoriales et les parrainages pour la pr\u00e9sidentielle compteront beaucoup<\/strong>.<\/p>\n<p>\u00ab\u00a0Nous avons une certitude\u00a0: en mars prochain, le RN maralpin remportera plusieurs mairies. Et nous montrerons que nous essayer, c\u2019est nous adopter. Ce sera l\u2019occasion de prouver nos qualit\u00e9s de gestionnaires\u00a0\u00bb. Voici donc l\u2019ambition de <a href=\"https:\/\/nicepresse.com\/municipales-2026-pres-de-nice-bryan-masson-veut-changer-depoque-a-cagnes-sur-mer-avec-securite-24h-24-parkings-et-festival-geant\/\" data-wpel-link=\"internal\" target=\"_blank\" rel=\"noopener\">Bryan Masson<\/a>, d\u00e9put\u00e9 depuis 2022 et lanc\u00e9 dans la course <a href=\"https:\/\/nicepresse.com\/municipales-2026-securite-stationnement-chantiers-mon-plan-pour-relancer-cagnes-sur-mer-bryan-masson-a-nice-presse-dimanche\/\" data-wpel-link=\"internal\" target=\"_blank\" rel=\"noopener\">vers la mairie de <strong>Cagnes-sur-Mer<\/strong><\/a>. <\/p>\n<p>\u00ab\u00a0Par le pass\u00e9, certains ont dit que nous serions pass\u00e9s \u2018par erreur\u2019. Mais l\u2019an dernier, plusieurs d\u2019entre nous ont \u00e9t\u00e9 r\u00e9\u00e9lus \u00e0\u00a0l\u2019Assembl\u00e9e d\u00e8s le premier tour. Petit \u00e0\u00a0petit, nous remportons tous les lieux de pouvoir dans le d\u00e9partement\u00a0\u00bb.<\/p>\n<p>Pour y\u00a0parvenir, c\u2019est <a href=\"https:\/\/nicepresse.com\/le-plan-dattaque-du-rn-pour-les-municipales-2026-dans-les-alpes-maritimes-alexandra-masson-a-nice-presse\/\" data-wpel-link=\"internal\" target=\"_blank\" rel=\"noopener\">Alexandra Masson<\/a>, la patronne du RN dans le 06 depuis plus d\u2019un an, qui pr\u00e9sentait samedi 13 d\u00e9cembre les quatorze premi\u00e8res t\u00eates de liste choisies pour les municipales de mars prochain. Le suspense est lev\u00e9 dans bien des communes, avec, est-il vant\u00e9, un casting \u00ab\u00a0renouvel\u00e9 et rajeuni\u00a0\u00bb (43 ans de moyenne d\u2019\u00e2ge).<\/p>\n<blockquote class=\"twitter-tweet\">\n<p lang=\"fr\" dir=\"ltr\">\ud83d\udd34 Conseiller r\u00e9gional du RN, <a href=\"https:\/\/twitter.com\/LMerengone?ref_src=twsrc%5Etfw\" target=\"_blank\" rel=\"noopener external noreferrer\" data-wpel-link=\"external\" class=\"wpel-icon-right\">@LMerengone<\/a> annonce dans Nice-Presse Dimanche qu\u2019il a\u00a0\u00e9t\u00e9 appel\u00e9 par \u00c9ric Ciotti pour rejoindre sa liste \u00ab\u00a0Le meilleur est \u00e0\u00a0venir\u00a0\u00bb et devenir l\u2019un de ses adjoints en cas de victoire<a href=\"https:\/\/twitter.com\/hashtag\/Municipales2026?src=hash&amp;ref_src=twsrc%5Etfw\" target=\"_blank\" rel=\"noopener external noreferrer\" data-wpel-link=\"external\" class=\"wpel-icon-right\">#Municipales2026<\/a> <a href=\"https:\/\/twitter.com\/hashtag\/Nice06?src=hash&amp;ref_src=twsrc%5Etfw\" target=\"_blank\" rel=\"noopener external noreferrer\" data-wpel-link=\"external\" class=\"wpel-icon-right\">#Nice06<\/a> <a href=\"https:\/\/twitter.com\/eciotti?ref_src=twsrc%5Etfw\" target=\"_blank\" rel=\"noopener external noreferrer\" data-wpel-link=\"external\" class=\"wpel-icon-right\">@eciotti<\/a> <\/p>\n<p>\u27a1\ufe0f <a href=\"https:\/\/t.co\/amT7g8XHLv\" data-wpel-link=\"external\" target=\"_blank\" rel=\"external noopener noreferrer\" class=\"wpel-icon-right\">https:\/\/t.co\/amT7g8XHLv<\/a> <a href=\"https:\/\/t.co\/j6MOqSfbVg\" data-wpel-link=\"external\" target=\"_blank\" rel=\"external noopener noreferrer\" class=\"wpel-icon-right\">pic.twitter.com\/j6MOqSfbVg<\/a><\/p>\n<p>\u2014 Nice-Presse \u00b7 Top infos (@NicePresse) <a href=\"https:\/\/twitter.com\/NicePresse\/status\/1995063852254232578?ref_src=twsrc%5Etfw\" target=\"_blank\" rel=\"noopener external noreferrer\" data-wpel-link=\"external\" class=\"wpel-icon-right\">November 30,\u00a02025<\/a><\/p><\/blockquote>\n<p>Une union RN-UDR \u00e0\u00a0Nice, pas \u00e0\u00a0Grasse, Antibes et Cannes<\/p>\n<p>\u00c0 <strong>Nice<\/strong>, une situation tr\u00e8s peu abord\u00e9e ce matin, le Rassemblement national se rangera derri\u00e8re l\u2019UDR Eric Ciotti pour tenter de d\u00e9loger Christian Estrosi (Horizons). Pas d\u2019union toutefois \u00e0\u00a0<strong>Grasse, Antibes <\/strong>et <strong>Cannes<\/strong>. Les ciottistes, par amiti\u00e9, soutiendront les maires LR sortants. Le RN fera bien acte de pr\u00e9sence, avec des espoirs relatifs. Sont investis\u00a0: Jean-Paul Camerano (59 ans, conseiller municipal) , Hugo Muriel (25 ans, \u00e9tudiant) et Lucas Mussio (37 ans, fiscaliste).<\/p>\n<p><img loading=\"lazy\" decoding=\"async\" width=\"1120\" height=\"630\" src=\"https:\/\/www.europesays.com\/fr\/wp-content\/uploads\/2025\/12\/IMG_7620-1120x630.jpg\" alt=\"IMG 7620\" class=\"wp-image-262197\" title=\"Municipales 2026. Le RN en mode conqu\u00eate : voici les candidats investis dans ces communes autour de Nice 1\"  \/>\u00a9 Nice-Presse<\/p>\n<p>\u00c0 <strong>Menton<\/strong>, la d\u00e9put\u00e9e Alexandra Masson est donn\u00e9e ultra-favorite, du haut d\u2019un score de 56,55% obtenu dans la seule cit\u00e9 des Citrons au premier tour des derni\u00e8res l\u00e9gislatives. Franck Galbert repart \u00e0\u00a0l\u2019assaut de la place-forte des Tabarot, au <strong>Cannet<\/strong>. \u00c0\u00a0<strong>Saint-Laurent-du-Var<\/strong>, Rafa\u00ebl Quesada a\u00a0lanc\u00e9 sa campagne depuis la rentr\u00e9e.<\/p>\n<p>Plusieurs discussions en cours pour ces quelques villes<\/p>\n<p>Reste un point d\u2019interrogation quant aux incarnations lep\u00e9nistes dans les Paillons, \u00e0\u00a0<strong>La Trinit\u00e9<\/strong>, m\u00eame si des annonces sont \u00e9voqu\u00e9es pour la semaine prochaine. Dans les villages azur\u00e9ens, le RN appuiera par endroits des sortants qui n\u2019ont pas demand\u00e9 d\u2019investiture.<\/p>\n<p>Ceux des communes littorales qui m\u00e8nent une fronde contre la m\u00e9tropole estrosiste ne seront pas bouscul\u00e9s non plus (Christophe Trojani sera appuy\u00e9 \u00e0\u00a0titre personnel par Alexandra Masson \u00e0\u00a0<strong>Villefranche-sur-Mer<\/strong>, et Xavier Beck de <strong>Cap d\u2019Ail <\/strong>a\u00a0pris sa carte chez l\u2019alli\u00e9 UDR). Nulle opposition non plus face au tr\u00e8s droitier S\u00e9bastien Leroy (LR) \u00e0\u00a0<strong>Mandelieu-la-Napoule<\/strong>. <\/p>\n<p><a href=\"https:\/\/www.nice.fr\/noel-a-nice\/\" data-wpel-link=\"external\" target=\"_blank\" rel=\"external noopener noreferrer\"><img loading=\"lazy\" decoding=\"async\" width=\"300\" height=\"300\" src=\"https:\/\/www.europesays.com\/fr\/wp-content\/uploads\/2025\/11\/NoelNice_Coeur-Article-NicePresse-300x300-2.png\" alt=\"\" class=\"wp-image-260426\"\/><\/a><\/p>\n<p>La d\u00e9cision prise \u00e0\u00a0<strong>Vence <\/strong>et \u00e0\u00a0<strong>Beausoleil <\/strong>sera annonc\u00e9e en janvier, a-t-on appris, apr\u00e8s des discussions avec \u00c9ric Ciotti.<\/p>\n<p>Les candidats ont tous sign\u00e9 une charte par laquelle ils s\u2019engagent \u00e0\u00a0suivre le programme national du parti, ainsi que ses trois priorit\u00e9s\u00a0: \u00ab\u00a0fiscalit\u00e9 limit\u00e9e &#8211; lutte contre la corruption dans la gestion locale, r\u00e9tablissement de la s\u00e9curit\u00e9 et solutions contre la crise du logement\u00a0\u00bb.\u00a0<\/p>\n<p>Le scrutin pr\u00e9c\u00e8de d\u2019autres batailles\u00a0: les s\u00e9natoriales fin 2026, dont le sort se trouvera entre les mains des conseillers municipaux \u00e9lus au printemps. Puis l\u2019\u00e9lection pr\u00e9sidentielle 2027, avec ses fameux 500 parrainages requis.<\/p>\n<p>La liste des \u00ab\u00a014 premiers investis\u00a0\u00bb \u00e9voqu\u00e9s ce samedi<\/p>\n<ul class=\"wp-block-list\">\n<li><strong>Antibes\u00a0: <\/strong>Hugo Muriel (25 ans, \u00e9tudiant)<\/li>\n<li><strong>Cannes\u00a0:<\/strong> Lucas Mussio (37 ans, avocat)<\/li>\n<li><strong>Cagnes-sur-Mer\u00a0: <\/strong>Bryan Masson (28 ans, d\u00e9put\u00e9)<\/li>\n<li><strong>Grasse\u00a0: <\/strong>Jean-Paul Camerano (59 ans, conseiller municipal)<\/li>\n<li><strong>Le Cannet\u00a0: <\/strong>Franck Galbert (53 ans, chef d\u2019entreprise)<\/li>\n<li><strong>Menton\u00a0:<\/strong> Alexandra Masson (54 ans, avocate et d\u00e9put\u00e9e)<\/li>\n<li><strong>Saint-Laurent-du-Var\u00a0:<\/strong> Rafa\u00ebl Quessada (26 ans, collaborateur parlementaire)<\/li>\n<li><strong>Mougins\u00a0: <\/strong>Alexandre Lucas (49 ans, commercial)<\/li>\n<li><strong>Roquebrune-Cap-Martin\u00a0: <\/strong>Guillaume Contesse (51 ans, promoteur)<\/li>\n<li><strong>Peymeinade\u00a0:<\/strong> Brigitte Vidal (59 ans, retrait\u00e9e de la fonction publique)<\/li>\n<li><strong>La Colle-sur-Loup\u00a0: <\/strong>William Verges (59 ans, conseiller municipal)<\/li>\n<li><strong>Saint-Andr\u00e9-de-la-Roche\u00a0:<\/strong> K\u00e9vin Beaujean (30 ans, commercial)<\/li>\n<li><strong>Toudon\u00a0:<\/strong> Virginie Escalier (49 ans, conseill\u00e8re r\u00e9gionale)<\/li>\n<li><strong>Cons\u00e9gudes\u00a0:<\/strong> Andra Orabona (25 ans, premier adjoint)<\/li>\n<\/ul>\n<p>\t<script async src=\"https:\/\/platform.twitter.com\/widgets.js\" charset=\"utf-8\"><\/script><\/p>\n","protected":false},"excerpt":{"rendered":"Parmi les principales communes des Alpes-Maritimes, le Rassemblement national fonde de solides espoirs notamment \u00e0\u00a0Cagnes-sur-Mer et \u00e0\u00a0Menton. Ailleurs,&hellip;\n","protected":false},"author":2,"featured_media":597052,"comment_status":"","ping_status":"","sticky":false,"template":"","format":"standard","meta":{"footnotes":""},"categories":[2819],"tags":[1111,11,1777,674,1011,27,12,2401,882,25],"class_list":{"0":"post-597051","1":"post","2":"type-post","3":"status-publish","4":"format-standard","5":"has-post-thumbnail","7":"category-nice","8":"tag-actu","9":"tag-actualites","10":"tag-eu","11":"tag-europe","12":"tag-fr","13":"tag-france","14":"tag-news","15":"tag-nice","16":"tag-provence-alpes-cote-dazur","17":"tag-republique-francaise"},"share_on_mastodon":{"url":"https:\/\/pubeurope.com\/@fr\/115712877908750745","error":""},"_links":{"self":[{"href":"https:\/\/www.europesays.com\/fr\/wp-json\/wp\/v2\/posts\/597051","targetHints":{"allow":["GET"]}}],"collection":[{"href":"https:\/\/www.europesays.com\/fr\/wp-json\/wp\/v2\/posts"}],"about":[{"href":"https:\/\/www.europesays.com\/fr\/wp-json\/wp\/v2\/types\/post"}],"author":[{"embeddable":true,"href":"https:\/\/www.europesays.com\/fr\/wp-json\/wp\/v2\/users\/2"}],"replies":[{"embeddable":true,"href":"https:\/\/www.europesays.com\/fr\/wp-json\/wp\/v2\/comments?post=597051"}],"version-history":[{"count":0,"href":"https:\/\/www.europesays.com\/fr\/wp-json\/wp\/v2\/posts\/597051\/revisions"}],"wp:featuredmedia":[{"embeddable":true,"href":"https:\/\/www.europesays.com\/fr\/wp-json\/wp\/v2\/media\/597052"}],"wp:attachment":[{"href":"https:\/\/www.europesays.com\/fr\/wp-json\/wp\/v2\/media?parent=597051"}],"wp:term":[{"taxonomy":"category","embeddable":true,"href":"https:\/\/www.europesays.com\/fr\/wp-json\/wp\/v2\/categories?post=597051"},{"taxonomy":"post_tag","embeddable":true,"href":"https:\/\/www.europesays.com\/fr\/wp-json\/wp\/v2\/tags?post=597051"}],"curies":[{"name":"wp","href":"https:\/\/api.w.org\/{rel}","templated":true}]}}