{"id":597053,"date":"2025-12-13T15:05:20","date_gmt":"2025-12-13T15:05:20","guid":{"rendered":"https:\/\/www.europesays.com\/fr\/597053\/"},"modified":"2025-12-13T15:05:20","modified_gmt":"2025-12-13T15:05:20","slug":"des-centres-commerciaux-vont-rester-ouverts-le-dimanche","status":"publish","type":"post","link":"https:\/\/www.europesays.com\/fr\/597053\/","title":{"rendered":"des centres commerciaux vont rester ouverts le dimanche"},"content":{"rendered":"<p>                    Par<br \/>\n        <strong><br \/>\n            <a href=\"https:\/\/actu.fr\/auteur\/laure-gentil\" title=\"Consulter tous les articles de Laure Gentil\" target=\"_blank\" rel=\"noopener\">Laure Gentil<\/a><br \/>\n                    <\/strong><\/p>\n<p>        Publi\u00e9 le<\/p>\n<p>            13 d\u00e9c. 2025 \u00e0 14h58        <\/p>\n<p>Les<b> f\u00eates de No\u00ebl <\/b>approchent \u00e0 grands pas et vous n\u2019avez pas encore achet\u00e9 tous vos cadeaux\u2009? Pas de panique, \u00e0 <b>Nantes<\/b>, certains centres commerciaux ont pris la d\u00e9cision de rester ouverts le <b>dimanche\u00a014 et le dimanche 21\u00a0d\u00e9cembre 2025<\/b>. La r\u00e9daction d\u2019actu Nantes\u00a0dresse la liste des galeries ouvertes.<\/p>\n<p>Centre commercial Paridis<\/p>\n<p class=\" wall-content\">Le centre commercial sera ouvert les deux dimanches. Les boutiques de 13h \u00e0 19h, les restaurants et les boulangeries de 12h \u00e0 19h. L\u2019hypermarch\u00e9 E.Leclerc sera lui ferm\u00e9.<\/p>\n<p>Atlantis Le Centre<\/p>\n<p class=\" wall-content\">Dimanche 14\u00a0d\u00e9cembre, les boutiques seront ouvertes, \u00e0 Atlantis, de 12h \u00e0 19h. Ikea aussi gardera ses portes ouvertes de 11 \u00e0 19h. Le <b>E. Leclerc restera ferm\u00e9<\/b>. Aucune annonce n\u2019a pour l\u2019instant \u00e9t\u00e9 faite pour le dimanche 21\u00a0d\u00e9cembre.<\/p>\n<p>Beaulieu<\/p>\n<p class=\" wall-content\">Le centre commercial Beaulieu sera ouvert les deux dimanches de 12h \u00e0 19h. Le Carrefour sera ouvert le matin de 9h \u00e0 12h30 comme \u00e0 son habitude mais a annonc\u00e9 des ouvertures exceptionnelles le mercredi 24\u00a0d\u00e9cembre de 8h30 \u00e0 18h30 et le mercredi 31\u00a0d\u00e9cembre de 8h30 \u00e0 19h30.<\/p>\n<p>Galerie Oc\u00e9ane<\/p>\n<p data-start=\"119\" class=\" wall-content\">Les\u00a0<b data-start=\"123\">magasins ext\u00e9rieurs<\/b>\u00a0de la galerie seront\u00a0ouverts exceptionnellement\u00a0<b>les\u00a0<\/b><b data-start=\"189\">dimanches 14 et 21\u00a0d\u00e9cembre.\u00a0<\/b>Les boutiques seront ouvertes aux horaires suivants\u2009:<\/p>\n<ul class=\" wall-content\">\n<li>Intersport de 13h \u00e0 19h<\/li>\n<li>B&amp;M de 12h \u00e0 19h)<\/li>\n<li>Kiabi de 14h \u00e0 18h<\/li>\n<li>Action de 12h \u00e0 19h<\/li>\n<li>Besson de 14h \u00e0 19h<\/li>\n<li>Maxi Zoo de 12h \u00e0 18h<\/li>\n<\/ul>\n<p>Votre r\u00e9gion, votre actu !<\/p>\n<p>Recevez chaque jour les infos qui comptent pour vous.<\/p>\n<p>\t<a href=\"https:\/\/actu.fr\/newsletter\" class=\"ac-btn ac-btn--corner ac-btn--medium ac-btn--blue800\" target=\"_blank\" rel=\"noopener\">S&rsquo;incrire<\/a><\/p>\n<p data-start=\"278\" class=\" wall-content\">L\u2019<b>hypermarch\u00e9 et l\u2019int\u00e9rieur de la galerie<\/b> resteront ferm\u00e9s ces jours-l\u00e0.<\/p>\n<p class=\" wall-content\">Personnalisez votre actualit\u00e9 en ajoutant vos villes et m\u00e9dias en favori avec <a href=\"https:\/\/moncompte.actu.fr\" title=\"D\u00e9couvez Mon Actu\" rel=\"nofollow noopener\" data-trk=\"{&quot;cta&quot;:{&quot;action&quot;:&quot;https:\\\/\\\/moncompte.actu.fr&quot;,&quot;category&quot;:&quot;mon compte&quot;,&quot;from&quot;:&quot;article footer&quot;,&quot;name&quot;:&quot;Mon actu&quot;,&quot;type&quot;:&quot;cta&quot;}}\" target=\"_blank\">Mon Actu<\/a>.<\/p>\n","protected":false},"excerpt":{"rendered":"Par Laure Gentil Publi\u00e9 le 13 d\u00e9c. 2025 \u00e0 14h58 Les f\u00eates de No\u00ebl approchent \u00e0 grands pas&hellip;\n","protected":false},"author":2,"featured_media":597054,"comment_status":"","ping_status":"","sticky":false,"template":"","format":"standard","meta":{"footnotes":""},"categories":[2818],"tags":[1111,11,677,215,1777,674,1011,27,766,12,15830,2636,25,104],"class_list":{"0":"post-597053","1":"post","2":"type-post","3":"status-publish","4":"format-standard","5":"has-post-thumbnail","7":"category-nantes","8":"tag-actu","9":"tag-actualites","10":"tag-bons-plans","11":"tag-commerce","12":"tag-eu","13":"tag-europe","14":"tag-fr","15":"tag-france","16":"tag-nantes","17":"tag-news","18":"tag-noel","19":"tag-pays-de-la-loire","20":"tag-republique-francaise","21":"tag-societe"},"share_on_mastodon":{"url":"https:\/\/pubeurope.com\/@fr\/115712879812111475","error":""},"_links":{"self":[{"href":"https:\/\/www.europesays.com\/fr\/wp-json\/wp\/v2\/posts\/597053","targetHints":{"allow":["GET"]}}],"collection":[{"href":"https:\/\/www.europesays.com\/fr\/wp-json\/wp\/v2\/posts"}],"about":[{"href":"https:\/\/www.europesays.com\/fr\/wp-json\/wp\/v2\/types\/post"}],"author":[{"embeddable":true,"href":"https:\/\/www.europesays.com\/fr\/wp-json\/wp\/v2\/users\/2"}],"replies":[{"embeddable":true,"href":"https:\/\/www.europesays.com\/fr\/wp-json\/wp\/v2\/comments?post=597053"}],"version-history":[{"count":0,"href":"https:\/\/www.europesays.com\/fr\/wp-json\/wp\/v2\/posts\/597053\/revisions"}],"wp:featuredmedia":[{"embeddable":true,"href":"https:\/\/www.europesays.com\/fr\/wp-json\/wp\/v2\/media\/597054"}],"wp:attachment":[{"href":"https:\/\/www.europesays.com\/fr\/wp-json\/wp\/v2\/media?parent=597053"}],"wp:term":[{"taxonomy":"category","embeddable":true,"href":"https:\/\/www.europesays.com\/fr\/wp-json\/wp\/v2\/categories?post=597053"},{"taxonomy":"post_tag","embeddable":true,"href":"https:\/\/www.europesays.com\/fr\/wp-json\/wp\/v2\/tags?post=597053"}],"curies":[{"name":"wp","href":"https:\/\/api.w.org\/{rel}","templated":true}]}}