{"id":597061,"date":"2025-12-13T15:12:14","date_gmt":"2025-12-13T15:12:14","guid":{"rendered":"https:\/\/www.europesays.com\/fr\/597061\/"},"modified":"2025-12-13T15:12:14","modified_gmt":"2025-12-13T15:12:14","slug":"a-toulouse-la-femme-de-menage-leve-le-voile-sur-un-trafic-de-stupefiants-dans-un-airbnb","status":"publish","type":"post","link":"https:\/\/www.europesays.com\/fr\/597061\/","title":{"rendered":"A Toulouse, la femme de m\u00e9nage l\u00e8ve le voile sur un trafic de stup\u00e9fiants dans un Airbnb"},"content":{"rendered":"<p>                    Par<br \/>\n        <strong><br \/>\n            <a href=\"https:\/\/actu.fr\/auteur\/mareva-laville-actu-fr\" title=\"Consulter tous les articles de Mar\u00e9va Laville\" rel=\"nofollow noopener\" target=\"_blank\">Mar\u00e9va Laville<\/a><br \/>\n                    <\/strong><\/p>\n<p>        Publi\u00e9 le<\/p>\n<p>            13 d\u00e9c. 2025 \u00e0 13h33        <\/p>\n<p>Que les<a href=\"https:\/\/actu.fr\/occitanie\/toulouse_31555\/trafic-de-stupefiants-entre-barcelone-et-toulouse-deux-figures-du-reseau-enfin-arretees_63510069.html\" rel=\"nofollow noopener\" target=\"_blank\"> trafiquants de drogue<\/a> se m\u00e9fient des\u2026 femmes de m\u00e9nage\u2009! Car c\u2019est bien une femme de m\u00e9nage qui a mis le doigt sur un <a href=\"https:\/\/actu.fr\/occitanie\/seysses_31547\/en-prison-on-a-les-mains-liees-face-a-la-drogue-comment-le-trafic-s-impose-a-toulouse-seysses-et-a-muret_63522469.html\" rel=\"nofollow noopener\" target=\"_blank\">trafic de drogue \u00e0 <strong>Toulouse<\/strong><\/a>. Le 12\u00a0octobre dernier, alors qu\u2019elle nettoyait un <strong>appartement lou\u00e9 via Airbnb<\/strong>. Elle \u00ab\u2009d\u00e9couvre une grande quantit\u00e9 de stup\u00e9fiants\u2009\u00bb, raconte une source polici\u00e8re \u00e0 Actu Toulouse.<\/p>\n<p>Un premier homme interpell\u00e9 en octobre<\/p>\n<p class=\" wall-content\">C\u2019est elle qui pr\u00e9vient la police. La <strong>brigade anticriminalit\u00e9<\/strong> (BAC) prend le relais pour une surveillance plus pr\u00e9cise. \u00ab\u2009Elle rep\u00e8re un homme arrivant en scooter. Il entre dans l\u2019appartement. \u00bb<\/p>\n<p class=\" wall-content\">\u00c0 sa sortie, il est interpell\u00e9 par les forces de l\u2019ordre. Bingo\u2009: sur lui, le jeune homme, \u00e2g\u00e9 de 21\u00a0ans, porte de la <strong>drogue<\/strong>, poss\u00e8de une <strong>fausse carte d\u2019identit\u00e9<\/strong> ainsi qu\u2019un <strong>faux permis de conduire.<\/strong><\/p>\n<p>L\u2019appartement servait de nourrice<\/p>\n<p class=\" wall-content\">Il est plac\u00e9 en garde \u00e0 vue. Mais il n\u2019est pas le seul impliqu\u00e9 dans l\u2019affaire. Au cours d\u2019une perquisition, la police constate la pr\u00e9sence de deux armes de poing de 7,65 mm \u00e0 9 mm, des balances, du mat\u00e9riel de conditionnement et de\u00a0<strong>neuf kilos de stup\u00e9fiants.<\/strong><\/p>\n<p class=\" wall-content\">\u00ab\u2009L\u2019Airbnb\u2009\u00bb servait en fait de<strong> nourrice<\/strong> depuis le 1\u1d49\u02b3 ao\u00fbt 2025, pr\u00e9cise le parquet de Toulouse.<\/p>\n<p>Deux hommes \u00e0 la barre du tribunal<\/p>\n<p class=\" wall-content\">L\u2019enqu\u00eate a permis de retracer l\u2019implication d\u2019un second homme, \u00e2g\u00e9 de 23\u00a0ans, dans l\u2019affaire. Les <strong>deux mis en cause<\/strong>\u00a0ont \u00e9t\u00e9 plac\u00e9s en d\u00e9tention provisoire avant leur passage devant le <strong>tribunal correctionnel de Toulouse<\/strong>, le 5\u00a0d\u00e9cembre 2025 dernier.<\/p>\n<p>Votre r\u00e9gion, votre actu !<\/p>\n<p>Recevez chaque jour les infos qui comptent pour vous.<\/p>\n<p>\t<a href=\"https:\/\/actu.fr\/newsletter\" class=\"ac-btn ac-btn--corner ac-btn--medium ac-btn--blue800\" rel=\"nofollow noopener\" target=\"_blank\">S&rsquo;incrire<\/a><\/p>\n<p class=\" wall-content\">Le plus \u00e2g\u00e9 a \u00e9t\u00e9 relax\u00e9 suite au soul\u00e8vement de nullit\u00e9s. Le second \u2013 premier interpell\u00e9 -, a \u00e9cop\u00e9 d\u2019une peine de <strong>deux ans de prison <\/strong>dont<strong> un an avec sursis provisoire.<\/strong> Il devra, durant deux ans, respecter l\u2019obligation de soin, de travail, et l\u2019interdiction d\u2019entrer en contact avec l\u2019autre pr\u00e9venu relax\u00e9. Il doit \u00e9galement r\u00e9gler la somme de 1\u2009500\u00a0euros et aura l\u2019interdiction de porter ou d\u00e9tenir une arme pendant dix ans.<\/p>\n<p class=\" wall-content\">Personnalisez votre actualit\u00e9 en ajoutant vos villes et m\u00e9dias en favori avec <a href=\"https:\/\/moncompte.actu.fr\" title=\"D\u00e9couvez Mon Actu\" rel=\"nofollow noopener\" data-trk=\"{&quot;cta&quot;:{&quot;action&quot;:&quot;https:\\\/\\\/moncompte.actu.fr&quot;,&quot;category&quot;:&quot;mon compte&quot;,&quot;from&quot;:&quot;article footer&quot;,&quot;name&quot;:&quot;Mon actu&quot;,&quot;type&quot;:&quot;cta&quot;}}\" target=\"_blank\">Mon Actu<\/a>.<\/p>\n","protected":false},"excerpt":{"rendered":"Par Mar\u00e9va Laville Publi\u00e9 le 13 d\u00e9c. 2025 \u00e0 13h33 Que les trafiquants de drogue se m\u00e9fient des\u2026&hellip;\n","protected":false},"author":2,"featured_media":447079,"comment_status":"","ping_status":"","sticky":false,"template":"","format":"standard","meta":{"footnotes":""},"categories":[2816],"tags":[1111,11,7345,1777,674,118,1011,27,303,12,2680,1072,25,2312],"class_list":{"0":"post-597061","1":"post","2":"type-post","3":"status-publish","4":"format-standard","5":"has-post-thumbnail","7":"category-toulouse","8":"tag-actu","9":"tag-actualites","10":"tag-airbnb","11":"tag-eu","12":"tag-europe","13":"tag-faits-divers","14":"tag-fr","15":"tag-france","16":"tag-justice","17":"tag-news","18":"tag-occitanie","19":"tag-police","20":"tag-republique-francaise","21":"tag-toulouse"},"share_on_mastodon":{"url":"https:\/\/pubeurope.com\/@fr\/115712907363879097","error":""},"_links":{"self":[{"href":"https:\/\/www.europesays.com\/fr\/wp-json\/wp\/v2\/posts\/597061","targetHints":{"allow":["GET"]}}],"collection":[{"href":"https:\/\/www.europesays.com\/fr\/wp-json\/wp\/v2\/posts"}],"about":[{"href":"https:\/\/www.europesays.com\/fr\/wp-json\/wp\/v2\/types\/post"}],"author":[{"embeddable":true,"href":"https:\/\/www.europesays.com\/fr\/wp-json\/wp\/v2\/users\/2"}],"replies":[{"embeddable":true,"href":"https:\/\/www.europesays.com\/fr\/wp-json\/wp\/v2\/comments?post=597061"}],"version-history":[{"count":0,"href":"https:\/\/www.europesays.com\/fr\/wp-json\/wp\/v2\/posts\/597061\/revisions"}],"wp:featuredmedia":[{"embeddable":true,"href":"https:\/\/www.europesays.com\/fr\/wp-json\/wp\/v2\/media\/447079"}],"wp:attachment":[{"href":"https:\/\/www.europesays.com\/fr\/wp-json\/wp\/v2\/media?parent=597061"}],"wp:term":[{"taxonomy":"category","embeddable":true,"href":"https:\/\/www.europesays.com\/fr\/wp-json\/wp\/v2\/categories?post=597061"},{"taxonomy":"post_tag","embeddable":true,"href":"https:\/\/www.europesays.com\/fr\/wp-json\/wp\/v2\/tags?post=597061"}],"curies":[{"name":"wp","href":"https:\/\/api.w.org\/{rel}","templated":true}]}}