{"id":597068,"date":"2025-12-13T15:18:15","date_gmt":"2025-12-13T15:18:15","guid":{"rendered":"https:\/\/www.europesays.com\/fr\/597068\/"},"modified":"2025-12-13T15:18:15","modified_gmt":"2025-12-13T15:18:15","slug":"au-departement-nora-preziosi-prend-ses-distances","status":"publish","type":"post","link":"https:\/\/www.europesays.com\/fr\/597068\/","title":{"rendered":"au D\u00e9partement, Nora Preziosi prend ses distances"},"content":{"rendered":"<p>Au D\u00e9partement, Nora Preziosi prend ses distances<\/p>\n<p><a href=\"https:\/\/www.laprovence.com\/article\/region\/73428500289639\/a-marseille-nora-preziosi-privee-de-delegation-et-de-badge-dentree-au-departement\" target=\"_blank\" rel=\"noopener\">Nora Preziosi<\/a> a tir\u00e9 les le\u00e7ons de sa candidature en bin\u00f4me aux municipales avec Erwan Davoux, il y a tout juste un mois. La conseill\u00e8re d\u00e9partementale ex-LR, qui se revendique sans \u00e9tiquette, a chang\u00e9 de place au Bateau bleu.<\/p>\n<p>Jusqu&rsquo;ici assise au deuxi\u00e8me rang, au centre de l&rsquo;h\u00e9micycle, elle a chang\u00e9 de place \u00e0 l&rsquo;occasion de la s\u00e9ance pl\u00e9ni\u00e8re de ce vendredi 12\u00a0d\u00e9cembre. Toujours non inscrite, Nora Preziosi (en blanc, photo ci-dessus) s&rsquo;est install\u00e9e au 3e rang sur la partie gauche de l&rsquo;assembl\u00e9e, \u00e0 un si\u00e8ge de Nouriati Djambae. Peut-\u00eatre ont-elles \u00e9chang\u00e9 sur leurs perspectives respectives aux municipales, l&rsquo;\u00e9cologiste s&rsquo;\u00e9tant ralli\u00e9 avec le collectif Va\u00ef et S\u00e9bastien Barles derri\u00e8re la candidature de S\u00e9bastien Delogu (LFI)&#8230;\u00a0<\/p>\n<p>Les agents de la MDS des Flamants (14e) finalement rapatri\u00e9s \u00e0 Arenc (3e)<\/p>\n<p>Apr\u00e8s la mont\u00e9e des tensions sur fond de trafic de drogue autour et dans la Maison de la solidarit\u00e9 (MDS) des Flamants (14e), leurs agents ont obtenu gain de cause. Soutenus par la CGT, ils et elles r\u00e9clamaient le droit d&rsquo;exercer \u00e0 distance, dans un autre lieu. En l&rsquo;occurrence, des locaux du Conseil d\u00e9partemental \u00e0 Arenc, qu&rsquo;ils avaient b&#8230;<\/p>\n","protected":false},"excerpt":{"rendered":"Au D\u00e9partement, Nora Preziosi prend ses distances Nora Preziosi a tir\u00e9 les le\u00e7ons de sa candidature en bin\u00f4me&hellip;\n","protected":false},"author":2,"featured_media":597069,"comment_status":"","ping_status":"","sticky":false,"template":"","format":"standard","meta":{"footnotes":""},"categories":[2814],"tags":[17,1111,11,9968,70978,1777,674,1011,27,884,12,16264,6020,16265,882,16,25,2407],"class_list":{"0":"post-597068","1":"post","2":"type-post","3":"status-publish","4":"format-standard","5":"has-post-thumbnail","7":"category-marseille","8":"tag-17","9":"tag-actu","10":"tag-actualites","11":"tag-departement","12":"tag-distances","13":"tag-eu","14":"tag-europe","15":"tag-fr","16":"tag-france","17":"tag-marseille","18":"tag-news","19":"tag-nora","20":"tag-prend","21":"tag-preziosi","22":"tag-provence-alpes-cote-dazur","23":"tag-region","24":"tag-republique-francaise","25":"tag-ses"},"share_on_mastodon":{"url":"https:\/\/pubeurope.com\/@fr\/115712931001609754","error":""},"_links":{"self":[{"href":"https:\/\/www.europesays.com\/fr\/wp-json\/wp\/v2\/posts\/597068","targetHints":{"allow":["GET"]}}],"collection":[{"href":"https:\/\/www.europesays.com\/fr\/wp-json\/wp\/v2\/posts"}],"about":[{"href":"https:\/\/www.europesays.com\/fr\/wp-json\/wp\/v2\/types\/post"}],"author":[{"embeddable":true,"href":"https:\/\/www.europesays.com\/fr\/wp-json\/wp\/v2\/users\/2"}],"replies":[{"embeddable":true,"href":"https:\/\/www.europesays.com\/fr\/wp-json\/wp\/v2\/comments?post=597068"}],"version-history":[{"count":0,"href":"https:\/\/www.europesays.com\/fr\/wp-json\/wp\/v2\/posts\/597068\/revisions"}],"wp:featuredmedia":[{"embeddable":true,"href":"https:\/\/www.europesays.com\/fr\/wp-json\/wp\/v2\/media\/597069"}],"wp:attachment":[{"href":"https:\/\/www.europesays.com\/fr\/wp-json\/wp\/v2\/media?parent=597068"}],"wp:term":[{"taxonomy":"category","embeddable":true,"href":"https:\/\/www.europesays.com\/fr\/wp-json\/wp\/v2\/categories?post=597068"},{"taxonomy":"post_tag","embeddable":true,"href":"https:\/\/www.europesays.com\/fr\/wp-json\/wp\/v2\/tags?post=597068"}],"curies":[{"name":"wp","href":"https:\/\/api.w.org\/{rel}","templated":true}]}}