{"id":597070,"date":"2025-12-13T15:19:14","date_gmt":"2025-12-13T15:19:14","guid":{"rendered":"https:\/\/www.europesays.com\/fr\/597070\/"},"modified":"2025-12-13T15:19:14","modified_gmt":"2025-12-13T15:19:14","slug":"lyon-une-decision-polemique-concerne-20-000-eleves-de-ces-colleges-la-justice-saisie","status":"publish","type":"post","link":"https:\/\/www.europesays.com\/fr\/597070\/","title":{"rendered":"Lyon. Une d\u00e9cision pol\u00e9mique concerne 20 000 \u00e9l\u00e8ves de ces coll\u00e8ges, la justice saisie"},"content":{"rendered":"<p>                    Par<br \/>\n        <strong><br \/>\n            <a href=\"https:\/\/actu.fr\/auteur\/redaction-lyon\" title=\"Consulter tous les articles de R\u00e9daction Lyon\" target=\"_blank\" rel=\"noopener\">R\u00e9daction Lyon<\/a><br \/>\n                    <\/strong><\/p>\n<p>        Publi\u00e9 le<\/p>\n<p>            13 d\u00e9c. 2025 \u00e0 12h07        <\/p>\n<p>Les organismes de gestion de l\u2019enseignement catholique du Rh\u00f4ne ont d\u00e9pos\u00e9 vendredi 12 d\u00e9cembre <strong>un recours devant la justice administrative<\/strong> pour contester le financement allou\u00e9 aux <strong>coll\u00e8ges priv\u00e9s sous contrat<\/strong> par la m\u00e9tropole de <a href=\"https:\/\/actu.fr\/auvergne-rhone-alpes\/lyon_69123\" target=\"_blank\" rel=\"noopener\">Lyon<\/a> dans son budget \u00e0 venir.<br \/>\u00ab\u00a0Plus de 2 millions d\u2019euros manqueront d\u00e8s 2026 pour assurer l\u2019entretien, la s\u00e9curit\u00e9 et le fonctionnement quotidien des \u00e9tablissements accueillant 20.000 \u00e9l\u00e8ves\u00a0\u00bb, estime l\u2019Uniogec (Union interd\u00e9partementale des organismes de gestion des \u00e9tablissements de l\u2019enseignement catholique) dans un communiqu\u00e9. Une baisse qu\u2019elle juge \u00ab\u00a0contraire au cadre fix\u00e9 par la loi Debr\u00e9 et au principe de parit\u00e9 public\/priv\u00e9\u00a0\u00bb.<\/p>\n<p>20 000 \u00e9l\u00e8ves concern\u00e9s dans le Rh\u00f4ne<\/p>\n<p class=\" wall-content\">L\u2019Uniogec remet en cause le calcul appliqu\u00e9 par la m\u00e9tropole de Lyon pour financer une partie du fonctionnement des coll\u00e8ges priv\u00e9s, qui est le m\u00eame que pour les \u00e9tablissements publics.<\/p>\n<p class=\" wall-content\">\u00ab\u00a0Les dotations des coll\u00e8ges priv\u00e9s sont corr\u00e9l\u00e9es \u00e0 celles des coll\u00e8ges publics\u00a0\u00bb, rappelle de son c\u00f4t\u00e9 le pr\u00e9sident \u00e9cologiste de la m\u00e9tropole <a href=\"https:\/\/actu.fr\/auvergne-rhone-alpes\/lyon_69123\/metropole-de-lyon-2026-bruno-bernard-annonce-sa-candidature-la-bataille-est-lancee_63508807.html\" target=\"_blank\" rel=\"noopener\">Bruno Bernard<\/a>, interrog\u00e9 par l\u2019AFP. La baisse annonc\u00e9e est du m\u00eame ordre de grandeur pour les deux types d\u2019\u00e9tablissements.<\/p>\n<p>La M\u00e9tropole justifie sa d\u00e9cision<\/p>\n<p class=\" wall-content\">La diminution du forfait d\u2019externat par la M\u00e9tropole \u00ab\u00a0a \u00e9t\u00e9 justifi\u00e9e par une reprise des exc\u00e9dents de dotation par les \u00e9tablissements publics locaux d\u2019enseignement, mais sans aucune corr\u00e9lation avec le co\u00fbt moyen par \u00e9l\u00e8ve pr\u00e9vu par l\u2019article L. 442-9 du Code de l\u2019\u00e9ducation\u00a0\u00bb, est-il avanc\u00e9 dans le recours d\u00e9pos\u00e9 devant le tribunal administratif.<\/p>\n<p class=\" wall-content\">De son c\u00f4t\u00e9, la M\u00e9tropole rappelle la forte augmentation du financement du fonctionnement des coll\u00e8ges en 2022-2023 li\u00e9e \u00e0 une anticipation de la hausse des co\u00fbts de l\u2019\u00e9nergie et de l\u2019inflation, des co\u00fbts suppl\u00e9mentaires qui ont \u00e9t\u00e9 finalement moindres. Cela a permis aux \u00e9tablissements \u00ab\u00a0d\u2019augmenter leur tr\u00e9sorerie\u00a0\u00bb, a expliqu\u00e9 M. Bernard vendredi lors d\u2019une pr\u00e9sentation du budget primitif 2026.\u00a0<\/p>\n<p class=\" wall-content\">La m\u00e9tropole a donc pris la d\u00e9cision de r\u00e9duire les dotations de fonctionnement en 2026, dans un contexte de fortes contraintes sur le budget.<\/p>\n<p class=\" wall-content\">Ces dotations restent \u00ab\u00a0beaucoup plus haut(es) qu\u2019en d\u00e9but de mandat\u00a0\u00bb, a soulign\u00e9 M. Bernard en commentant un tableau sur le financement des coll\u00e8ges dans la m\u00e9tropole.<\/p>\n<p>Votre r\u00e9gion, votre actu !<\/p>\n<p>Recevez chaque jour les infos qui comptent pour vous.<\/p>\n<p>\t<a href=\"https:\/\/actu.fr\/newsletter\" class=\"ac-btn ac-btn--corner ac-btn--medium ac-btn--blue800\" target=\"_blank\" rel=\"noopener\">S&rsquo;incrire<\/a><br \/>\n\u00ab\u00a0Absence de discussions\u00a0\u00bb avant le recours en justice<\/p>\n<p class=\" wall-content\">\u00ab\u00a0La logique me semble \u00eatre que le co\u00fbt moyen a \u00e9t\u00e9 beaucoup trop \u00e9lev\u00e9 \u00e0 un moment donn\u00e9\u00a0\u00bb et qu\u2019il est rattrap\u00e9, explique M. Bernard, regrettant l\u2019absence de \u00ab\u00a0discussions\u00a0\u00bb avant le d\u00e9p\u00f4t de ce recours en justice. \u00ab\u00a0Ce n\u2019est pas illogique que la puissance publique, \u00e0 un moment donn\u00e9, vu le contexte budg\u00e9taire, pr\u00e9f\u00e8re reprendre cette ann\u00e9e de l\u2019argent pour continuer \u00e0 financer des r\u00e9novations de coll\u00e8ges\u00a0\u00bb et d\u2019autres actions \u00e9ducatives, argumente-t-il.<\/p>\n<p class=\" wall-content\">Dans un rapport publi\u00e9 mi-novembre, la Fnogec, l\u2019organisme qui chapeaute la gestion de l\u2019enseignement catholique au niveau national, avait estim\u00e9 que \u00ab\u00a0les collectivit\u00e9s locales sous-financent\u00a0\u00bb les \u00e9tablissements priv\u00e9s sous contrat, de \u00ab\u00a0pr\u00e8s de 900 millions d\u2019euros\u00a0\u00bb par\u00a0<\/p>\n<p class=\" wall-content\"><strong>AFP<\/strong><\/p>\n<p class=\" wall-content\">Personnalisez votre actualit\u00e9 en ajoutant vos villes et m\u00e9dias en favori avec <a href=\"https:\/\/moncompte.actu.fr\" title=\"D\u00e9couvez Mon Actu\" rel=\"nofollow noopener\" data-trk=\"{&quot;cta&quot;:{&quot;action&quot;:&quot;https:\\\/\\\/moncompte.actu.fr&quot;,&quot;category&quot;:&quot;mon compte&quot;,&quot;from&quot;:&quot;article footer&quot;,&quot;name&quot;:&quot;Mon actu&quot;,&quot;type&quot;:&quot;cta&quot;}}\" target=\"_blank\">Mon Actu<\/a>.<\/p>\n","protected":false},"excerpt":{"rendered":"Par R\u00e9daction Lyon Publi\u00e9 le 13 d\u00e9c. 2025 \u00e0 12h07 Les organismes de gestion de l\u2019enseignement catholique du&hellip;\n","protected":false},"author":2,"featured_media":597071,"comment_status":"","ping_status":"","sticky":false,"template":"","format":"standard","meta":{"footnotes":""},"categories":[1889],"tags":[1111,11,2430,5921,1057,1777,674,1011,27,2428,12,25,104],"class_list":{"0":"post-597070","1":"post","2":"type-post","3":"status-publish","4":"format-standard","5":"has-post-thumbnail","7":"category-lyon","8":"tag-actu","9":"tag-actualites","10":"tag-auvergne-rhone-alpes","11":"tag-bruno-bernard","12":"tag-education","13":"tag-eu","14":"tag-europe","15":"tag-fr","16":"tag-france","17":"tag-lyon","18":"tag-news","19":"tag-republique-francaise","20":"tag-societe"},"share_on_mastodon":{"url":"https:\/\/pubeurope.com\/@fr\/115712934938196308","error":""},"_links":{"self":[{"href":"https:\/\/www.europesays.com\/fr\/wp-json\/wp\/v2\/posts\/597070","targetHints":{"allow":["GET"]}}],"collection":[{"href":"https:\/\/www.europesays.com\/fr\/wp-json\/wp\/v2\/posts"}],"about":[{"href":"https:\/\/www.europesays.com\/fr\/wp-json\/wp\/v2\/types\/post"}],"author":[{"embeddable":true,"href":"https:\/\/www.europesays.com\/fr\/wp-json\/wp\/v2\/users\/2"}],"replies":[{"embeddable":true,"href":"https:\/\/www.europesays.com\/fr\/wp-json\/wp\/v2\/comments?post=597070"}],"version-history":[{"count":0,"href":"https:\/\/www.europesays.com\/fr\/wp-json\/wp\/v2\/posts\/597070\/revisions"}],"wp:featuredmedia":[{"embeddable":true,"href":"https:\/\/www.europesays.com\/fr\/wp-json\/wp\/v2\/media\/597071"}],"wp:attachment":[{"href":"https:\/\/www.europesays.com\/fr\/wp-json\/wp\/v2\/media?parent=597070"}],"wp:term":[{"taxonomy":"category","embeddable":true,"href":"https:\/\/www.europesays.com\/fr\/wp-json\/wp\/v2\/categories?post=597070"},{"taxonomy":"post_tag","embeddable":true,"href":"https:\/\/www.europesays.com\/fr\/wp-json\/wp\/v2\/tags?post=597070"}],"curies":[{"name":"wp","href":"https:\/\/api.w.org\/{rel}","templated":true}]}}