{"id":597076,"date":"2025-12-13T15:24:19","date_gmt":"2025-12-13T15:24:19","guid":{"rendered":"https:\/\/www.europesays.com\/fr\/597076\/"},"modified":"2025-12-13T15:24:19","modified_gmt":"2025-12-13T15:24:19","slug":"la-prefecture-de-police-de-paris-ouvre-une-enquete","status":"publish","type":"post","link":"https:\/\/www.europesays.com\/fr\/597076\/","title":{"rendered":"la pr\u00e9fecture de police de Paris ouvre une enqu\u00eate"},"content":{"rendered":"<p>                    Par<br \/>\n        <strong><br \/>\n            <a href=\"https:\/\/actu.fr\/auteur\/thomas-martin\" title=\"Consulter tous les articles de Thomas Martin\" target=\"_blank\" rel=\"noopener\">Thomas Martin<\/a><br \/>\n                    <\/strong><\/p>\n<p>        Publi\u00e9 le<\/p>\n<p>            13 d\u00e9c. 2025 \u00e0 15h40        <\/p>\n<p>Un feu d\u2019artifice et des gros probl\u00e8mes en vue. Vendredi 12 d\u00e9cembre, vers 22h le vid\u00e9aste Loris Giuliano a organis\u00e9 un feu d\u2019artifice au <a href=\"https:\/\/actu.fr\/tag\/trocadero\" target=\"_blank\" rel=\"noopener\">Trocad\u00e9ro<\/a> (XVIe arrondissement), face \u00e0 la <a href=\"https:\/\/actu.fr\/tag\/tour-eiffel\" target=\"_blank\" rel=\"noopener\">tour Eiffel<\/a>, pour f\u00eater la sortie de son film \u00e9v\u00e9nement sur le Napoli sur <a href=\"https:\/\/actu.fr\/tag\/youtube\" target=\"_blank\" rel=\"noopener\">Youtube<\/a>. Un \u00e9v\u00e8nement non d\u00e9clar\u00e9 qui a peu fait rire la pr\u00e9fecture de police de Police. Elle annonce \u00e0 actu Paris l\u2019ouverture d\u2019une enqu\u00eate pour mise en danger de la vie d\u2019autrui.\u00a0<\/p>\n<p>\u00ab\u00a0Je suis tellement heureux\u00a0\u00bb<\/p>\n<p class=\" wall-content\">Loris Giuliano, lui, avait le sourire \u00e0 l\u2019issue de cette soir\u00e9e. \u00ab Exceptionnel (\u2026) je suis tellement heureux \u00bb, lan\u00e7ait-il sur une vid\u00e9o tout en exhibant un tee-shirt sur lequel est \u00e9crit \u00ab Napoli Tour \u00bb. \u00ab Vid\u00e9o sp\u00e9ciale, mise en ligne sp\u00e9ciale, je vous aime \u00bb, poursuivait-il.\u00a0<\/p>\n<p class=\" wall-content\">\n<p class=\" wall-content\">Le cr\u00e9ateur de contenus fran\u00e7ais a mis en ligne, ce vendredi \u00e0 19h15 sur YouTube, le documentaire \u00ab Napoli \u00bb, un projet personnel pour ce fils d\u2019immigr\u00e9s italiens qui raconte Naples, son club de foot, mais aussi une histoire familiale.\u00a0<\/p>\n<p class=\" wall-content\">R\u00e9cemment, un autre <a href=\"https:\/\/actu.fr\/ile-de-france\/paris_75056\/video-paris-c-etait-quoi-ce-feu-d-artifice-spectaculaire-tire-cette-nuit-a-deux-pas-de-la-tour-eiffel_63413286.html\" target=\"_blank\" rel=\"noopener\">feu d\u2019artifice spectaculaire<\/a> et \u00ab\u00a0sauvage\u00a0\u00bb avait \u00e9t\u00e9 tir\u00e9 pr\u00e8s de la tour Eiffel. Il s\u2019agissait, d\u00e9but novembre, d\u2019une initiative des membres de la section parisienne Ultras Winners 2005, supporters du club de football marocain du Wydad Athletic Club bas\u00e9 \u00e0 Casablanca, qui voulaient c\u00e9l\u00e9brer en beaut\u00e9 leur anniversaire en organisant un grand spectacle pyrotechnique en bord de Seine entre les 15e et 16 arrondissements de Paris.\u00a0<\/p>\n<p class=\" wall-content\">Personnalisez votre actualit\u00e9 en ajoutant vos villes et m\u00e9dias en favori avec <a href=\"https:\/\/moncompte.actu.fr\" title=\"D\u00e9couvez Mon Actu\" rel=\"nofollow noopener\" data-trk=\"{&quot;cta&quot;:{&quot;action&quot;:&quot;https:\\\/\\\/moncompte.actu.fr&quot;,&quot;category&quot;:&quot;mon compte&quot;,&quot;from&quot;:&quot;article footer&quot;,&quot;name&quot;:&quot;Mon actu&quot;,&quot;type&quot;:&quot;cta&quot;}}\" target=\"_blank\">Mon Actu<\/a>.<\/p>\n","protected":false},"excerpt":{"rendered":"Par Thomas Martin Publi\u00e9 le 13 d\u00e9c. 2025 \u00e0 15h40 Un feu d\u2019artifice et des gros probl\u00e8mes en&hellip;\n","protected":false},"author":2,"featured_media":597077,"comment_status":"","ping_status":"","sticky":false,"template":"","format":"standard","meta":{"footnotes":""},"categories":[1888],"tags":[1111,1928,11,1927,1777,674,1011,27,1757,12,1926,626,1925,1931,25,7184,14133],"class_list":{"0":"post-597076","1":"post","2":"type-post","3":"status-publish","4":"format-standard","5":"has-post-thumbnail","7":"category-paris","8":"tag-actu","9":"tag-actu-paris","10":"tag-actualites","11":"tag-actualites-paris","12":"tag-eu","13":"tag-europe","14":"tag-fr","15":"tag-france","16":"tag-insolite","17":"tag-news","18":"tag-news-paris","19":"tag-paris","20":"tag-paris-news","21":"tag-prefecture-de-police-de-paris","22":"tag-republique-francaise","23":"tag-tour-eiffel","24":"tag-trocadero"},"share_on_mastodon":{"url":"https:\/\/pubeurope.com\/@fr\/115712954490235228","error":""},"_links":{"self":[{"href":"https:\/\/www.europesays.com\/fr\/wp-json\/wp\/v2\/posts\/597076","targetHints":{"allow":["GET"]}}],"collection":[{"href":"https:\/\/www.europesays.com\/fr\/wp-json\/wp\/v2\/posts"}],"about":[{"href":"https:\/\/www.europesays.com\/fr\/wp-json\/wp\/v2\/types\/post"}],"author":[{"embeddable":true,"href":"https:\/\/www.europesays.com\/fr\/wp-json\/wp\/v2\/users\/2"}],"replies":[{"embeddable":true,"href":"https:\/\/www.europesays.com\/fr\/wp-json\/wp\/v2\/comments?post=597076"}],"version-history":[{"count":0,"href":"https:\/\/www.europesays.com\/fr\/wp-json\/wp\/v2\/posts\/597076\/revisions"}],"wp:featuredmedia":[{"embeddable":true,"href":"https:\/\/www.europesays.com\/fr\/wp-json\/wp\/v2\/media\/597077"}],"wp:attachment":[{"href":"https:\/\/www.europesays.com\/fr\/wp-json\/wp\/v2\/media?parent=597076"}],"wp:term":[{"taxonomy":"category","embeddable":true,"href":"https:\/\/www.europesays.com\/fr\/wp-json\/wp\/v2\/categories?post=597076"},{"taxonomy":"post_tag","embeddable":true,"href":"https:\/\/www.europesays.com\/fr\/wp-json\/wp\/v2\/tags?post=597076"}],"curies":[{"name":"wp","href":"https:\/\/api.w.org\/{rel}","templated":true}]}}