{"id":597078,"date":"2025-12-13T15:26:23","date_gmt":"2025-12-13T15:26:23","guid":{"rendered":"https:\/\/www.europesays.com\/fr\/597078\/"},"modified":"2025-12-13T15:26:23","modified_gmt":"2025-12-13T15:26:23","slug":"metz-paris-les-infos-de-la-semaine-football-club-de-metz-infos-fc-metz-entrainements-fc-metz","status":"publish","type":"post","link":"https:\/\/www.europesays.com\/fr\/597078\/","title":{"rendered":"Metz &#8211; Paris, les infos de la semaine | Football Club de Metz &#8211; Infos FC Metz &#8211; Entra\u00eenements FC Metz"},"content":{"rendered":"<p>BILLETTERIE<br \/>\nPensez \u00e0 t\u00e9l\u00e9charger vos e-billets\u00a0!\u00a0<\/p>\n<p style=\"text-align: justify;\">Afin de gagner du temps aux entr\u00e9es du stade, pensez \u00e0 charger votre t\u00e9l\u00e9phone, \u00e0 t\u00e9l\u00e9charger votre e-billet d\u00e8s \u00e0 pr\u00e9sent et \u00e0 r\u00e9gler la luminosit\u00e9 de votre \u00e9cran au maximum au moment du contr\u00f4le\u00a0!\u00a0<\/p>\n<p>E-ticket nominatif\u00a0<\/p>\n<p style=\"text-align: justify;\">Depuis le mois de janvier 2024, votre e-billet devra \u00eatre nominatif. En cons\u00e9quence, chaque supporter devra modifier le nom et le pr\u00e9nom des b\u00e9n\u00e9ficiaires de chacun de ses e-billets avant de pouvoir les t\u00e9l\u00e9charger.\u00a0<\/p>\n<p>NUMERO D&rsquo;URGENCE<\/p>\n<p style=\"text-align: justify;\">Le FC Metz a \u00e9labor\u00e9, en \u00e9troite collaboration avec des repr\u00e9sentants d\u2019associations, un protocole qui a pour objectif de prendre en charge rapidement les victimes, avec bienveillance, et de favoriser une meilleure coordination avec les parties prenantes pour engager des poursuites si elles le souhaitent.<\/p>\n<p style=\"text-align: justify;\">Toute personne victime ou t\u00e9moin de violences sexistes et sexuelles dans l\u2019enceinte messine pourra d\u00e9sormais contacter le\u00a006 45 03 13 06, un num\u00e9ro d\u00e9di\u00e9, accessible les jours de match ainsi que du lundi au vendredi, de 9h00 \u00e0 18h00. Il sera \u00e9galement possible de signaler un incident par e-mail \u00e0 l\u2019adresse suivante :\u00a0<a href=\"https:\/\/www.fcmetz.com\/2025-2026\/actualites\/equipe-pro\/mailto:signalement-vss@fcmetz.com\" target=\"_blank\" rel=\"noopener\">signalement-vss@fcmetz.com<\/a>. Tous les signalements seront trait\u00e9s par une \u00e9quipe form\u00e9e.<\/p>\n<p>ACCES<br \/>\nPlan de circulation modifi\u00e9 autour de Saint-Symphorien<\/p>\n<p style=\"text-align: justify;\">Pour la r\u00e9ception du Paris Saint-Germain le plan de circulation sera modifi\u00e9 autour du Stade Saint-Symphorien, afin de faciliter la circulation aux abords de l\u2019enceinte des Grenats avant la rencontre.<\/p>\n<p style=\"text-align: justify;\">Ainsi, \u00e0 partir de deux heures et demie avant le coup d\u2019envoi du\u00a0match,\u00a0c\u2019est-\u00e0-dire \u00e0 partir de 16h30\u00a0ce samedi\u00a013\u00a0d\u00e9cembre ;<\/p>\n<ul>\n<li style=\"text-align: justify;\">L\u2019acc\u00e8s \u00e0 l\u2019\u00eele Saint-Symphorien sera interdit depuis Metz au niveau du rond-point Kennedy\u00a0: en effet, au rond-point Kennedy, la voie d\u2019acc\u00e8s au pont et au Boulevard Saint-Symphorien sera ferm\u00e9e.<\/li>\n<li style=\"text-align: justify;\">La circulation sur le Boulevard Saint-Symphorien sera en sens unique de Longeville-L\u00e8s-Metz vers Metz, entre l\u2019intersection avec la Rue des Villas et jusqu\u2019au rond-point Kennedy.<\/li>\n<\/ul>\n<p>ARR\u00caT\u00c9 PR\u00c9FECTORAL D&rsquo;ENCADREMENT<\/p>\n<p>\u00c0\u00a0l&rsquo;occasion de cette rencontre, le Pr\u00e9fet de Moselle a publi\u00e9 <strong><a href=\"https:\/\/www.fcmetz.com\/sites\/default\/files\/pdf\/ap_encadrement_et_perimetre_fcm-psg.pdf\" target=\"_blank\" rel=\"noopener\">un arr\u00eat\u00e9 pr\u00e9fectoral d&rsquo;encadrement<\/a><\/strong>.<\/p>\n<p>Ainsi, \u00ab le samedi 13 d\u00e9cembre de 8h00 \u00e0\u00a023h59, il est interdit \u00e0 toute personne se pr\u00e9valant de la qualit\u00e9 de supporter du Paris Saint-Germain, ou se comportant comme tel d&rsquo;acc\u00e9der au Stade Saint-Symphorien, et de circuler ou stationner sur la voie publique \u00e0 l&rsquo;int\u00e9rieur du p\u00e9rim\u00e8tre ainsi d\u00e9fini :<\/p>\n<ul>\n<li>sur\u00a0le\u00a0territoire\u00a0de\u00a0la\u00a0commune\u00a0de\u00a0Metz\u00a0:\u00a0Pont Amos, rue aux Ar\u00e8nes, avenue de l&rsquo;Amphith\u00e9\u00e2tre, passage de Planti\u00e8res, boulevard Maginot, boulevard Paixhans, pont des Grilles, boulevard du Pontiffroy, rue Sainte-Barbe, pont Ebl\u00e9, route de Woippy ;<\/li>\n<li>le long de la voie ferr\u00e9e de Longeville-I\u00e8s-Metz et de Montigny-I\u00e8s-Metz jusqu\u2019\u00e0 la gare de triage du Sablon \u00bb ;<\/li>\n<\/ul>\n<p>Ainsi,\u00a0il est donc interdit de venir au Stade Saint-Symphorien et\u00a0abords imm\u00e9diats avec des signes distinctifs visibles ou non visibles \u00e0 l\u2019effigie du Paris Saint-Germain\u00a0(maillot, \u00e9charpe, surv\u00eatement, casquette\u2026) en Tribunes ou dans les diff\u00e9rents espaces VIP.<\/p>\n<p>\u00ab La seule exception \u00e0 cette interdiction concerne les supporters effectuant le d\u00e9placement en bus et minibus\u00a0organis\u00e9 par le club du Paris Saint-Germain\u00a0escort\u00e9s par les forces de s\u00e9curit\u00e9 int\u00e9rieure. \u00bb<\/p>\n<p>Par ailleurs, nous en profitons \u00e9galement pour signaler que les parapluis non r\u00e9tractables sont interdits. Les consignes du Stade Saint-Symphorien sont \u00e0 disposition si n\u00e9c\u00e9ssaire. N\u00e9anmoins, nous vous remercions de bien vouloir prendre vos dispositions, car les consignes du Stade sont en capacit\u00e9\u00a0limit\u00e9e.<\/p>\n<p>Enfin, toute personne munie de v\u00eatement(s) \/ objet(s) interdits se verra malheureusement refuser l&rsquo;acc\u00e8s \u00e0 l&rsquo;enceinte messine.<\/p>\n<p>Parkings<\/p>\n<p style=\"text-align: justify;\">Si vous venez en voiture, nous vous conseillons de garer votre v\u00e9hicule au Parking R\u00e9publique ou au Parking Maud&rsquo;Huy.<\/p>\n<p>Transport en commun : Le r\u00e9seau Le Met&rsquo; vous conduit au Stade<\/p>\n<p style=\"text-align: justify;\">Ce samedi 13\u00a0d\u00e9cembre,\u00a0\u00e0 l&rsquo;occasion de la r\u00e9ception du Paris Saint-Germaun au Stade Saint-Symphorien, l&rsquo;Eurom\u00e9tropole de Metz et LE MET&rsquo; mettent en place un dispositif sp\u00e9cifique \u00ab\u00a0jour de match\u00a0\u00bb.\u00a0<\/p>\n<p style=\"text-align: justify;\">Ainsi, le billet pour la rencontre FC Metz &#8211; Paris Saint-Germain ou une preuve d&rsquo;abonnement au FC Metz version 2025-2026\u00a0= le titre de transport LE MET&rsquo;.<\/p>\n<p>Accueil SSH<\/p>\n<p style=\"text-align: justify;\">Si vous \u00eates un Supporter en Situation de Handicap, retrouvez toutes les informations pour faciliter votre venue au Stade Saint-Symphorien en consultant le carnet de bord d\u00e9di\u00e9 ci-dessous ! <a href=\"https:\/\/www.fcmetz.com\/sites\/default\/files\/images\/carnet_de_bord_ssh-1.pdf\" target=\"_blank\" rel=\"noopener\"><strong>Cliquez ici pour le consulter.<\/strong><\/a><\/p>\n<p>ANIMATIONS\u00a0<br \/>\nOuverture des portes<\/p>\n<p style=\"text-align: justify;\">Les portes du Stade Saint-Symphorien ouvriront \u00e0 17h00.\u00a0<\/p>\n<p style=\"text-align: justify;\">Nous vous conseillons d\u2019anticiper un maximum votre venue pour ne rien manquer de la rencontre.\u00a0<\/p>\n<p style=\"text-align: justify;\">Le coup d\u2019envoi de la rencontre FC Metz \u2013 Paris Saint-Germain sera donn\u00e9 \u00e0 19h00.\u00a0<\/p>\n<p>Rendez-vous en Fan zone \u00a0!\u00a0<\/p>\n<p style=\"text-align: justify;\">Ce samedi 13 d\u00e9cembre,\u00a0rendez-vous est une nouvelle fois donn\u00e9\u00a0en Fan Zone en avant-match\u00a0! Ouvert\u00a0\u00e0 tout d\u00e9tenteur d&rsquo;un billet de match, cet espace, situ\u00e9 derri\u00e8re la Tribune Ouest du Stade Saint-Symphorien\u00a0vous accueillera\u00a0\u00e0 partir de 16h30\u00a0et vous proposera diverses animations de No\u00ebl pour tous les \u00e2ges.<\/p>\n<p style=\"text-align: justify;\">L&rsquo;occasion, pour petits (et grands) de d\u00e9poser dans\u00a0la bo\u00eete aux lettres du P\u00e8re No\u00ebl\u00a0leurs souhaits pour les f\u00eates de fin d&rsquo;ann\u00e9e.\u00a0<\/p>\n<p style=\"text-align: justify;\">Une collecte de jouets et de peluches (au profit du Secours Populaire de Hayange,\u00a0au Centre D\u00e9partemental de l&rsquo;Enfance)\u00a0sera \u00e9galement organis\u00e9e par\u00a0la Horda Fr\u00e9n\u00e9tik et le FC Metz.\u00a0De 17h00 \u00e0 18h45, vous pourrez d\u00e9poser vos jouets\u00a0en Fan Zone, ou au point de collecte situ\u00e9\u00a0devant la tribune Est. Nous comptons sur vous !\u00a0<\/p>\n<p>Une visite en Boutique ?\u00a0<\/p>\n<p style=\"text-align: justify;\">Que ce soit en amont de la rencontre, ou apr\u00e8s le coup de sifflet final, la Boutique Officielle du FC Metz est heureuse de vous accueillir pour vous faire d\u00e9couvrir un large choix de produits ?\u00a0<\/p>\n<p style=\"text-align: justify;\">Ce samedi, laissez-vous tenter par les nouveau maillots de la saison 2025-2026, la gamme Training ou encore les tenues de sortie !\u00a0<\/p>\n<p style=\"text-align: justify;\"><strong>Ce samedi, la Boutique vous accueille de 10h00 \u00e0 12h00, 13h30 \u00e0 19h00\u00a0et de 20h45\u00a0\u00e0 22h30\u00a0!<\/strong><\/p>\n<p>La Gazette de Saint-Symph&rsquo; nouvelle version !<\/p>\n<p style=\"text-align: justify;\">Pour la r\u00e9ception du Paris Saint-Germain,\u00a0<strong><a href=\"http:\/\/qrco.de\/beHXHU\" target=\"_blank\" rel=\"noopener\">la Gazette se fera uniquement sous format num\u00e9rique.<\/a><\/strong><\/p>\n<p>BUVETTES<br \/>\nPoints de restauration : Profitez des buvettes du Stade<\/p>\n<p style=\"text-align: justify;\">Envie d&rsquo;une pause boisson ou de vous restaurer ? Les buvettes du Stade Saint-Symphorien vous accueillent ce dimanche !<\/p>\n<p style=\"text-align: justify;\">Profitez d&rsquo;une offre de restauration vari\u00e9e pour la saison 2025-2026\u00a0! Outre les traditionnels buvettes \u00ab Kebab \u00bb, \u00ab Grill \u00bb, \u00ab Hot-Dog \u00bb, ou la r\u00e9gionale \u00ab Lorraine \u00bb, retrouvez d\u00e9sormais les buvettes \u00ab Italienne \u00bb. Pr\u00e9sents en Tribunes Sud Haute, Nord Haute ainsi qu\u2019en Tribune Sud M\u00e9diane (Club Prestige) avec une offre partielle, ces points de vente proposeront des p\u00e2tes, de g\u00e9n\u00e9reuses parts de pizzas et de la bi\u00e8re italienne Moretti.<\/p>\n<p>Fin des consignes<\/p>\n<p style=\"text-align: justify;\">Afin d\u2019\u00e9viter la surproduction d\u2019\u00e9cocups, fini les verres consign\u00e9s\u00a0!\u00a0Dans le cadre d\u2019une d\u00e9marche \u00e9co-responsable,\u00a0d\u00e8s la reprise du championnat, vos verres ne pourront plus \u00eatre rembours\u00e9s et leur prix, 1\u20ac, sera int\u00e9gr\u00e9 au tarif global de votre boisson.<\/p>\n<p style=\"text-align: justify;\">Afin de favoriser le r\u00e9emploi des \u00e9cocups\u00a0et de poursuivre la d\u00e9marche de d\u00e9veloppement durable\u00a0dans l\u2019enceinte du Stade Saint-Symphorien, une dizaine de bacs seront \u00e9galement install\u00e9s aux diff\u00e9rentes sorties du stade o\u00f9 vous pourrez les d\u00e9poser en fin de match.<\/p>\n","protected":false},"excerpt":{"rendered":"BILLETTERIE Pensez \u00e0 t\u00e9l\u00e9charger vos e-billets\u00a0!\u00a0 Afin de gagner du temps aux entr\u00e9es du stade, pensez \u00e0 charger&hellip;\n","protected":false},"author":2,"featured_media":597079,"comment_status":"","ping_status":"","sticky":false,"template":"","format":"standard","meta":{"footnotes":""},"categories":[1888],"tags":[1111,1928,11,1927,19298,1777,674,1011,27,19297,12,1926,626,1925,25,19299],"class_list":{"0":"post-597078","1":"post","2":"type-post","3":"status-publish","4":"format-standard","5":"has-post-thumbnail","7":"category-paris","8":"tag-actu","9":"tag-actu-paris","10":"tag-actualites","11":"tag-actualites-paris","12":"tag-entrainements-fc-metz","13":"tag-eu","14":"tag-europe","15":"tag-fr","16":"tag-france","17":"tag-infos-fc-metz","18":"tag-news","19":"tag-news-paris","20":"tag-paris","21":"tag-paris-news","22":"tag-republique-francaise","23":"tag-videos-fc-metz"},"share_on_mastodon":{"url":"https:\/\/pubeurope.com\/@fr\/115712962409269550","error":""},"_links":{"self":[{"href":"https:\/\/www.europesays.com\/fr\/wp-json\/wp\/v2\/posts\/597078","targetHints":{"allow":["GET"]}}],"collection":[{"href":"https:\/\/www.europesays.com\/fr\/wp-json\/wp\/v2\/posts"}],"about":[{"href":"https:\/\/www.europesays.com\/fr\/wp-json\/wp\/v2\/types\/post"}],"author":[{"embeddable":true,"href":"https:\/\/www.europesays.com\/fr\/wp-json\/wp\/v2\/users\/2"}],"replies":[{"embeddable":true,"href":"https:\/\/www.europesays.com\/fr\/wp-json\/wp\/v2\/comments?post=597078"}],"version-history":[{"count":0,"href":"https:\/\/www.europesays.com\/fr\/wp-json\/wp\/v2\/posts\/597078\/revisions"}],"wp:featuredmedia":[{"embeddable":true,"href":"https:\/\/www.europesays.com\/fr\/wp-json\/wp\/v2\/media\/597079"}],"wp:attachment":[{"href":"https:\/\/www.europesays.com\/fr\/wp-json\/wp\/v2\/media?parent=597078"}],"wp:term":[{"taxonomy":"category","embeddable":true,"href":"https:\/\/www.europesays.com\/fr\/wp-json\/wp\/v2\/categories?post=597078"},{"taxonomy":"post_tag","embeddable":true,"href":"https:\/\/www.europesays.com\/fr\/wp-json\/wp\/v2\/tags?post=597078"}],"curies":[{"name":"wp","href":"https:\/\/api.w.org\/{rel}","templated":true}]}}