{"id":597080,"date":"2025-12-13T15:27:14","date_gmt":"2025-12-13T15:27:14","guid":{"rendered":"https:\/\/www.europesays.com\/fr\/597080\/"},"modified":"2025-12-13T15:27:14","modified_gmt":"2025-12-13T15:27:14","slug":"quinte-du-dimanche-14-decembre-2025-a-vincennes-les-pronostics","status":"publish","type":"post","link":"https:\/\/www.europesays.com\/fr\/597080\/","title":{"rendered":"Quint\u00e9 du dimanche 14 d\u00e9cembre 2025 \u00e0 Vincennes : les pronostics"},"content":{"rendered":"<p class=\"article-p mdl\">Retrouvez les pronostics de Dominique Cordier pour le Quint\u00e9 du dimanche 14 d\u00e9cembre 2025 \u00e0 Vincennes, le Prix de Briare. <strong>D\u00e9part \u00e0 15h15. 15 partants (le 1 Icare d\u2019Acadie est non partant). <\/strong>Trot attel\u00e9. Course europ\u00e9enne. 2.700 m\u00e8tres. Grande piste. Trotteurs de 6 \u00e0 10 ans.&#13;<\/p>\n<p class=\"article-p mdl\">3e de la course r\u00e9f\u00e9rence disput\u00e9e le 30 novembre sur 2850 m\u00e8tres, le <strong>9 Chitchat<\/strong>, notre favori, se classait alors \u00e0 la hanche du <strong>16 Jolivert du Gers<\/strong>, et devant le <strong>15 Mateo di Quattro<\/strong> (4e) et le <strong>13 Jibi du Fruitier<\/strong> (9\u00e9).&#13;<\/p>\n<p class=\"article-p mdl\">Cette ligne semblant solide, il conviendra a priori de la suivre en confiance.&#13;<\/p>\n<p class=\"article-p mdl\">Manquant de gourmandise, puisqu\u2019il n\u2019a plus brill\u00e9 depuis novembre 2023 \u00e0 Nantes, le r\u00e9gulier<strong> Jibi du Fruitier<\/strong> sera ici l\u2019outsider de RTL, ses fins de courses tranchantes l\u2019autorisant \u00e0 jouer le podium.&#13;<\/p>\n<p class=\"article-p mdl\">Le <strong>11 Jizou d\u2019Etang <\/strong>est manifestement en retard de gains. Sa forme actuelle sera son meilleur atout.&#13;<\/p>\n<p class=\"article-p mdl\">Gare \u00e0 <strong>3 Vallatonian<\/strong>, qui vient de faire une rentr\u00e9e de tout beaut\u00e9 (2e) sur les 2.10 m\u00e8tres de la grande piste.<\/p>\n<p>            Les pronostics<\/p>\n<p class=\"article-p mdl\">9. Chitchat&#13;<br \/>11. Jizou d\u2019Etang&#13;<br \/>16. Jolivert du Gers&#13;<br \/>15. Mateo di Quattro&#13;<br \/>3. Vallatonian&#13;<br \/>13. Jibi du Fruitier&#13;<br \/>14. Freedom<\/p>\n<p>            L&rsquo;outsider de RTL<\/p>\n<p class=\"article-p mdl\">13. Jibi du Fruitier<\/p>\n<p>    R\u00e9sultats du vendredi 12 d\u00e9cembre 2025 en nocturne \u00e0 Vincennes<\/p>\n<p class=\"article-p mdl\">Le favori de RTL termine 7e, l\u2019outsider de RTL 4e.<\/p>\n<p>    La r\u00e9daction vous recommande<\/p>\n<p class=\"s-newsletter__title\">\n                L\u2019actualit\u00e9 par la r\u00e9daction de RTL dans votre bo\u00eete mail.\n            <\/p>\n<p class=\"s-newsletter__subtitle\">\n                Gr\u00e2ce \u00e0 votre compte RTL abonnez-vous \u00e0 la newsletter RTL info pour suivre toute l&rsquo;actualit\u00e9 au quotidien\n            <\/p>\n<p>\n                                    Lire la suite\n                                <\/p>\n","protected":false},"excerpt":{"rendered":"Retrouvez les pronostics de Dominique Cordier pour le Quint\u00e9 du dimanche 14 d\u00e9cembre 2025 \u00e0 Vincennes, le Prix&hellip;\n","protected":false},"author":2,"featured_media":3836,"comment_status":"","ping_status":"","sticky":false,"template":"","format":"standard","meta":{"footnotes":""},"categories":[1888],"tags":[11,2621,2622,1777,674,107,2619,1011,27,12,626,2623,362,25],"class_list":{"0":"post-597080","1":"post","2":"type-post","3":"status-publish","4":"format-standard","5":"has-post-thumbnail","7":"category-paris","8":"tag-actualites","9":"tag-chevaux","10":"tag-courses","11":"tag-eu","12":"tag-europe","13":"tag-fil-info","14":"tag-fil-sport","15":"tag-fr","16":"tag-france","17":"tag-news","18":"tag-paris","19":"tag-quinte","20":"tag-replay","21":"tag-republique-francaise"},"share_on_mastodon":{"url":"https:\/\/pubeurope.com\/@fr\/115712966410830610","error":""},"_links":{"self":[{"href":"https:\/\/www.europesays.com\/fr\/wp-json\/wp\/v2\/posts\/597080","targetHints":{"allow":["GET"]}}],"collection":[{"href":"https:\/\/www.europesays.com\/fr\/wp-json\/wp\/v2\/posts"}],"about":[{"href":"https:\/\/www.europesays.com\/fr\/wp-json\/wp\/v2\/types\/post"}],"author":[{"embeddable":true,"href":"https:\/\/www.europesays.com\/fr\/wp-json\/wp\/v2\/users\/2"}],"replies":[{"embeddable":true,"href":"https:\/\/www.europesays.com\/fr\/wp-json\/wp\/v2\/comments?post=597080"}],"version-history":[{"count":0,"href":"https:\/\/www.europesays.com\/fr\/wp-json\/wp\/v2\/posts\/597080\/revisions"}],"wp:featuredmedia":[{"embeddable":true,"href":"https:\/\/www.europesays.com\/fr\/wp-json\/wp\/v2\/media\/3836"}],"wp:attachment":[{"href":"https:\/\/www.europesays.com\/fr\/wp-json\/wp\/v2\/media?parent=597080"}],"wp:term":[{"taxonomy":"category","embeddable":true,"href":"https:\/\/www.europesays.com\/fr\/wp-json\/wp\/v2\/categories?post=597080"},{"taxonomy":"post_tag","embeddable":true,"href":"https:\/\/www.europesays.com\/fr\/wp-json\/wp\/v2\/tags?post=597080"}],"curies":[{"name":"wp","href":"https:\/\/api.w.org\/{rel}","templated":true}]}}