{"id":597081,"date":"2025-12-13T15:28:17","date_gmt":"2025-12-13T15:28:17","guid":{"rendered":"https:\/\/www.europesays.com\/fr\/597081\/"},"modified":"2025-12-13T15:28:17","modified_gmt":"2025-12-13T15:28:17","slug":"perseverons-et-accelerons-avec-realisme-et-pragmatisme-par-valerie-combes-santonja-directrice-de-limpact-du-groupe-bpce","status":"publish","type":"post","link":"https:\/\/www.europesays.com\/fr\/597081\/","title":{"rendered":"pers\u00e9v\u00e9rons et acc\u00e9l\u00e9rons avec r\u00e9alisme et pragmatisme \u00bb, par Val\u00e9rie Combes-Santonja, directrice de l\u2019Impact du Groupe BPCE"},"content":{"rendered":"<p>Ce n\u2019est pas le chemin dont r\u00eavaient les signataires : en 10 ans l\u2019Accord de Paris a \u00e9t\u00e9 malmen\u00e9, notamment par les al\u00e9as politiques et g\u00e9opolitiques. Moment de v\u00e9rit\u00e9 ? Objectifs inatteignables ?\u00a0 Les sentences d\u00e9faitistes ne manquent pas \u00e0 l\u2019occasion de<a href=\"https:\/\/www.latribune.fr\/article\/idees\/33299338720222\/opinion-10-ans-apres-l-accord-de-paris-les-acteurs-financiers-francais-ont-leve-le-pied-sur-le-climat\" target=\"_blank\" rel=\"noopener\"> l\u2019anniversaire des 10 ans<\/a> de la signature et dans un contexte de plus en plus marqu\u00e9 par les incertitudes et par une certaine inconstance dans la coop\u00e9ration internationale.\u00a0<\/p>\n<p>Heureusement, des voix plus mesur\u00e9es se font entendre. Parce que si l\u2019on ne peut qu\u2019\u00eatre d\u00e9\u00e7u de la trajectoire d\u2019\u00e9missions de gaz \u00e0 effet de serre qui ne nous permettra pas de contenir le r\u00e9chauffement climatique\u00a0en dessous des ambitions esp\u00e9r\u00e9es, on ne doit pas regretter la m\u00e9thode.\u00a0Pourquoi disons-nous cela ? Parce que<a href=\"https:\/\/www.latribune.fr\/climat\/accord-de-paris-bloomberg-sort-encore-le-chequier-pour-compenser-le-retrait-des-etats-unis-1016559.html\" target=\"_blank\" rel=\"noopener\"> l\u2019Accord de Paris<\/a><a href=\"https:\/\/www.latribune.fr\/article\/idees\/33299338720222\/opinion-10-ans-apres-l-accord-de-paris-les-acteurs-financiers-francais-ont-leve-le-pied-sur-le-climat\" target=\"_blank\" rel=\"noopener\"> a donn\u00e9 le jour \u00e0 une m\u00e9thode, jusqu\u2019alors in\u00e9dite.\u00a0<\/p>\n<p>Premi\u00e8rement, il a enfin ouvert les esprits aux propos des scientifiques. Certes, cela n\u2019a pas toujours \u00e9t\u00e9 simple et cela reste fragile, mais c\u2019est un fait incontestable\u00a0: les scientifiques, notamment ceux du <a href=\"https:\/\/www.latribune.fr\/climat\/energie-environnement\/le-giec-de-la-biodiversite-nous-incite-a-s-attaquer-a-d-autres-enjeux-1014210.html\" target=\"_blank\" rel=\"noopener\">GIEC<\/a>, doivent avoir une part de voix et de cr\u00e9dibilit\u00e9 enfin \u00e0 la hauteur de leur savoir pour pr\u00e9server un socle commun de connaissances v\u00e9rifi\u00e9es, comme l\u2019a \u00e9galement rappel\u00e9 la COP 30 qui s\u2019est d\u00e9roul\u00e9e en novembre dernier \u00e0 Bel\u00e9m.<\/p>\n<p>Deuxi\u00e8mement, il a cr\u00e9\u00e9 une impulsion in\u00e9dite\u00a0: celle d\u2019une mobilisation mondiale r\u00e9unissant la volont\u00e9 de 195 pays \u00e0 lutter contre le r\u00e9chauffement climatique.\u00a0<\/p>\n<p>Troisi\u00e8mement, il a pos\u00e9 les bases d\u2019une approche globale r\u00e9sultant de strat\u00e9gies locales\u00a0: chaque pays \u00e9tant amen\u00e9 \u00e0 r\u00e9fl\u00e9chir puis \u00e0 agir au plus pr\u00e8s de ses besoins et capacit\u00e9s.\u00a0<\/p>\n<p>C\u2019est sans doute sur ce dernier point, que les r\u00e9sultats sont les plus discutables. L\u2019Accord de Paris n\u2019en reste pas moins riche d\u2019enseignements. Il a en effet pos\u00e9 les fondations indispensables aux transformations majeures\u00a0: celles qui consistent \u00e0 agir en conscience des <a href=\"https:\/\/www.latribune.fr\/innovation\/innovation-technologique\/2024-07-18\/changement-climatique-et-risques-meteorologiques-l-ign-et-predict-services-travaillent-sur-le-jumeau-numerique-1002586.html\" target=\"_blank\" rel=\"noopener\">donn\u00e9es scientifiques<\/a>, \u00e0 agir en nombre gr\u00e2ce \u00e0 la mobilisation collective et \u00e0 agir au plus pr\u00e8s des r\u00e9alit\u00e9s locales.\u00a0<\/p>\n<p>Pour aller plus loin et obtenir de meilleurs r\u00e9sultats, il faut selon nous, prendre appui sur ces trois fondamentaux, en d\u00e9multipliant leurs effets par davantage de pragmatisme et de r\u00e9alisme. Nous devons inlassablement \u00e9couter les scientifiques, afin de sensibiliser les citoyens, mobiliser les entreprises et les dirigeants \u00e0 partir de leurs donn\u00e9es ou avanc\u00e9es et <a href=\"https:\/\/www.latribune.fr\/la-tribune-dimanche\/planete\/agnes-pannier-runacher-s-adapter-ce-n-est-pas-renoncer-1012672.html\" target=\"_blank\" rel=\"noopener\">agir <\/a>en fonction de celles-ci.\u00a0<\/p>\n<p>Nous devons bien s\u00fbr, acc\u00e9l\u00e9rer sur l\u2019action collective. C\u2019est une \u00e9vidence mais qu\u2019il faut sans cesse rappeler\u00a0: l\u2019enjeu environnemental est mondial, mais aussi social. La mobilisation se doit d\u2019\u00eatre au service de tous. Pour ce faire, il faut que tous les acteurs soient pragmatiquement accompagn\u00e9s\u00a0: donner les moyens aux pays d\u2019agir, c\u2019est aussi donner les moyens \u00e0 leurs entreprises, \u00e0 leurs citoyens et \u00e0 leurs \u00e9lus d\u2019agir.\u00a0<\/p>\n<p>\u00c0 titre d\u2019exemples, syst\u00e9matiser<a href=\"https:\/\/www.latribune.fr\/economie\/france\/le-cned-veut-former-les-francais-aux-enjeux-climatiques-avec-une-premiere-formation-certifiante-965082.html\" target=\"_blank\" rel=\"noopener\"> l\u2019\u00e9ducation climatique<\/a>, financer l\u2019impact positif par des dispositifs ing\u00e9nieux, proposer des solutions globales d\u2019accompagnement, inciter \u00e0 l\u2019action par des mesures fiscales appropri\u00e9es, cr\u00e9er des alliances entre acteurs locaux\u2026 sont autant d\u2019avanc\u00e9es qui peuvent produire de grands effets.\u00a0<\/p>\n<p>Enfin, pour acc\u00e9l\u00e9rer, il faut que chaque acteur national et local puisse \u00eatre incit\u00e9 \u00e0 agir avec r\u00e9alisme\u00a0: on ne peut demander \u00e0 personne de passer du monde tel qu\u2019il est au monde tel qu\u2019il devrait \u00eatre en un claquement de doigts. Pour agir efficacement, il faut tenir compte \u00e0 la fois, des limites plan\u00e9taires et des besoins soci\u00e9taux. \u00c0 titre d\u2019exemple, l\u2019accompagnement des entreprises gagnerait \u00e0 tenir davantage compte de leurs r\u00e9alit\u00e9s op\u00e9rationnelles.\u00a0<\/p>\n<p>Nous sommes convaincus de la pertinence et de l\u2019efficacit\u00e9 des fondamentaux n\u00e9s de l\u2019Accord de Paris\u00a0: agir en conscience, agir en nombre et agir au plus pr\u00e8s des besoins locaux nous para\u00eet \u00eatre les bonnes pratiques pour faire grandir l\u2019impact positif.\u00a0En tant que banquiers coop\u00e9ratifs, nous les mettons en pratique humblement partout et avec tous au c\u0153ur des territoires et r\u00e9gions du monde o\u00f9 nous sommes pr\u00e9sents.\u00a0Alors, gardons le cap. Ne renon\u00e7ons pas \u00e0 l\u2019\u00e9lan insuffl\u00e9 en 2015 et acc\u00e9l\u00e9rons ensemble, avec pragmatisme et r\u00e9alisme.\u00a0<\/p>\n","protected":false},"excerpt":{"rendered":"Ce n\u2019est pas le chemin dont r\u00eavaient les signataires : en 10 ans l\u2019Accord de Paris a \u00e9t\u00e9&hellip;\n","protected":false},"author":2,"featured_media":597082,"comment_status":"","ping_status":"","sticky":false,"template":"","format":"standard","meta":{"footnotes":""},"categories":[1888],"tags":[5481,17,70987,11,1764,30792,70990,6042,1777,674,1011,27,2705,21500,20843,3102,12,4536,626,70986,70989,70988,25,22102],"class_list":{"0":"post-597081","1":"post","2":"type-post","3":"status-publish","4":"format-standard","5":"has-post-thumbnail","7":"category-paris","8":"tag-5481","9":"tag-17","10":"tag-accelerons","11":"tag-actualites","12":"tag-ans","13":"tag-bpce","14":"tag-combes-santonja","15":"tag-directrice","16":"tag-eu","17":"tag-europe","18":"tag-fr","19":"tag-france","20":"tag-groupe","21":"tag-limpact","22":"tag-laccord","23":"tag-la-tribune-dimanche","24":"tag-news","25":"tag-opinion","26":"tag-paris","27":"tag-perseverons","28":"tag-pragmatisme","29":"tag-realisme","30":"tag-republique-francaise","31":"tag-valerie"},"share_on_mastodon":{"url":"https:\/\/pubeurope.com\/@fr\/115712970237476571","error":""},"_links":{"self":[{"href":"https:\/\/www.europesays.com\/fr\/wp-json\/wp\/v2\/posts\/597081","targetHints":{"allow":["GET"]}}],"collection":[{"href":"https:\/\/www.europesays.com\/fr\/wp-json\/wp\/v2\/posts"}],"about":[{"href":"https:\/\/www.europesays.com\/fr\/wp-json\/wp\/v2\/types\/post"}],"author":[{"embeddable":true,"href":"https:\/\/www.europesays.com\/fr\/wp-json\/wp\/v2\/users\/2"}],"replies":[{"embeddable":true,"href":"https:\/\/www.europesays.com\/fr\/wp-json\/wp\/v2\/comments?post=597081"}],"version-history":[{"count":0,"href":"https:\/\/www.europesays.com\/fr\/wp-json\/wp\/v2\/posts\/597081\/revisions"}],"wp:featuredmedia":[{"embeddable":true,"href":"https:\/\/www.europesays.com\/fr\/wp-json\/wp\/v2\/media\/597082"}],"wp:attachment":[{"href":"https:\/\/www.europesays.com\/fr\/wp-json\/wp\/v2\/media?parent=597081"}],"wp:term":[{"taxonomy":"category","embeddable":true,"href":"https:\/\/www.europesays.com\/fr\/wp-json\/wp\/v2\/categories?post=597081"},{"taxonomy":"post_tag","embeddable":true,"href":"https:\/\/www.europesays.com\/fr\/wp-json\/wp\/v2\/tags?post=597081"}],"curies":[{"name":"wp","href":"https:\/\/api.w.org\/{rel}","templated":true}]}}