{"id":597083,"date":"2025-12-13T15:29:21","date_gmt":"2025-12-13T15:29:21","guid":{"rendered":"https:\/\/www.europesays.com\/fr\/597083\/"},"modified":"2025-12-13T15:29:21","modified_gmt":"2025-12-13T15:29:21","slug":"la-russie-pourrait-nous-confronter-militairement-dici-quatre-ans","status":"publish","type":"post","link":"https:\/\/www.europesays.com\/fr\/597083\/","title":{"rendered":"la Russie pourrait nous confronter militairement d&rsquo;ici quatre ans"},"content":{"rendered":"<p>AA \/ Bruxelles \/ Melike Pala<\/p>\n<p>Le commissaire europ\u00e9en \u00e0 la D\u00e9fense et \u00e0 l\u2019Espace, Andrius Kubilius, a averti samedi que la Russie pourrait \u00eatre pr\u00eate \u00e0 \u00ab tester \u00bb l\u2019Europe dans un conflit d\u2019ici trois \u00e0 quatre ans, soulignant la n\u00e9cessit\u00e9 pour l\u2019Union europ\u00e9enne (UE) de renforcer ses capacit\u00e9s de d\u00e9fense.<\/p>\n<p>S\u2019exprimant dans les colonnes du quotidien La Stampa, \u00e0 l\u2019issue d\u2019une rencontre avec le ministre italien de la D\u00e9fense Guido Crosetto, Kubilius a qualifi\u00e9 les \u00e9changes de \u00ab discussions strat\u00e9giques de haut niveau \u00bb, insistant sur l\u2019importance d\u2019une coop\u00e9ration continue pour consolider la s\u00e9curit\u00e9 europ\u00e9enne.<\/p>\n<p>\u00ab Le probl\u00e8me n\u2019est pas le pr\u00e9sent, mais l\u2019avenir. L\u2019\u00e9conomie russe est devenue une \u00e9conomie de guerre. C\u2019est pourquoi nous devons nous renforcer \u00bb, a-t-il d\u00e9clar\u00e9, mettant en avant deux d\u00e9fis majeurs pour l\u2019Union europ\u00e9enne.<\/p>\n<p>\u00ab Il y a d\u2019abord la menace d\u2019une \u00e9ventuelle agression russe : nos services de renseignement le disent publiquement et clairement, dans les trois ou quatre prochaines ann\u00e9es, la Russie pourrait \u00eatre pr\u00eate \u00e0 \u201cnous tester\u201d dans un v\u00e9ritable conflit. Le second d\u00e9fi vient des Am\u00e9ricains, qui nous demandent d\u2019assumer une plus grande responsabilit\u00e9 en mati\u00e8re de d\u00e9fense europ\u00e9enne, car ils doivent consacrer de plus en plus de ressources \u00e0 la r\u00e9gion indo-pacifique \u00bb, a-t-il ajout\u00e9.<\/p>\n<p>Andrius Kubilius a reconnu que l\u2019atteinte de capacit\u00e9s de d\u00e9fense europ\u00e9ennes compl\u00e8tes n\u00e9cessiterait du temps, tout en soulignant que de nouveaux instruments financiers et une planification strat\u00e9gique renforc\u00e9e permettent d\u2019acc\u00e9l\u00e9rer les avanc\u00e9es.<\/p>\n<p>Il a notamment \u00e9voqu\u00e9 des secteurs cl\u00e9s tels que les donn\u00e9es spatiales, le renseignement et les communications satellitaires, dans lesquels l\u2019Europe demeure fortement d\u00e9pendante du soutien des \u00c9tats-Unis.<\/p>\n<p>Concernant l\u2019avenir de l\u2019OTAN, le commissaire a assur\u00e9 ne pas anticiper un retrait am\u00e9ricain de l\u2019Alliance, tout en appelant l\u2019Europe \u00e0 se pr\u00e9parer \u00e0 assumer davantage de responsabilit\u00e9s, tant au sein de l\u2019OTAN que dans les questions de s\u00e9curit\u00e9 au sens large.<\/p>\n<p>Abordant la guerre en Ukraine, Kubilius a sugg\u00e9r\u00e9 d\u2019int\u00e9grer l\u2019exp\u00e9rience du champ de bataille et les capacit\u00e9s industrielles des forces arm\u00e9es ukrainiennes dans les structures de d\u00e9fense europ\u00e9ennes.<\/p>\n<p>\u00ab Nous devons \u00e9galement discuter d\u2019une \u00e9ventuelle Union europ\u00e9enne de la d\u00e9fense, une nouvelle architecture de s\u00e9curit\u00e9 qui pourrait inclure le Royaume-Uni, la Norv\u00e8ge et l\u2019Ukraine, afin de consolider les capacit\u00e9s d\u00e9fensives de l\u2019Europe. Quant \u00e0 l\u2019id\u00e9e d\u2019une arm\u00e9e europ\u00e9enne, il est sans doute trop t\u00f4t pour avancer des propositions concr\u00e8tes. C\u2019est un chemin difficile et complexe, mais nous devons commencer \u00e0 en d\u00e9battre ouvertement, en nous projetant sur les cinq \u00e0 dix prochaines ann\u00e9es \u00bb, a-t-il d\u00e9clar\u00e9.<\/p>\n<p>S\u2019agissant du financement des besoins de l\u2019Ukraine, le commissaire a mis en avant des propositions visant \u00e0 utiliser les avoirs russes saisis en Europe pour soutenir \u00e0 la fois les besoins militaires et budg\u00e9taires de Kiev, pr\u00e9cisant que la d\u00e9cision finale rel\u00e8ve des chefs d\u2019\u00c9tat et de gouvernement de l\u2019UE.<\/p>\n<p>\u00ab La meilleure garantie de la s\u00e9curit\u00e9 de l\u2019Ukraine reste une arm\u00e9e forte. Parall\u00e8lement, nous devons aider l\u2019Ukraine \u00e0 devenir un pays prosp\u00e8re apr\u00e8s la paix, notamment \u00e0 travers son int\u00e9gration \u00e0 l\u2019Union europ\u00e9enne \u00bb, a-t-il conclu.<\/p>\n<p>* Traduit de l&rsquo;anglais par Adama Bamba<\/p>\n<p>                            &#13;<br \/>\n                                <a href=\"https:\/\/www.aa.com.tr\/fr\/p\/abonnement\/1001\" target=\"_blank\" style=\"font-size:12px; color:#444; text-decoration:none;\" rel=\"noopener\">&#13;<br \/>\n                                    Seulement une partie des d\u00e9p\u00eaches, que l&rsquo;Agence Anadolu diffuse \u00e0 ses abonn\u00e9s via le Syst\u00e8me de Diffusion interne (HAS), est diffus\u00e9e sur le site de l&rsquo;AA, de mani\u00e8re r\u00e9sum\u00e9e. <b style=\"color:#1897F7\">Contactez-nous s&rsquo;il vous pla\u00eet pour vous abonner.<\/b>&#13;<br \/>\n                                <\/a>&#13;<\/p>\n","protected":false},"excerpt":{"rendered":"AA \/ Bruxelles \/ Melike Pala Le commissaire europ\u00e9en \u00e0 la D\u00e9fense et \u00e0 l\u2019Espace, Andrius Kubilius, a&hellip;\n","protected":false},"author":2,"featured_media":597084,"comment_status":"","ping_status":"","sticky":false,"template":"","format":"standard","meta":{"footnotes":""},"categories":[1591],"tags":[11,1785,70991,1887,12,1885,1886,132,220],"class_list":{"0":"post-597083","1":"post","2":"type-post","3":"status-publish","4":"format-standard","5":"has-post-thumbnail","7":"category-russie","8":"tag-actualites","9":"tag-anadolu-ajansi","10":"tag-commissaire-europen-la-dfense","11":"tag-federation-de-russie","12":"tag-news","13":"tag-russia","14":"tag-russian-federation","15":"tag-russie","16":"tag-ukraine"},"share_on_mastodon":{"url":"https:\/\/pubeurope.com\/@fr\/115712974412426486","error":""},"_links":{"self":[{"href":"https:\/\/www.europesays.com\/fr\/wp-json\/wp\/v2\/posts\/597083","targetHints":{"allow":["GET"]}}],"collection":[{"href":"https:\/\/www.europesays.com\/fr\/wp-json\/wp\/v2\/posts"}],"about":[{"href":"https:\/\/www.europesays.com\/fr\/wp-json\/wp\/v2\/types\/post"}],"author":[{"embeddable":true,"href":"https:\/\/www.europesays.com\/fr\/wp-json\/wp\/v2\/users\/2"}],"replies":[{"embeddable":true,"href":"https:\/\/www.europesays.com\/fr\/wp-json\/wp\/v2\/comments?post=597083"}],"version-history":[{"count":0,"href":"https:\/\/www.europesays.com\/fr\/wp-json\/wp\/v2\/posts\/597083\/revisions"}],"wp:featuredmedia":[{"embeddable":true,"href":"https:\/\/www.europesays.com\/fr\/wp-json\/wp\/v2\/media\/597084"}],"wp:attachment":[{"href":"https:\/\/www.europesays.com\/fr\/wp-json\/wp\/v2\/media?parent=597083"}],"wp:term":[{"taxonomy":"category","embeddable":true,"href":"https:\/\/www.europesays.com\/fr\/wp-json\/wp\/v2\/categories?post=597083"},{"taxonomy":"post_tag","embeddable":true,"href":"https:\/\/www.europesays.com\/fr\/wp-json\/wp\/v2\/tags?post=597083"}],"curies":[{"name":"wp","href":"https:\/\/api.w.org\/{rel}","templated":true}]}}