{"id":5971,"date":"2025-04-06T18:43:25","date_gmt":"2025-04-06T18:43:25","guid":{"rendered":"https:\/\/www.europesays.com\/fr\/5971\/"},"modified":"2025-04-06T18:43:25","modified_gmt":"2025-04-06T18:43:25","slug":"le-rc-strasbourg-relance-loffensive-pour-khalil-fayad-allezpaillade-com","status":"publish","type":"post","link":"https:\/\/www.europesays.com\/fr\/5971\/","title":{"rendered":"[Le RC Strasbourg relance l\u2019offensive pour Khalil Fayad !| AllezPaillade.com"},"content":{"rendered":"<p>Alors que le mercato estival approche \u00e0 grands pas, les rumeurs de transferts se multiplient autour du MHSC. Apr\u00e8s plusieurs mois d\u2019incertitude concernant l\u2019avenir de certains joueurs, un nom refait surface dans les discussions : Khalil Fayad.<\/p>\n<p><img loading=\"lazy\" title=\"Fayad | AllezPaillade.com\" decoding=\"async\" width=\"850\" height=\"567\" src=\"https:\/\/www.europesays.com\/fr\/wp-content\/uploads\/2025\/04\/ICONSPORT_238179_0147.jpg\" alt=\"\" class=\"wp-image-153298\"  \/>Cr\u00e9dits Iconsport<\/p>\n<p>Apr\u00e8s <a href=\"https:\/\/www.allezpaillade.com\/transferts\/blueco-et-strasbourg-sattaquent-a-khalil-fayad\/\" title=\"\" rel=\"nofollow noopener\" target=\"_blank\">une premi\u00e8re tentative infructueuse l\u2019\u00e9t\u00e9 dernier<\/a>, n\u00e9e du refus du joueur, le Racing Club de Strasbourg manifeste \u00e0 nouveau son int\u00e9r\u00eat pour le jeune milieu de terrain du MHSC. En effet, d\u00e9j\u00e0 courtis\u00e9 en 2024, Khalil Fayad figurait sur les tablettes de Lo\u00efc D\u00e9sir\u00e9, alors responsable du recrutement du club alsacien qui rejoindra, en juin, le club rennais. Strasbourg maintient n\u00e9anmoins son int\u00e9r\u00eat pour le joueur. Cette fois-ci, c\u2019est Liam Rosenior, l\u2019entra\u00eeneur strasbourgeois lui-m\u00eame, qui a valid\u00e9 le profil du milieu de terrain Pailladin, preuve de l\u2019int\u00e9r\u00eat grandissant du club pour le franco-marocain.<\/p>\n<p>Selon les derni\u00e8res informations de Mohamed Toubache-Ter, Strasbourg envisage une offre comprise entre <strong>4 et 6 millions d\u2019euros<\/strong> pour convaincre Montpellier de l\u00e2cher son jeune talent. Une proposition qui diff\u00e8re de celle faite l\u2019\u00e9t\u00e9 dernier, et qui pourrait mieux correspondre aux attentes du club h\u00e9raultais.<\/p>\n<blockquote class=\"twitter-tweet\" data-width=\"550\" data-dnt=\"true\">\n<p lang=\"fr\" dir=\"ltr\">L\u2019\u00e9t\u00e9 dernier, c\u2019\u00e9tait une id\u00e9e de D\u00e9sir\u00e9 qui sera \u00e0 Rennes \u00e0 compter de la saison prochaine\u2026<\/p>\n<p>Strasbourg ne l\u00e2che pas Khalil Fayad. <br \/>Le coach strasbourgeois a valid\u00e9 le profil. <\/p>\n<p>Pas la m\u00eame offre que celle de l\u2019\u00e9t\u00e9 dernier.<\/p>\n<p>Plut\u00f4t entre 4-6M\u20ac. <br \/>Dossier \u00e0 suivre.<a href=\"https:\/\/twitter.com\/hashtag\/MHSC?src=hash&amp;ref_src=twsrc%5Etfw\" rel=\"nofollow noopener\" target=\"_blank\">#MHSC<\/a> <a href=\"https:\/\/twitter.com\/hashtag\/RCSA?src=hash&amp;ref_src=twsrc%5Etfw\" rel=\"nofollow noopener\" target=\"_blank\">#RCSA<\/a><\/p>\n<p>\u2014 Mohamed TOUBACHE-TER (@MohamedTERParis) <a href=\"https:\/\/twitter.com\/MohamedTERParis\/status\/1908148985816047798?ref_src=twsrc%5Etfw\" rel=\"nofollow noopener\" target=\"_blank\">April 4, 2025<\/a><\/p><\/blockquote>\n<p>Sous contrat avec Montpellier jusqu\u2019en juin 2027, Khalid Fayad a jou\u00e9 cette saison un peu plus de 660 minutes pour aucun but inscrit. \u00c0 seulement 20 ans, il repr\u00e9sente l\u2019un des jeunes talents prometteurs du club et a d\u00e9j\u00e0 montr\u00e9 des qualit\u00e9s techniques et une vision du jeu int\u00e9ressantes. Son d\u00e9part, s\u2019il venait \u00e0 se concr\u00e9tiser, soul\u00e8verait des interrogations sur les ambitions du club pailladin et la gestion de ses jeunes joueurs.<\/p>\n<p>Strasbourg parviendra-t-il \u00e0 arracher Khalil Fayad au MHSC ? Le dossier reste ouvert et pourrait \u00e9voluer dans les prochaines semaines, d\u2019autant plus que Mohamed Toubache-Ter semble sous-entre que Lo\u00efc D\u00e9sir\u00e9, futur rennais, appr\u00e9cie le profil du joueur.<\/p>\n<p>  <script async src=\"https:\/\/platform.twitter.com\/widgets.js\" charset=\"utf-8\"><\/script><\/p>\n","protected":false},"excerpt":{"rendered":"Alors que le mercato estival approche \u00e0 grands pas, les rumeurs de transferts se multiplient autour du MHSC.&hellip;\n","protected":false},"author":2,"featured_media":5972,"comment_status":"","ping_status":"","sticky":false,"template":"","format":"standard","meta":{"footnotes":""},"categories":[2820],"tags":[328,1111,11,1777,674,1011,27,775,1434,12,25,640],"class_list":{"0":"post-5971","1":"post","2":"type-post","3":"status-publish","4":"format-standard","5":"has-post-thumbnail","7":"category-strasbourg","8":"tag-a-la-une","9":"tag-actu","10":"tag-actualites","11":"tag-eu","12":"tag-europe","13":"tag-fr","14":"tag-france","15":"tag-grand-est","16":"tag-mercato","17":"tag-news","18":"tag-republique-francaise","19":"tag-strasbourg"},"share_on_mastodon":{"url":"https:\/\/pubeurope.com\/@fr\/114292497079585700","error":""},"_links":{"self":[{"href":"https:\/\/www.europesays.com\/fr\/wp-json\/wp\/v2\/posts\/5971","targetHints":{"allow":["GET"]}}],"collection":[{"href":"https:\/\/www.europesays.com\/fr\/wp-json\/wp\/v2\/posts"}],"about":[{"href":"https:\/\/www.europesays.com\/fr\/wp-json\/wp\/v2\/types\/post"}],"author":[{"embeddable":true,"href":"https:\/\/www.europesays.com\/fr\/wp-json\/wp\/v2\/users\/2"}],"replies":[{"embeddable":true,"href":"https:\/\/www.europesays.com\/fr\/wp-json\/wp\/v2\/comments?post=5971"}],"version-history":[{"count":0,"href":"https:\/\/www.europesays.com\/fr\/wp-json\/wp\/v2\/posts\/5971\/revisions"}],"wp:featuredmedia":[{"embeddable":true,"href":"https:\/\/www.europesays.com\/fr\/wp-json\/wp\/v2\/media\/5972"}],"wp:attachment":[{"href":"https:\/\/www.europesays.com\/fr\/wp-json\/wp\/v2\/media?parent=5971"}],"wp:term":[{"taxonomy":"category","embeddable":true,"href":"https:\/\/www.europesays.com\/fr\/wp-json\/wp\/v2\/categories?post=5971"},{"taxonomy":"post_tag","embeddable":true,"href":"https:\/\/www.europesays.com\/fr\/wp-json\/wp\/v2\/tags?post=5971"}],"curies":[{"name":"wp","href":"https:\/\/api.w.org\/{rel}","templated":true}]}}