{"id":597104,"date":"2025-12-13T15:42:13","date_gmt":"2025-12-13T15:42:13","guid":{"rendered":"https:\/\/www.europesays.com\/fr\/597104\/"},"modified":"2025-12-13T15:42:13","modified_gmt":"2025-12-13T15:42:13","slug":"atp-learner-tien-annonce-la-couleur-je-veux-etre-grand-je-veux-accomplir-des-choses-importantes-dans-le-sport","status":"publish","type":"post","link":"https:\/\/www.europesays.com\/fr\/597104\/","title":{"rendered":"ATP > Learner Tien annonce la couleur : \u00ab\u00a0Je veux \u00eatre grand. Je veux accomplir des choses importantes dans le sport\u00a0\u00bb"},"content":{"rendered":"<p>Parmi les r\u00e9v\u00e9\u00adla\u00adtions de la saison, Learner Tien s\u2019est fait un nom aupr\u00e8s du grand public en d\u00e9but de saison. Au deuxi\u00e8me tour de l\u2019Open d\u2019Australie, il \u00e9car\u00adtait Daniil Medvedev, fina\u00adliste sortant.\u00a0<\/p>\n<p>Pr\u00e9sent \u00e0 Djeddah pour disputer les Next Gen ATP Finals, r\u00e9unis\u00adsant les huit meilleurs joueurs de moins de 22 ans, l\u2019Am\u00e9ricain n\u2019a pas cach\u00e9 son ambi\u00adtion de marquer l\u2019his\u00adtoire de la petite balle\u00a0jaune.<\/p>\n<p><strong>\u00ab\u202fJe veux \u00eatre grand. Je veux accom\u00adplir des choses impor\u00adtantes dans le sport. Je ne veux pas me fixer de limite mini\u00admale ou maxi\u00admale. Pour moi, il n\u2019y a pas de condi\u00adtion obli\u00adga\u00adtoire sans laquelle ma carri\u00e8re serait consi\u00add\u00e9r\u00e9e comme un \u00e9chec. Je ne pense tout simple\u00adment pas en ces termes\u202f\u00bb<\/strong>, a soulign\u00e9 le 28e joueur mondial, dans des propos relay\u00e9s par <a href=\"https:\/\/www.championat.com\/tennis\/news-6277532-hochu-byt-velikim-lyoner-ten-o-svoih-perspektivah.html\" data-wpel-link=\"external\" target=\"_blank\" rel=\"nofollow external noopener\">Championat<\/a>.<\/p>\n<p class=\"post-published-date\" style=\"color: silver; font-size: 75%; text-align: left;\">Publi\u00e9 le samedi 13 d\u00e9cembre 2025 \u00e0 13:02<\/p>\n","protected":false},"excerpt":{"rendered":"Parmi les r\u00e9v\u00e9\u00adla\u00adtions de la saison, Learner Tien s\u2019est fait un nom aupr\u00e8s du grand public en d\u00e9but&hellip;\n","protected":false},"author":2,"featured_media":597105,"comment_status":"","ping_status":"","sticky":false,"template":"","format":"standard","meta":{"footnotes":""},"categories":[1415],"tags":[3252,1011,27,60,1467],"class_list":{"0":"post-597104","1":"post","2":"type-post","3":"status-publish","4":"format-standard","5":"has-post-thumbnail","7":"category-tennis","8":"tag-daniil-medvedev","9":"tag-fr","10":"tag-france","11":"tag-sports","12":"tag-tennis"},"share_on_mastodon":{"url":"https:\/\/pubeurope.com\/@fr\/115713025215700481","error":""},"_links":{"self":[{"href":"https:\/\/www.europesays.com\/fr\/wp-json\/wp\/v2\/posts\/597104","targetHints":{"allow":["GET"]}}],"collection":[{"href":"https:\/\/www.europesays.com\/fr\/wp-json\/wp\/v2\/posts"}],"about":[{"href":"https:\/\/www.europesays.com\/fr\/wp-json\/wp\/v2\/types\/post"}],"author":[{"embeddable":true,"href":"https:\/\/www.europesays.com\/fr\/wp-json\/wp\/v2\/users\/2"}],"replies":[{"embeddable":true,"href":"https:\/\/www.europesays.com\/fr\/wp-json\/wp\/v2\/comments?post=597104"}],"version-history":[{"count":0,"href":"https:\/\/www.europesays.com\/fr\/wp-json\/wp\/v2\/posts\/597104\/revisions"}],"wp:featuredmedia":[{"embeddable":true,"href":"https:\/\/www.europesays.com\/fr\/wp-json\/wp\/v2\/media\/597105"}],"wp:attachment":[{"href":"https:\/\/www.europesays.com\/fr\/wp-json\/wp\/v2\/media?parent=597104"}],"wp:term":[{"taxonomy":"category","embeddable":true,"href":"https:\/\/www.europesays.com\/fr\/wp-json\/wp\/v2\/categories?post=597104"},{"taxonomy":"post_tag","embeddable":true,"href":"https:\/\/www.europesays.com\/fr\/wp-json\/wp\/v2\/tags?post=597104"}],"curies":[{"name":"wp","href":"https:\/\/api.w.org\/{rel}","templated":true}]}}