{"id":597110,"date":"2025-12-13T15:48:12","date_gmt":"2025-12-13T15:48:12","guid":{"rendered":"https:\/\/www.europesays.com\/fr\/597110\/"},"modified":"2025-12-13T15:48:12","modified_gmt":"2025-12-13T15:48:12","slug":"un-fantasme-survivaliste-decouvrez-la-maison-de-thierry-lhermitte-73-ans-totalement-perdue-dans-le-cantal","status":"publish","type":"post","link":"https:\/\/www.europesays.com\/fr\/597110\/","title":{"rendered":"\u00ab\u00a0Un fantasme survivaliste\u00a0\u00bb : d\u00e9couvrez la maison de Thierry Lhermitte (73 ans) totalement perdue dans le Cantal"},"content":{"rendered":"<p>Il y a des lieux qui ressemblent \u00e0 ceux qui les habitent. Pour<br \/>\n<a href=\"https:\/\/www.grazia.fr\/people\/thierry-lhermitte-73-ans-marie-et-heureux-depuis-plus-de-50-ans-qui-est-son-epouse-helene-mere-de-ses-enfants-1207258.html\" target=\"_blank\" rel=\"noopener\"><br \/>\nThierry Lhermitte,<\/a> ce refuge se trouve bien loin des plateaux<br \/>\nde tournage, au c\u0153ur d\u2019un d\u00e9partement qu\u2019il ch\u00e9rit pour son<br \/>\nsilence, sa rudesse et sa beaut\u00e9 brute : <strong>le<br \/>\nCantal.<\/strong> \u00c0 73 ans, l\u2019acteur du D\u00eener de cons et du<br \/>\nP\u00e8re No\u00ebl est une ordure a choisi de s\u2019ancrer dans un<br \/>\nd\u00e9cor presque hors du temps, un coin de campagne o\u00f9 les journ\u00e9es<br \/>\ns\u2019\u00e9grainent au rythme des chevaux et des chemins forestiers.<\/p>\n<p>Cette retraite, il l\u2019a voulue intens\u00e9ment. Il l\u2019a m\u00eame r\u00eav\u00e9e,<br \/>\ncomme il l\u2019a reconnu aupr\u00e8s de France Info, en \u00e9voquant cette<br \/>\nrecherche un peu obsessionnelle d\u2019un endroit cumulant trois<br \/>\n\u00e9l\u00e9ments indispensables : <strong>des pr\u00e9s, des arbres et de<br \/>\nl\u2019eau.<\/strong> Une combinaison plus rare qu\u2019on ne l\u2019imagine.<br \/>\nTrouver un terrain r\u00e9unissant tout cela relevait presque du<br \/>\nd\u00e9fi.<\/p>\n<p>Thierry Lhermitte ouvre les portes de sa maison<\/p>\n<p>Et pourtant, le com\u00e9dien a fini par tomber sur ce lieu qui<br \/>\ncorrespondait exactement \u00e0 ce qu\u2019il imaginait, au point d\u2019en parler<br \/>\ncomme d\u2019un <strong>\u00ab\u00a0fantasme survivaliste\u00a0\u00bb<\/strong>. Loin<br \/>\nde tout, dans une nature intacte et s\u00e9v\u00e8re, il vit un quotidien<br \/>\nvolontairement simple : \u00ab\u00a0tr\u00e8s isol\u00e9, tr\u00e8s calme et tr\u00e8s<br \/>\nbeau\u00a0\u00bb, confiait-il \u00e0 Gala, heureux d\u2019avoir trouv\u00e9 ce<br \/>\ncoin de France o\u00f9 personne ne vient par hasard.<\/p>\n<p>Ce cadre n\u2019est pas seulement un d\u00e9cor : il est aussi le th\u00e9\u00e2tre<br \/>\nde l\u2019autre passion de Thierry Lhermitte, <strong>l\u2019\u00e9thologie<br \/>\n\u00e9quine.<\/strong> L\u2019acteur \u00e9l\u00e8ve des chevaux mais surtout, il<br \/>\npartage son savoir. En Charente-Maritime, il dispense des stages<br \/>\npour apprendre \u00e0 communiquer avec l\u2019animal autrement, en finesse,<br \/>\nen observation, en patience. Devant les cam\u00e9ras de France 3, il<br \/>\nracontait avec enthousiasme \u00e0 quel point le cheval est attentif \u00e0<br \/>\nla moindre attitude humaine : \u00ab\u00a0Lui, il n\u2019a que \u00e7a \u00e0 faire de<br \/>\nnous regarder\u00a0\u00bb, disait-il avec humour, avant d\u2019ajouter qu\u2019un<br \/>\ncheval comprend tr\u00e8s vite lorsque l\u2019\u00eatre humain sait formuler une<br \/>\ndemande claire.<\/p>\n<p>Un lieu qui met en avant sa passion<br \/>\npour les chevaux<\/p>\n<p>Cette <a href=\"https:\/\/www.grazia.fr\/people\/cest-ma-maison-de-famille-decouvrez-la-villa-somptueuse-de-jeanne-moreau-qui-a-vu-defiler-des-stars-1203395.html\" target=\"_blank\" rel=\"noopener\"><br \/>\nvie rurale<\/a> contraste fortement avec son parcours d\u00e9but\u00e9 dans le<br \/>\ntumulte parisien, mais l\u2019acteur assure ne rien regretter. Dans<br \/>\nLa Tribune du dimanche, il confiait que ses proches<br \/>\nauraient peut-\u00eatre pr\u00e9f\u00e9r\u00e9 le voir emprunter une voie plus<br \/>\nclassique. Mais jeune homme, il ne s\u2019est laiss\u00e9 guider que par ses<br \/>\nenvies : <strong>\u00ab\u00a0C\u2019\u00e9tait ma d\u00e9cision\u00a0\u00bb<\/strong>,<br \/>\nraconte-t-il en se rem\u00e9morant ses premiers petits boulots, de<br \/>\ncoursier \u00e0 machiniste, avant que la sc\u00e8ne ne s\u2019impose enfin.<\/p>\n<p>Aujourd\u2019hui, ce havre de pierre nich\u00e9 dans un paysage grandiose<br \/>\nlui offre ce que la c\u00e9l\u00e9brit\u00e9 ne lui a jamais donn\u00e9 : la<br \/>\ntranquillit\u00e9 absolue. <a href=\"https:\/\/www.grazia.fr\/people\/si-je-le-pouvais-je-vivrais-ici-charlotte-gainsbourg-54-ans-ouvre-les-portes-de-sa-maison-au-soleil-1206352.html\" target=\"_blank\" rel=\"noopener\"><br \/>\nUn lieu \u00e0 son image<\/a>, discret, sinc\u00e8re, et profond\u00e9ment enracin\u00e9<br \/>\ndans la nature.<\/p>\n","protected":false},"excerpt":{"rendered":"Il y a des lieux qui ressemblent \u00e0 ceux qui les habitent. Pour Thierry Lhermitte, ce refuge se&hellip;\n","protected":false},"author":2,"featured_media":597111,"comment_status":"","ping_status":"","sticky":false,"template":"","format":"standard","meta":{"footnotes":""},"categories":[1359],"tags":[930,19617,1764,37926,1446,1805,3474,58,59,217,1011,27,4743,70994,2142,973,15581,70993,5993,9425,9066],"class_list":{"0":"post-597110","1":"post","2":"type-post","3":"status-publish","4":"format-standard","5":"has-post-thumbnail","7":"category-people","8":"tag-le","9":"tag-19617","10":"tag-ans","11":"tag-cantal","12":"tag-dans","13":"tag-de","14":"tag-decouvrez","15":"tag-divertissement","16":"tag-entertainment","17":"tag-fantasme","18":"tag-fr","19":"tag-france","20":"tag-la","21":"tag-lhermitte","22":"tag-maison","23":"tag-people","24":"tag-perdue","25":"tag-survivaliste","26":"tag-thierry","27":"tag-totalement","28":"tag-un"},"share_on_mastodon":{"url":"","error":""},"_links":{"self":[{"href":"https:\/\/www.europesays.com\/fr\/wp-json\/wp\/v2\/posts\/597110","targetHints":{"allow":["GET"]}}],"collection":[{"href":"https:\/\/www.europesays.com\/fr\/wp-json\/wp\/v2\/posts"}],"about":[{"href":"https:\/\/www.europesays.com\/fr\/wp-json\/wp\/v2\/types\/post"}],"author":[{"embeddable":true,"href":"https:\/\/www.europesays.com\/fr\/wp-json\/wp\/v2\/users\/2"}],"replies":[{"embeddable":true,"href":"https:\/\/www.europesays.com\/fr\/wp-json\/wp\/v2\/comments?post=597110"}],"version-history":[{"count":0,"href":"https:\/\/www.europesays.com\/fr\/wp-json\/wp\/v2\/posts\/597110\/revisions"}],"wp:featuredmedia":[{"embeddable":true,"href":"https:\/\/www.europesays.com\/fr\/wp-json\/wp\/v2\/media\/597111"}],"wp:attachment":[{"href":"https:\/\/www.europesays.com\/fr\/wp-json\/wp\/v2\/media?parent=597110"}],"wp:term":[{"taxonomy":"category","embeddable":true,"href":"https:\/\/www.europesays.com\/fr\/wp-json\/wp\/v2\/categories?post=597110"},{"taxonomy":"post_tag","embeddable":true,"href":"https:\/\/www.europesays.com\/fr\/wp-json\/wp\/v2\/tags?post=597110"}],"curies":[{"name":"wp","href":"https:\/\/api.w.org\/{rel}","templated":true}]}}