{"id":597112,"date":"2025-12-13T15:49:29","date_gmt":"2025-12-13T15:49:29","guid":{"rendered":"https:\/\/www.europesays.com\/fr\/597112\/"},"modified":"2025-12-13T15:49:29","modified_gmt":"2025-12-13T15:49:29","slug":"la-collection-du-musee-dart-moderne-de-paris-enrichie-de-61-oeuvres-dhenri-matisse","status":"publish","type":"post","link":"https:\/\/www.europesays.com\/fr\/597112\/","title":{"rendered":"La collection du Mus\u00e9e d\u2019Art Moderne de Paris enrichie de 61 \u0153uvres d\u2019Henri Matisse"},"content":{"rendered":"<p>\n    L\u2019\u00e9pouse du petit-fils du peintre, Barbara Dauphin Duthuit, va offrir une collection de tableaux, sculptures, dessins, eaux-fortes, lithographies et livres illustr\u00e9s au mus\u00e9e parisien, apr\u00e8s le succ\u00e8s de l\u2019exposition Matisse et Marguerite, le regard d\u2019un p\u00e8re.<\/p>\n<p class=\"fig-paragraph\">Une donation exceptionnelle. Barbara Dauphin Duthuit, \u00e9pouse du petit-fils d\u2019<a href=\"http:\/\/www.lefigaro.fr\/international\/bresil-huit-gravures-de-henri-matisse-volees-dans-une-bibliotheque-de-sao-paulo-20251207\" data-fig-type=\"NewsFlash\" data-gtm-custom-categorie=\"navigation\" data-gtm-custom-action=\"crossclick\" data-gtm-custom-label=\"Contextuel\" data-gtm-event=\"customEventSPE\" data-fig-domain=\"LEFIGARO\" target=\"_blank\" rel=\"noopener\">Henri Matisse<\/a>, va offrir quelque 61 \u0153uvres du peintre au<a href=\"http:\/\/www.lefigaro.fr\/arts-expositions\/le-musee-d-art-moderne-de-paris-recoit-un-don-exceptionnel-de-kamel-mennour-et-de-sa-galerie-20250612\" data-fig-type=\"Article\" data-gtm-custom-categorie=\"navigation\" data-gtm-custom-action=\"crossclick\" data-gtm-custom-label=\"Contextuel\" data-gtm-event=\"customEventSPE\" data-fig-domain=\"LEFIGARO\" target=\"_blank\" rel=\"noopener\">\u00a0Mus\u00e9e d\u2019Art Moderne de Paris,\u00a0<\/a>apr\u00e8s le succ\u00e8s de\u00a0<a href=\"http:\/\/www.lefigaro.fr\/culture\/la-secrete-marguerite-matisse-se-devoile-au-musee-d-art-moderne-de-paris-20250411\" data-fig-type=\"Article\" data-gtm-custom-categorie=\"navigation\" data-gtm-custom-action=\"crossclick\" data-gtm-custom-label=\"Contextuel\" data-gtm-event=\"customEventSPE\" data-fig-domain=\"LEFIGARO\" target=\"_blank\" rel=\"noopener\">l\u2019exposition Matisse et Marguerite<\/a> , le regard d\u2019un p\u00e8re, accueillie par l\u2019institution du 4\u00a0avril au 24\u00a0ao\u00fbt\u00a02025. La donation comprendra sept\u00a0tableaux, une sculpture, vingt-huit\u00a0dessins, huit\u00a0eaux-fortes, six\u00a0lithographies, cinq\u00a0affiches originales et six\u00a0livres illustr\u00e9s, selon\u00a0<a href=\"https:\/\/www.franceinfo.fr\/culture\/arts-expos\/peinture\/le-musee-d-art-moderne-de-paris-recoit-une-donation-exceptionnelle-de-61-uvres-d-henri-matisse_7672675.html#xtor=CS2-765-%5Bautres%5D-\" target=\"_blank\" rel=\"sponsored noopener\" data-gtm-custom-categorie=\"navigation\" data-gtm-custom-action=\"crossclick\" data-gtm-custom-label=\"Contextuel\" data-gtm-event=\"customEventSPE\">les informations de Franceinfo<\/a>.<\/p>\n<p class=\"fig-paragraph\">Ces diff\u00e9rentes pi\u00e8ces couvrent\u00a0\u00abla premi\u00e8re moiti\u00e9 du XXe\u00a0si\u00e8cle\u00bb, d\u00e9clare dans un communiqu\u00e9 le pr\u00e9sident du MAM, Fabrice Hergott. La plupart d\u2019entre elles sont des portraits de Marguerite Matisse, fille a\u00een\u00e9e de l\u2019impressionniste, mais aussi son mod\u00e8le pr\u00e9f\u00e9r\u00e9, et t\u00e9moignent de son \u00ab\u00a0r\u00f4le majeur\u00a0dans l\u2019\u0153uvre et la carri\u00e8re de Matisse\u00a0\u00bb. Elles mettent en lumi\u00e8re \u00ab\u00a0chaque p\u00e9riode du face-\u00e0-face\u00a0tendre et complice entre le peintre et son mod\u00e8le, depuis les images de l\u2019enfance\u00a0(&#8230;) jusqu\u2019aux portraits bouleversants r\u00e9alis\u00e9s en 1945 alors que Marguerite venait d\u2019\u00e9chapper \u00e0 la d\u00e9portation pour faits de R\u00e9sistance\u00a0\u00bb, poursuit le mus\u00e9e parisien.<\/p>\n<p>                                            <a class=\"fig-a11y-skip\" href=\"#fig-a11y-skip-main-inarticle\" data-module=\"a11y-skip\" data-context=\"was @visible\"><br \/>\n    Passer la publicit\u00e9<br \/>\n<\/a>            <\/p>\n<p>                                            Geste \u00abg\u00e9n\u00e9reux\u00bb<\/p>\n<p class=\"fig-paragraph\">Une des \u0153uvres les plus notables de cette collection se nomme\u00a0Marguerite endormie. Le tableau, peint en 1920, int\u00e8gre une s\u00e9rie de peintures, dessins et estampes\u00a0o\u00f9 Marguerite appara\u00eet dans \u00ab\u00a0un manteau \u00e9cossais sur le balcon \u00e0 Nice, jusqu\u2019\u00e0 sa convalescence \u00e0 \u00c9tretat en 1920\u00a0\u00bb. D\u2019autres pi\u00e8ces, comme les livres illustr\u00e9s parus entre 1944 et 1954, \u00e9voquent \u00ab\u00a0le r\u00f4le essentiel de la jeune Marguerite aupr\u00e8s des imprimeurs de son p\u00e8re, tout en t\u00e9moignant de l\u2019infinie richesse cr\u00e9ative du peintre jusqu\u2019\u00e0 sa mort\u00a0\u00bb, explique Fabrice Hergott.<\/p>\n<p class=\"fig-body-link\">\n            \u00c0 lire aussi<br \/>\n        <a class=\"fig-body-link__link fig-premium-mark\" href=\"http:\/\/www.lefigaro.fr\/arts-expositions\/le-chemin-de-croix-a-vence-dans-les-secrets-du-dernier-projet-de-matisse-20251126\" target=\"_blank\" data-fig-type=\"Article\" rel=\"noopener\" data-gtm-custom-categorie=\"navigation\" data-gtm-custom-action=\"crossclick\" data-gtm-custom-label=\"Contextuel\" data-gtm-event=\"customEventSPE\" data-fig-domain=\"LEFIGARO\"><\/p>\n<p>        Le \u00abChemin de Croix\u00bb \u00e0 Vence\u00a0: dans les secrets du dernier projet de Matisse<br \/>\n    <\/a>\n<\/p>\n<p class=\"fig-paragraph\">Le Mus\u00e9e d\u2019Art Moderne de Paris tient \u00e0 saluer le geste \u00ab\u00a0g\u00e9n\u00e9reux\u00a0\u00bb de Barbara Dauphin Duthuit, qui t\u00e9moigne d\u2019\u00ab\u00a0un engagement fort de sa part et de sa confiance envers le mus\u00e9e qui devient, de fait, la nouvelle maison de Marguerite pour les d\u00e9cennies et les si\u00e8cles \u00e0 venir\u00a0\u00bb. Ce n\u2019est, par ailleurs, pas sa premi\u00e8re donation \u00e0 une institution culturelle parisienne. En 2013, elle avait alors offert au Centre Pompidou le tableau Marguerite au chat noir, peint en 1910 par Henri Matisse.<\/p>\n","protected":false},"excerpt":{"rendered":"L\u2019\u00e9pouse du petit-fils du peintre, Barbara Dauphin Duthuit, va offrir une collection de tableaux, sculptures, dessins, eaux-fortes, lithographies&hellip;\n","protected":false},"author":2,"featured_media":597113,"comment_status":"","ping_status":"","sticky":false,"template":"","format":"standard","meta":{"footnotes":""},"categories":[1358],"tags":[1348,1384,1385,1386,58,59,1011,27,69851,3048,626],"class_list":{"0":"post-597112","1":"post","2":"type-post","3":"status-publish","4":"format-standard","5":"has-post-thumbnail","7":"category-arts-et-design","8":"tag-arts","9":"tag-arts-and-design","10":"tag-arts-et-design","11":"tag-design","12":"tag-divertissement","13":"tag-entertainment","14":"tag-fr","15":"tag-france","16":"tag-henri-matisse","17":"tag-musee","18":"tag-paris"},"share_on_mastodon":{"url":"https:\/\/pubeurope.com\/@fr\/115713052741691965","error":""},"_links":{"self":[{"href":"https:\/\/www.europesays.com\/fr\/wp-json\/wp\/v2\/posts\/597112","targetHints":{"allow":["GET"]}}],"collection":[{"href":"https:\/\/www.europesays.com\/fr\/wp-json\/wp\/v2\/posts"}],"about":[{"href":"https:\/\/www.europesays.com\/fr\/wp-json\/wp\/v2\/types\/post"}],"author":[{"embeddable":true,"href":"https:\/\/www.europesays.com\/fr\/wp-json\/wp\/v2\/users\/2"}],"replies":[{"embeddable":true,"href":"https:\/\/www.europesays.com\/fr\/wp-json\/wp\/v2\/comments?post=597112"}],"version-history":[{"count":0,"href":"https:\/\/www.europesays.com\/fr\/wp-json\/wp\/v2\/posts\/597112\/revisions"}],"wp:featuredmedia":[{"embeddable":true,"href":"https:\/\/www.europesays.com\/fr\/wp-json\/wp\/v2\/media\/597113"}],"wp:attachment":[{"href":"https:\/\/www.europesays.com\/fr\/wp-json\/wp\/v2\/media?parent=597112"}],"wp:term":[{"taxonomy":"category","embeddable":true,"href":"https:\/\/www.europesays.com\/fr\/wp-json\/wp\/v2\/categories?post=597112"},{"taxonomy":"post_tag","embeddable":true,"href":"https:\/\/www.europesays.com\/fr\/wp-json\/wp\/v2\/tags?post=597112"}],"curies":[{"name":"wp","href":"https:\/\/api.w.org\/{rel}","templated":true}]}}