{"id":597116,"date":"2025-12-13T15:52:20","date_gmt":"2025-12-13T15:52:20","guid":{"rendered":"https:\/\/www.europesays.com\/fr\/597116\/"},"modified":"2025-12-13T15:52:20","modified_gmt":"2025-12-13T15:52:20","slug":"sa-maison-familiale-a-pourrain-dans-lyonne","status":"publish","type":"post","link":"https:\/\/www.europesays.com\/fr\/597116\/","title":{"rendered":"sa maison familiale \u00e0 Pourrain dans l&rsquo;Yonne"},"content":{"rendered":"<p>Avant de devenir la chanteuse \u00e0 succ\u00e8s que tous les Fran\u00e7ais<br \/>\nconnaissent, France Gall a grandi loin des m\u00e9dias. Dans sa<br \/>\njeunesse, elle passait une grande partie de ses \u00e9t\u00e9s dans l\u00a0\u00bbYonne.<br \/>\nSelon un article de France Bleu, c&rsquo;est dans ce coin de<br \/>\nBourgogne qu&rsquo;elle a pu profiter de la maison familiale et se cr\u00e9er<br \/>\ntout un tas de souvenirs.<\/p>\n<p>France Gall a pass\u00e9 une grande partie de ses vacances \u00e0<br \/>\nPourrain<\/p>\n<p>France Gall <strong>venait souvent en vacances \u00e0<br \/>\nPourrain<\/strong>, <a href=\"https:\/\/www.lejournaldelamaison.fr\/le-journal-de-la-maison\/reportages-maisons\/maisons-campagne\/lambert-wilson-decouvrez-sa-maison-de-campagne-dans-lyonne-ou-il-se-ressource-entoure-danimaux-et-de-plantes-je-travaille-la-terre-je-plante-des-legumes-des-fleurs-je-suis-doue-pour-la-bot-491499.html\" target=\"_blank\" rel=\"noopener\"><br \/>\ndans l&rsquo;Yonne<\/a>, o\u00f9 ses parents poss\u00e9daient une r\u00e9sidence<br \/>\nsecondaire. Son p\u00e8re, le parolier Robert Gall, originaire de<br \/>\nSaint-Fargeau, aimait revenir dans ce village, dont les habitants<br \/>\navaient alors l&rsquo;habitude de croiser la future star. Roger Prignot,<br \/>\nl&rsquo;actuel maire de la commune, se souvient encore de <strong>cette<br \/>\nadolescente discr\u00e8te, mais souriante<\/strong>. \u00ab\u00a0Il \u00e9tait<br \/>\ncourant que les gens de Pourrain la croisent, soit chez le<br \/>\nboulanger, soit \u00e0 la messe. Les gens de la g\u00e9n\u00e9ration de France<br \/>\nGall s&rsquo;en rappellent tr\u00e8s bien\u00a0\u00bb, confiait-il \u00e0 ce propos.<\/p>\n<p>Josiane, fille de forains, avait l&rsquo;habitude de partager<br \/>\n<strong>quelques instants <a href=\"https:\/\/www.lejournaldelamaison.fr\/le-journal-de-la-maison\/reportages-maisons\/maisons-reportages-maisons\/france-gall-un-endroit-merveilleux-pour-se-reposer-sa-maison-du-clos-saint-nicolas-en-normandie-refuge-intime-partage-avec-michel-berger-529747.html\" target=\"_blank\" rel=\"noopener\"><br \/>\navec France Gall<\/a><\/strong> quand avait lieu la f\u00eate du village.<br \/>\n\u00ab\u00a0C&rsquo;\u00e9tait un peu avant la rentr\u00e9e des classes.\u00a0Il y avait<br \/>\nun petit bal, une petite rotonde le jour de la f\u00eate et elle venait<br \/>\ndanser avec ses fr\u00e8res jumeaux. C&rsquo;\u00e9tait les \u00e9t\u00e9s 63-64-65.<br \/>\n<strong>Juste avant son couronnement \u00e0 l&rsquo;Eurovision<\/strong>\u00ab\u00a0,<br \/>\nracontait-elle. Pour rappel, c&rsquo;est en 1965 que France Gall gagne le<br \/>\nc\u00e9l\u00e8bre concours avec Poup\u00e9e de cire, poup\u00e9e de son. La<br \/>\njeune chanteuse \u00ab\u00a0venait autour du man\u00e8ge de ses parents o\u00f9 il y<br \/>\navait de la musique et qui fredonnait les chansons modernes de<br \/>\nl&rsquo;\u00e9poque\u2026 On chantait <strong>des chansons de Sylvie Vartan, de<br \/>\nJohnny Hallyday<\/strong>\u00ab\u00a0, ajoutait Josiane.<\/p>\n<p>France Gall poss\u00e9dait de nombreux souvenirs dans cette maison<br \/>\nfamiliale<\/p>\n<p>Les habitants de Pourrain n&rsquo;ont pas \u00e9t\u00e9 les seuls <strong>\u00e0 \u00eatre<br \/>\nmarqu\u00e9s par ces \u00e9t\u00e9s<\/strong>. France Gall elle-m\u00eame est souvent<br \/>\nrevenue <a href=\"https:\/\/www.lejournaldelamaison.fr\/le-journal-de-la-maison\/reportages-maisons\/patrick-timsit-maison-gard-nouvelle-vie-530001.html\" target=\"_blank\" rel=\"noopener\"><br \/>\ndans le village<\/a>. Roger Prignot raconte que, m\u00eame au moment du<br \/>\nsucc\u00e8s de Sacr\u00e9<br \/>\nCharlemagne, elle restait la m\u00eame : simple et accessible,<br \/>\n<strong>comme l&rsquo;avaient toujours connu les riverains<\/strong>.<\/p>\n<p>Josiane se souvient que France Gall <strong>lui avait fait des<br \/>\nconfidences<\/strong>. Elle lui avait, entre autres, r\u00e9v\u00e9l\u00e9 que son<br \/>\nvrai pr\u00e9nom \u00e9tait Isabelle. \u00ab\u00a0Elle m&rsquo;avait dit qu&rsquo;elle n&rsquo;aimait<br \/>\npas l&rsquo;\u00e9cole\u00a0\u00bb, expliquait-elle \u00e9galement. Cette habitante garde<br \/>\nencore en m\u00e9moire le sourire et <a href=\"https:\/\/www.lejournaldelamaison.fr\/le-journal-de-la-maison\/reportages-maisons\/maisons-reportages-maisons\/france-gall-son-refuge-secret-au-senegal-472290.html\" target=\"_blank\" rel=\"noopener\"><br \/>\nla douceur de la chanteuse<\/a>, qui profitait de son retour \u00e0<br \/>\nPourrain pour redevenir <strong>une jeune femme comme les<br \/>\nautres<\/strong>.<\/p>\n<blockquote class=\"instagram-media\" style=\"background: #ffffff;border: 0;margin: 1px;width: 100%;padding: 0;max-width: 500px;\" data-instgrm-permalink=\"https:\/\/www.instagram.com\/reel\/DQogdjyiBoI\/\" data-instgrm-version=\"14\"\/><p>\nLes d\u00e9buts de France Gall dans<br \/>\nl&rsquo;Yonne<\/p>\n<p>C&rsquo;est aussi dans l&rsquo;Yonne que France Gall a fait <strong>ses<br \/>\npremiers pas dans la musique<\/strong>. Elle a donn\u00e9 l&rsquo;un de ses<br \/>\ntout premiers concerts priv\u00e9s durant l&rsquo;anniversaire d&rsquo;une cousine,<br \/>\n\u00e0 Auxerre. La maison avait \u00e9t\u00e9 vid\u00e9e de tous ses meubles et<br \/>\ntransform\u00e9e <a href=\"https:\/\/www.lejournaldelamaison.fr\/le-journal-de-la-maison\/nouveautes\/nouvel-accessoire-inedit-pour-bougie-transforme-lumiere-pectacle-unique-503887.html\" target=\"_blank\" rel=\"noopener\"><br \/>\nen petite salle de spectacle<\/a>. L&rsquo;estrade \u00e9tait improvis\u00e9e et le<br \/>\npublic compos\u00e9 uniquement d&rsquo;une cinquantaine de personnes,<br \/>\n<strong>mais il faut bien un d\u00e9but \u00e0 tout<\/strong>.<\/p>\n<p>Plus tard, dans les ann\u00e9es 1970, c\u2019est encore en Bourgogne, \u00e0 la<br \/>\nM\u00e9tairie Bruy\u00e8re de Parly, que France Gall choisira de vivre<br \/>\n<a href=\"https:\/\/www.lejournaldelamaison.fr\/le-journal-de-la-maison\/reportages-maisons\/maisons-reportages-maisons\/julien-clerc-quand-la-crise-a-explose-nous-avons-du-pourquoi-il-a-du-se-refugier-dans-cette-maison-du-poitou-avec-sa-femme-et-son-fils-522957.html\" target=\"_blank\" rel=\"noopener\"><br \/>\naux c\u00f4t\u00e9s de Julien Clerc<\/a>, son compagnon d&rsquo;alors. Cette r\u00e9gion<br \/>\naura d\u00e9finitivement beaucoup compt\u00e9 dans la vie de la chanteuse,<br \/>\ndisparue en 2018, \u00e0 l&rsquo;\u00e2ge de 70 ans.<\/p>\n<p><script async src=\"\/\/www.instagram.com\/embed.js\"><\/script><\/p>\n","protected":false},"excerpt":{"rendered":"Avant de devenir la chanteuse \u00e0 succ\u00e8s que tous les Fran\u00e7ais connaissent, France Gall a grandi loin des&hellip;\n","protected":false},"author":2,"featured_media":597117,"comment_status":"","ping_status":"","sticky":false,"template":"","format":"standard","meta":{"footnotes":""},"categories":[1355],"tags":[13041,2935,70995,1446,1805,154,58,59,13108,1011,27,51675,70997,7093,70999,2142,1361,873,5241,70998,10649,12352,70996],"class_list":{"0":"post-597116","1":"post","2":"type-post","3":"status-publish","4":"format-standard","5":"has-post-thumbnail","7":"category-musique","8":"tag-a","9":"tag-chansons","10":"tag-chantait","11":"tag-dans","12":"tag-de","13":"tag-des","14":"tag-divertissement","15":"tag-entertainment","16":"tag-familiale","17":"tag-fr","18":"tag-france","19":"tag-gall","20":"tag-hallyday","21":"tag-johnny","22":"tag-lyonne","23":"tag-maison","24":"tag-music","25":"tag-musique","26":"tag-on","27":"tag-pourrain","28":"tag-sa","29":"tag-sylvie","30":"tag-vartan"},"share_on_mastodon":{"url":"https:\/\/pubeurope.com\/@fr\/115713064698543640","error":""},"_links":{"self":[{"href":"https:\/\/www.europesays.com\/fr\/wp-json\/wp\/v2\/posts\/597116","targetHints":{"allow":["GET"]}}],"collection":[{"href":"https:\/\/www.europesays.com\/fr\/wp-json\/wp\/v2\/posts"}],"about":[{"href":"https:\/\/www.europesays.com\/fr\/wp-json\/wp\/v2\/types\/post"}],"author":[{"embeddable":true,"href":"https:\/\/www.europesays.com\/fr\/wp-json\/wp\/v2\/users\/2"}],"replies":[{"embeddable":true,"href":"https:\/\/www.europesays.com\/fr\/wp-json\/wp\/v2\/comments?post=597116"}],"version-history":[{"count":0,"href":"https:\/\/www.europesays.com\/fr\/wp-json\/wp\/v2\/posts\/597116\/revisions"}],"wp:featuredmedia":[{"embeddable":true,"href":"https:\/\/www.europesays.com\/fr\/wp-json\/wp\/v2\/media\/597117"}],"wp:attachment":[{"href":"https:\/\/www.europesays.com\/fr\/wp-json\/wp\/v2\/media?parent=597116"}],"wp:term":[{"taxonomy":"category","embeddable":true,"href":"https:\/\/www.europesays.com\/fr\/wp-json\/wp\/v2\/categories?post=597116"},{"taxonomy":"post_tag","embeddable":true,"href":"https:\/\/www.europesays.com\/fr\/wp-json\/wp\/v2\/tags?post=597116"}],"curies":[{"name":"wp","href":"https:\/\/api.w.org\/{rel}","templated":true}]}}