{"id":597124,"date":"2025-12-13T15:57:13","date_gmt":"2025-12-13T15:57:13","guid":{"rendered":"https:\/\/www.europesays.com\/fr\/597124\/"},"modified":"2025-12-13T15:57:13","modified_gmt":"2025-12-13T15:57:13","slug":"legendes-pokemon-za-classement-complet-des-nouvelles-mega-evolutions-du-pire-au-meilleur","status":"publish","type":"post","link":"https:\/\/www.europesays.com\/fr\/597124\/","title":{"rendered":"L\u00e9gendes Pok\u00e9mon ZA : classement complet des nouvelles M\u00e9ga-\u00c9volutions, du pire au meilleur"},"content":{"rendered":"<p>Depuis sa sortie, le DLC M\u00e9ga-Dimension de Pok\u00e9mon Legends : ZA ne cesse d\u2019alimenter les d\u00e9bats dans la communaut\u00e9. The Pok\u00e9mon Company a frapp\u00e9 fort en introduisant pas moins de 19 nouvelles M\u00e9ga-\u00c9volutions, apportant un vent de fra\u00eecheur \u00e0 une m\u00e9canique longtemps mise de c\u00f4t\u00e9 dans les opus r\u00e9cents.<\/p>\n<p>Si la promesse de renouveau graphique est tenue, tous les designs ne font pas l\u2019unanimit\u00e9. Certains choix esth\u00e9tiques interrogent, quand d\u2019autres suscitent l\u2019adh\u00e9sion imm\u00e9diate des fans. <a href=\"https:\/\/www.lacremedugaming.fr\/jeux\/pokemon\/legendes-pokemon-z-a-liste-complete-des-evolutions-speciales-et-comment-les-obtenir-201765.html\" target=\"_blank\" rel=\"noopener\">Voici notre classement des nouvelles M\u00e9ga-\u00c9volutions<\/a> du DLC, du design le plus critiqu\u00e9 au plus marquant.<\/p>\n<p> Des designs qui divisent fortement les joueurs <\/p>\n<p>En queue de classement, M\u00e9ga Darkrai surprend par un look jug\u00e9 grotesque, \u00e0 la limite de l\u2019effrayant, avec un abdomen disproportionn\u00e9. M\u00e9ga Raichu X, pourtant l\u2019un des premiers r\u00e9v\u00e9l\u00e9s, peine \u00e0 convaincre avec un m\u00e9lange peu harmonieux entre Pikachu et Raichu. M\u00eame constat mitig\u00e9 pour M\u00e9ga Golisopode, dont les bras suppl\u00e9mentaires rappellent davantage une mutation hasardeuse qu\u2019une \u00e9volution redoutable.<\/p>\n<p>Dans le ventre mou, des Pok\u00e9mon comme M\u00e9ga Heatran ou M\u00e9ga Glimmora pr\u00e9sentent des designs coh\u00e9rents avec leur lore, mais sans prise de risque r\u00e9elle. D&rsquo;autres, comme M\u00e9ga Crabominable ou M\u00e9ga Magearna, misent sur une exag\u00e9ration des traits d\u00e9j\u00e0 pr\u00e9sents, avec un effet parfois d\u00e9routant.<\/p>\n<p> Les r\u00e9ussites inattendues et les clins d\u2019\u0153il appr\u00e9ci\u00e9s <\/p>\n<p>\u00c0 mesure que l\u2019on remonte dans le classement, certaines surprises font leur effet. M\u00e9ga Chimecho s\u00e9duit par son aspect carillon po\u00e9tique et l\u2019ajout d\u2019un type Acier bien trouv\u00e9. M\u00e9ga Golurk, lui, amplifie son apparence de golem spectral avec des ailes fantomatiques violettes, une id\u00e9e visuelle salu\u00e9e par les fans.<\/p>\n<p>M\u00e9ga Zeraora op\u00e8re un virage chromatique audacieux : le jaune laisse place au bleu et noir, cr\u00e9ant un effet de fusion entre Zeraora et Luxray. Le r\u00e9sultat est \u00e0 la fois original et respectueux du design de base. Quant \u00e0 M\u00e9ga Lucario Z, il surprend par un look presque pop, mais reste fid\u00e8le \u00e0 <a href=\"https:\/\/www.lacremedugaming.fr\/jeux\/pokemon\/legendes-pokemon-z-a-offre-un-pokemon-legendaire-gratuit-ne-perdez-pas-de-temps-204097.html\" target=\"_blank\" rel=\"noopener\">l\u2019esprit combatif du Pok\u00e9mon embl\u00e9matique.<\/a><\/p>\n<p> Les coups de c\u0153ur absolus du DLC <\/p>\n<p>Aux premi\u00e8res places, trois M\u00e9ga-\u00c9volutions se d\u00e9marquent nettement. M\u00e9ga Miaouss combine habilement ses formes m\u00e2le et femelle pour un rendu plus \u00e9lanc\u00e9, avec un look emo qui fait mouche. M\u00e9ga Staraptor adopte des attributs de rapace plus marqu\u00e9s, renfor\u00e7ant son statut de pr\u00e9dateur a\u00e9rien avec panache.<\/p>\n<p>Mais c\u2019est bien M\u00e9ga Absol Z qui vole la vedette. Premi\u00e8re \u00e9volution d\u00e9voil\u00e9e dans le DLC, elle impose une aura unique m\u00ealant ombre et \u00e9l\u00e9gance. L\u2019ajout du type Spectre s\u2019inscrit dans une logique \u00e9vidente, et son style r\u00e9solument emo ach\u00e8ve de conqu\u00e9rir les fans de la premi\u00e8re heure comme les nouveaux venus.<\/p>\n","protected":false},"excerpt":{"rendered":"Depuis sa sortie, le DLC M\u00e9ga-Dimension de Pok\u00e9mon Legends : ZA ne cesse d\u2019alimenter les d\u00e9bats dans la&hellip;\n","protected":false},"author":2,"featured_media":597125,"comment_status":"","ping_status":"","sticky":false,"template":"","format":"standard","meta":{"footnotes":""},"categories":[7],"tags":[1011,27,43,40,41,39,42,44],"class_list":{"0":"post-597124","1":"post","2":"type-post","3":"status-publish","4":"format-standard","5":"has-post-thumbnail","7":"category-sciences-et-technologies","8":"tag-fr","9":"tag-france","10":"tag-science","11":"tag-science-and-technology","12":"tag-sciences","13":"tag-sciences-et-technologies","14":"tag-technologies","15":"tag-technology"},"share_on_mastodon":{"url":"https:\/\/pubeurope.com\/@fr\/115713084322044817","error":""},"_links":{"self":[{"href":"https:\/\/www.europesays.com\/fr\/wp-json\/wp\/v2\/posts\/597124","targetHints":{"allow":["GET"]}}],"collection":[{"href":"https:\/\/www.europesays.com\/fr\/wp-json\/wp\/v2\/posts"}],"about":[{"href":"https:\/\/www.europesays.com\/fr\/wp-json\/wp\/v2\/types\/post"}],"author":[{"embeddable":true,"href":"https:\/\/www.europesays.com\/fr\/wp-json\/wp\/v2\/users\/2"}],"replies":[{"embeddable":true,"href":"https:\/\/www.europesays.com\/fr\/wp-json\/wp\/v2\/comments?post=597124"}],"version-history":[{"count":0,"href":"https:\/\/www.europesays.com\/fr\/wp-json\/wp\/v2\/posts\/597124\/revisions"}],"wp:featuredmedia":[{"embeddable":true,"href":"https:\/\/www.europesays.com\/fr\/wp-json\/wp\/v2\/media\/597125"}],"wp:attachment":[{"href":"https:\/\/www.europesays.com\/fr\/wp-json\/wp\/v2\/media?parent=597124"}],"wp:term":[{"taxonomy":"category","embeddable":true,"href":"https:\/\/www.europesays.com\/fr\/wp-json\/wp\/v2\/categories?post=597124"},{"taxonomy":"post_tag","embeddable":true,"href":"https:\/\/www.europesays.com\/fr\/wp-json\/wp\/v2\/tags?post=597124"}],"curies":[{"name":"wp","href":"https:\/\/api.w.org\/{rel}","templated":true}]}}