{"id":597128,"date":"2025-12-13T15:59:10","date_gmt":"2025-12-13T15:59:10","guid":{"rendered":"https:\/\/www.europesays.com\/fr\/597128\/"},"modified":"2025-12-13T15:59:10","modified_gmt":"2025-12-13T15:59:10","slug":"le-cambodge-suspend-les-passages-frontaliers-avec-la-thailande-quatre-soldats-thailandais-tues-le-monde-fr","status":"publish","type":"post","link":"https:\/\/www.europesays.com\/fr\/597128\/","title":{"rendered":"Le Cambodge suspend les passages frontaliers avec la Tha\u00eflande, quatre soldats tha\u00eflandais tu\u00e9s &#8211; Le Monde.fr"},"content":{"rendered":"<ol>\n<li><a href=\"https:\/\/news.google.com\/rss\/articles\/CBMi_AFBVV95cUxQVVRuRDlrOTFHNUhPUUJ4V2swZ0RXOHhIQ19nbjVvVmRYbzJlcXpaOF9lSGdwUnJuQnhGaUtwTzkwWUUtb0w4ZFhfVE5QOEF0ZEZrbU5hY0ZIaXJCRWJraWFzSHpUdWRCaUdLeHRZRUtCV0ZrYXNoN1dOSDNZUmMwNUtHZDVSTHlRR3lwbC1vMjNOZ3Bxd2dnRHpxbWc1VUNFb3FoOTFYTE9USTNLOVIwQmxjY0tfeFlKM1NkSzNsam9XR2hiU2l4UFEtTTNCR2RIS2hfaWs5MEdKNTZwaFdxajhtbkpWaDFXUEZJNU9OYk5WTlNmcUtQN1lSTmk?oc=5\" target=\"_blank\" rel=\"noopener\">Le Cambodge suspend les passages frontaliers avec la Tha\u00eflande, quatre soldats tha\u00eflandais tu\u00e9s<\/a>&nbsp;&nbsp;Le Monde.fr<\/li>\n<li><a href=\"https:\/\/news.google.com\/rss\/articles\/CBMiygFBVV95cUxOS1Q0T2d2WkF1X1JGYmlyZW9ZcFhvZXFUVmFldGxoVFNxem5EWGFyT1dxZmNyZXR6anNYMFFRR3RrbUl5SmFKdHQxUldyeVhpeXhiVzlsTHdsVUczQXRDcDM4VmFsMzZIYlZ5UnlaVkRBNmE4ek1VQ3JoTkRJY2podWluaWk1SzE0bDRycE4xZEdLbVlabEdnXzFURW1jczFFNmZTeGJ1V3gzc2dfTUpMeURfcDIyN0tmWWFGWHlSSlhxRThxODZ0RmpB?oc=5\" target=\"_blank\" rel=\"noopener\">Malgr\u00e9 l\u2019annonce d\u2019un cessez-le-feu par Donald Trump, des bombardements tha\u00eflandais au Cambodge<\/a>&nbsp;&nbsp;l&rsquo;Opinion<\/li>\n<li><a href=\"https:\/\/news.google.com\/rss\/articles\/CBMi2gFBVV95cUxQNFJXeGVIZUhIRWtCbTRqeE01U2s2U01qdzlJV0lHY0g1TVc1SUxOMlFmWjVxNFBxaWsyQ2ZNQjluamE4Nl9VajY4Zkp3QlVhbXo5YjRGV2VUQmxwQlhjWWNkbWo2ZzZUUm5XOUdyQkdzcEc4SXZ6VjJLaDNPMjdaajlIRVZVNmt2RjZmMGZzUzgyU0lGejJFaE0ya3o0ejQyc0V2SHBTb1FkZXlhTjF6LWRTUlNmRmIxdTJHWFZiTWNOUk92cDhUTlR6ZDB1Rk10TTJ6VXd4MnJJdw?oc=5\" target=\"_blank\" rel=\"noopener\">Les combats entre la Tha\u00eflande et le Cambodge reprennent, malgr\u00e9 la m\u00e9diation de Donald Trump<\/a>&nbsp;&nbsp;Franceinfo<\/li>\n<li><a href=\"https:\/\/news.google.com\/rss\/articles\/CBMi1gFBVV95cUxQSURnWGZrRDhfVXlwS3NPc2xVLVc1NEpYdGo3aGdfZDh4ZG0tUktCWWtuR2ZfTGozb1paTzBxQmRrMHZvdjVZOWFqZUt1RFNodm5jMlZJb21sTlp6bmpwWDdrdGVrUWJFbmlHaVV6T2hNYnNLYW9VVm5VNXVPMWk0SmcxZWJoNWhuN2lCc3ZRRWVlR0tValliVXhjTVp6eHZHYTZ3THNPNWVBTkNmczd1NG5oeWtkZVpXQl9Bc0U5ODlpWmdnQ0NBS1hBbExwdTNEUUI5bnhB?oc=5\" target=\"_blank\" rel=\"noopener\">En plein conflit avec le Cambodge, le Premier ministre tha\u00eflandais dissout le Parlement<\/a>&nbsp;&nbsp;Les Echos<\/li>\n<li><a href=\"https:\/\/news.google.com\/rss\/articles\/CBMi-gFBVV95cUxOMDlpcTRJR2pSYl9Db3RPQWwtVFkzS3Zua1prWkxGU1Jhd01peTJtREV0VUowamxYVVhwMlJweXpvUmtoUkl1Y1JjSkpjWUNTR3lUcC14YlM3UnZ1RUpZX04zaWloQmxQc0lNUGlmVUpGWk1nWkhxNlJIU21jM2ZEYTFhUU5sbHVHRGo2Wm00bmxzdmJsamprYjIzTl83MHJTNTdJVk5wWGplNVRjXzlzc3pXRGJqNElXNFQ3cTZpY01RVEZJemtRYVpSdWNscHJ1NHVUX0ppQUlwd0JlcGhfeU1BQ2E1NUVlaTc3VnJuLXFaQ3NOU1hZWkxR?oc=5\" target=\"_blank\" rel=\"noopener\">La Tha\u00eflande frappe \u00e0 nouveau le Cambodge quelques heures apr\u00e8s l&rsquo;annonce d&rsquo;un cessez-le-feu<\/a>&nbsp;&nbsp;RFI<\/li>\n<\/ol>\n","protected":false},"excerpt":{"rendered":"Le Cambodge suspend les passages frontaliers avec la Tha\u00eflande, quatre soldats tha\u00eflandais tu\u00e9s&nbsp;&nbsp;Le Monde.fr Malgr\u00e9 l\u2019annonce d\u2019un cessez-le-feu&hellip;\n","protected":false},"author":2,"featured_media":395849,"comment_status":"","ping_status":"","sticky":false,"template":"","format":"standard","meta":{"footnotes":""},"categories":[5],"tags":[11,1011,27,14,12,28],"class_list":{"0":"post-597128","1":"post","2":"type-post","3":"status-publish","4":"format-standard","5":"has-post-thumbnail","7":"category-international","8":"tag-actualites","9":"tag-fr","10":"tag-france","11":"tag-international","12":"tag-news","13":"tag-world"},"share_on_mastodon":{"url":"https:\/\/pubeurope.com\/@fr\/115713092304156127","error":""},"_links":{"self":[{"href":"https:\/\/www.europesays.com\/fr\/wp-json\/wp\/v2\/posts\/597128","targetHints":{"allow":["GET"]}}],"collection":[{"href":"https:\/\/www.europesays.com\/fr\/wp-json\/wp\/v2\/posts"}],"about":[{"href":"https:\/\/www.europesays.com\/fr\/wp-json\/wp\/v2\/types\/post"}],"author":[{"embeddable":true,"href":"https:\/\/www.europesays.com\/fr\/wp-json\/wp\/v2\/users\/2"}],"replies":[{"embeddable":true,"href":"https:\/\/www.europesays.com\/fr\/wp-json\/wp\/v2\/comments?post=597128"}],"version-history":[{"count":0,"href":"https:\/\/www.europesays.com\/fr\/wp-json\/wp\/v2\/posts\/597128\/revisions"}],"wp:featuredmedia":[{"embeddable":true,"href":"https:\/\/www.europesays.com\/fr\/wp-json\/wp\/v2\/media\/395849"}],"wp:attachment":[{"href":"https:\/\/www.europesays.com\/fr\/wp-json\/wp\/v2\/media?parent=597128"}],"wp:term":[{"taxonomy":"category","embeddable":true,"href":"https:\/\/www.europesays.com\/fr\/wp-json\/wp\/v2\/categories?post=597128"},{"taxonomy":"post_tag","embeddable":true,"href":"https:\/\/www.europesays.com\/fr\/wp-json\/wp\/v2\/tags?post=597128"}],"curies":[{"name":"wp","href":"https:\/\/api.w.org\/{rel}","templated":true}]}}