{"id":597129,"date":"2025-12-13T16:00:23","date_gmt":"2025-12-13T16:00:23","guid":{"rendered":"https:\/\/www.europesays.com\/fr\/597129\/"},"modified":"2025-12-13T16:00:23","modified_gmt":"2025-12-13T16:00:23","slug":"un-agresseur-sexuel-denfants-confondu-grace-a-une-poupee-pedopornographique","status":"publish","type":"post","link":"https:\/\/www.europesays.com\/fr\/597129\/","title":{"rendered":"Un agresseur sexuel d\u2019enfants confondu gr\u00e2ce \u00e0 une poup\u00e9e p\u00e9dopornographique"},"content":{"rendered":"<p>Mercredi, <a href=\"https:\/\/www.20minutes.fr\/faits_divers\/4191072-20251211-informaticiens-employes-mairies-electriciens-acheteurs-poupees-pedopornographiques-interpelles\" class=\"c-link c-link--is-underlined\" rel=\"nofollow noopener\" target=\"_blank\">19 hommes ont \u00e9t\u00e9 interpell\u00e9s<\/a> sur le territoire dans le cadre d\u2019une vaste enqu\u00eate sur les achats de <a href=\"https:\/\/www.20minutes.fr\/societe\/4190887-20251210-poupees-caractere-pedopornographique-achetees-ligne-vingtaine-personnes-interpellee\" target=\"_blank\" class=\"c-link c-link--is-underlined\" rel=\"nofollow noopener\">poup\u00e9es \u00e0 caract\u00e8re p\u00e9dopornographiques<\/a> sur diff\u00e9rents sites internet, notamment Shein. Parmi ces suspects, un habitant de <a href=\"https:\/\/www.20minutes.fr\/dossier\/seine_maritime-1\" class=\"c-link c-link--is-underlined\" rel=\"nofollow noopener\" target=\"_blank\">Seine-Maritime<\/a> avait bien pire \u00e0 se reprocher.<\/p>\n<p>En suivant la trace des poup\u00e9es, les enqu\u00eateurs ont d\u00e9barqu\u00e9 au domicile du suspect, \u00e0 Saint-Etienne-du-Rouvray, pr\u00e8s de Rouen. Inconnu de la justice pour p\u00e9docriminalit\u00e9, l\u2019homme avait reconnu en garde \u00e0 vue qu\u2019il avait effectivement fait l\u2019acquisition d\u2019une de ces poup\u00e9es \u00ab\u00a0parce qu\u2019il se sentait seul\u00a0\u00bb selon <a href=\"https:\/\/france3-regions.franceinfo.fr\/normandie\/seine-maritime\/rouen\/l-homme-interpelle-pres-de-rouen-pour-detention-de-poupee-pedopornographique-mis-en-examen-et-place-en-detention-provisoire-pour-agressions-sexuelles-3266042.html\" target=\"_blank\" class=\"c-link c-link--is-underlined\" rel=\"nofollow noopener\">France 3<\/a>. Si la poup\u00e9e en question n\u2019a pas \u00e9t\u00e9 retrouv\u00e9e, jet\u00e9e par son propri\u00e9taire selon ses propres aveux, les policiers ont en revanche saisi l\u2019ordinateur de cet homme avant de le rel\u00e2cher.<\/p>\n<\/p>\n<p>Des vid\u00e9os d\u2019agressions sexuelles d\u2019enfants<\/p>\n<p>Mais ce que les enqu\u00eateurs ont trouv\u00e9 dans le disque dur de l\u2019appareil va ramener rapidement son propri\u00e9taire en garde \u00e0 vue. Plusieurs vid\u00e9os montraient en effet le suspect commettre des agressions sexuelles sur des enfants et sur une femme adulte, rapportent nos confr\u00e8res. Des vid\u00e9os r\u00e9centes, dat\u00e9es de l\u2019ann\u00e9e derni\u00e8re.<\/p>\n<p><a href=\"https:\/\/www.20minutes.fr\/monde\/shein\/\" class=\"c-link c-btn c-btn--primary\" rel=\"nofollow noopener\" target=\"_blank\">Notre dossier sur Shein<\/a><\/p>\n<p>A l\u2019issue de sa garde \u00e0 vue, l\u2019homme a \u00e9t\u00e9 mis en examen pour agression sexuelle sur mineur, agression sexuelle, viol et enregistrement d\u2019image \u00e0 caract\u00e8re pornographique d\u2019un mineur. Il a \u00e9t\u00e9 plac\u00e9 en d\u00e9tention provisoire, vendredi.<\/p>\n","protected":false},"excerpt":{"rendered":"Mercredi, 19 hommes ont \u00e9t\u00e9 interpell\u00e9s sur le territoire dans le cadre d\u2019une vaste enqu\u00eate sur les achats&hellip;\n","protected":false},"author":2,"featured_media":597130,"comment_status":"","ping_status":"","sticky":false,"template":"","format":"standard","meta":{"footnotes":""},"categories":[4],"tags":[47,11,1267,118,1011,27,12,5161,1974,32329,25,5163,1104,1265],"class_list":{"0":"post-597129","1":"post","2":"type-post","3":"status-publish","4":"format-standard","5":"has-post-thumbnail","7":"category-france","8":"tag-actualite","9":"tag-actualites","10":"tag-agression-sexuelle","11":"tag-faits-divers","12":"tag-fr","13":"tag-france","14":"tag-news","15":"tag-normandie","16":"tag-pedocriminalite","17":"tag-pedopornographie","18":"tag-republique-francaise","19":"tag-seine-maritime","20":"tag-shein","21":"tag-viol"},"share_on_mastodon":{"url":"https:\/\/pubeurope.com\/@fr\/115713096020841482","error":""},"_links":{"self":[{"href":"https:\/\/www.europesays.com\/fr\/wp-json\/wp\/v2\/posts\/597129","targetHints":{"allow":["GET"]}}],"collection":[{"href":"https:\/\/www.europesays.com\/fr\/wp-json\/wp\/v2\/posts"}],"about":[{"href":"https:\/\/www.europesays.com\/fr\/wp-json\/wp\/v2\/types\/post"}],"author":[{"embeddable":true,"href":"https:\/\/www.europesays.com\/fr\/wp-json\/wp\/v2\/users\/2"}],"replies":[{"embeddable":true,"href":"https:\/\/www.europesays.com\/fr\/wp-json\/wp\/v2\/comments?post=597129"}],"version-history":[{"count":0,"href":"https:\/\/www.europesays.com\/fr\/wp-json\/wp\/v2\/posts\/597129\/revisions"}],"wp:featuredmedia":[{"embeddable":true,"href":"https:\/\/www.europesays.com\/fr\/wp-json\/wp\/v2\/media\/597130"}],"wp:attachment":[{"href":"https:\/\/www.europesays.com\/fr\/wp-json\/wp\/v2\/media?parent=597129"}],"wp:term":[{"taxonomy":"category","embeddable":true,"href":"https:\/\/www.europesays.com\/fr\/wp-json\/wp\/v2\/categories?post=597129"},{"taxonomy":"post_tag","embeddable":true,"href":"https:\/\/www.europesays.com\/fr\/wp-json\/wp\/v2\/tags?post=597129"}],"curies":[{"name":"wp","href":"https:\/\/api.w.org\/{rel}","templated":true}]}}