{"id":597133,"date":"2025-12-13T16:04:13","date_gmt":"2025-12-13T16:04:13","guid":{"rendered":"https:\/\/www.europesays.com\/fr\/597133\/"},"modified":"2025-12-13T16:04:13","modified_gmt":"2025-12-13T16:04:13","slug":"quel-budget-faut-il-prevoir-pour-se-faire-plaisir-au-marche-de-noel","status":"publish","type":"post","link":"https:\/\/www.europesays.com\/fr\/597133\/","title":{"rendered":"quel budget faut-il pr\u00e9voir pour se faire plaisir au march\u00e9 de No\u00ebl\u00a0?"},"content":{"rendered":"<p>\u00ab\u00a0Tu respires deux fois et, \u00e7a y est, le budget est d\u00e9pass\u00e9\u00a0!\u00a0\u00bb Ludivine et sa fille sortent d\u2019un du Photomaton install\u00e9 sur le march\u00e9 de No\u00ebl avec leurs clich\u00e9s entre les mains. Un joli souvenir et voil\u00e0 4 euros d\u00e9pens\u00e9s en un clin d\u2019\u0153il.<\/p>\n<p>\u00ab\u00a0On s\u2019est fix\u00e9 environ 20 euros, sinon, on ne s\u2019arr\u00eaterait jamais\u00a0!\u00a0\u00bb Comme elles, de nombreux visiteurs du march\u00e9 de No\u00ebl de Saint-\u00c9tienne ont un budget restreint\u2026 parfois difficile \u00e0 tenir.<\/p>\n<p>Une boisson et un en-cas d\u00e8s 2,50\u00a0euros<\/p>\n<p>Marie, Audeline et Shadene soufflent sur leur verre de jus de pommes fumant pay\u00e9 3\u00a0euros. \u00ab\u00a0Les prix augmentent partout, mais c\u2019est correct\u2026 C\u2019est une fois dans&#8230;<\/p>\n","protected":false},"excerpt":{"rendered":"\u00ab\u00a0Tu respires deux fois et, \u00e7a y est, le budget est d\u00e9pass\u00e9\u00a0!\u00a0\u00bb Ludivine et sa fille sortent d\u2019un&hellip;\n","protected":false},"author":2,"featured_media":597134,"comment_status":"","ping_status":"","sticky":false,"template":"","format":"standard","meta":{"footnotes":""},"categories":[9653],"tags":[1111,11,2430,130,33,7539,1777,674,107,1011,27,3367,12,25,4001,7538],"class_list":{"0":"post-597133","1":"post","2":"type-post","3":"status-publish","4":"format-standard","5":"has-post-thumbnail","7":"category-saint-etienne","8":"tag-actu","9":"tag-actualites","10":"tag-auvergne-rhone-alpes","11":"tag-consommation","12":"tag-economie","13":"tag-edition-loire-sud","14":"tag-eu","15":"tag-europe","16":"tag-fil-info","17":"tag-fr","18":"tag-france","19":"tag-loire","20":"tag-news","21":"tag-republique-francaise","22":"tag-saint-etienne","23":"tag-saint-etienne-ville"},"share_on_mastodon":{"url":"https:\/\/pubeurope.com\/@fr\/115713111826948310","error":""},"_links":{"self":[{"href":"https:\/\/www.europesays.com\/fr\/wp-json\/wp\/v2\/posts\/597133","targetHints":{"allow":["GET"]}}],"collection":[{"href":"https:\/\/www.europesays.com\/fr\/wp-json\/wp\/v2\/posts"}],"about":[{"href":"https:\/\/www.europesays.com\/fr\/wp-json\/wp\/v2\/types\/post"}],"author":[{"embeddable":true,"href":"https:\/\/www.europesays.com\/fr\/wp-json\/wp\/v2\/users\/2"}],"replies":[{"embeddable":true,"href":"https:\/\/www.europesays.com\/fr\/wp-json\/wp\/v2\/comments?post=597133"}],"version-history":[{"count":0,"href":"https:\/\/www.europesays.com\/fr\/wp-json\/wp\/v2\/posts\/597133\/revisions"}],"wp:featuredmedia":[{"embeddable":true,"href":"https:\/\/www.europesays.com\/fr\/wp-json\/wp\/v2\/media\/597134"}],"wp:attachment":[{"href":"https:\/\/www.europesays.com\/fr\/wp-json\/wp\/v2\/media?parent=597133"}],"wp:term":[{"taxonomy":"category","embeddable":true,"href":"https:\/\/www.europesays.com\/fr\/wp-json\/wp\/v2\/categories?post=597133"},{"taxonomy":"post_tag","embeddable":true,"href":"https:\/\/www.europesays.com\/fr\/wp-json\/wp\/v2\/tags?post=597133"}],"curies":[{"name":"wp","href":"https:\/\/api.w.org\/{rel}","templated":true}]}}