{"id":597137,"date":"2025-12-13T16:09:14","date_gmt":"2025-12-13T16:09:14","guid":{"rendered":"https:\/\/www.europesays.com\/fr\/597137\/"},"modified":"2025-12-13T16:09:14","modified_gmt":"2025-12-13T16:09:14","slug":"sa-seance-de-dedicaces-prevue-pres-de-nancy-annulee-au-dernier-moment-voici-pourquoi","status":"publish","type":"post","link":"https:\/\/www.europesays.com\/fr\/597137\/","title":{"rendered":"sa s\u00e9ance de d\u00e9dicaces pr\u00e9vue pr\u00e8s de Nancy annul\u00e9e au dernier moment,\u00a0voici\u00a0pourquoi"},"content":{"rendered":"<p>                    Par<br \/>\n        <strong><br \/>\n            <a href=\"https:\/\/actu.fr\/auteur\/ninon-oget\" title=\"Consulter tous les articles de Ninon Oget\" target=\"_blank\" rel=\"noopener\">Ninon Oget<\/a><br \/>\n                    <\/strong><\/p>\n<p>        Publi\u00e9 le<\/p>\n<p>            10 d\u00e9c. 2025 \u00e0 9h38<br \/>\n        ; mis \u00e0 jour le 10 d\u00e9c. 2025 \u00e0 9h49    <\/p>\n<p><strong>Michou<\/strong>, c\u00e9l\u00e8bre vid\u00e9aste aux 10 millions d\u2019abonn\u00e9s sur <a href=\"https:\/\/actu.fr\/tag\/youtube\" target=\"_blank\" rel=\"noopener\">YouTube<\/a>, a <a href=\"https:\/\/actu.fr\/grand-est\/thionville_57672\/michou-sera-tres-bientot-en-moselle-pour-rencontrer-ses-fans-ce-qu-il-faut-savoir_63469013.html\" target=\"_blank\" rel=\"noopener\">rencontr\u00e9 ses fans<\/a> de <a href=\"https:\/\/actu.fr\/grand-est\/moselle_57\" target=\"_blank\" rel=\"noopener\">Moselle<\/a> lors d\u2019une<strong> s\u00e9ance de d\u00e9dicace<\/strong> organis\u00e9e au centre commercial Geric de Thionville, mercredi 26 novembre. Plusieurs jours plus tard, il \u00e9tait attendu pr\u00e8s de <strong>Nancy<\/strong> pour un \u00e9v\u00e9nement similaire, mais celui-ci a \u00e9t\u00e9 <strong>annul\u00e9<\/strong>. On vous explique pourquoi.<\/p>\n<p>Michou en d\u00e9dicace pr\u00e8s de Nancy : des \u00ab\u00a0probl\u00e8mes de capacit\u00e9 d\u2019accueil\u00a0\u00bb<\/p>\n<p class=\" wall-content\">Le <strong>centre commercial Shop\u2019in Houdemont<\/strong>, situ\u00e9 pr\u00e8s de Nancy, devait accueillir une s\u00e9ance de d\u00e9dicace de Michou, <strong>samedi 13 d\u00e9cembre 2025<\/strong>.<\/p>\n<p class=\" wall-content\">Mais sur les <a href=\"https:\/\/actu.fr\/tag\/reseaux-sociaux\" target=\"_blank\" rel=\"noopener\">r\u00e9seaux sociaux<\/a>, lundi 8 d\u00e9cembre, le centre commercial a annonc\u00e9 : \u00ab En raison de <strong>probl\u00e8mes de capacit\u00e9 d\u2019accueil<\/strong> li\u00e9s \u00e0 <strong>l\u2019affluence exceptionnelle<\/strong> provoqu\u00e9e par le grand succ\u00e8s de la tourn\u00e9e de Michou, nous sommes au regret d\u2019annoncer qu\u2019il ne pourra finalement pas se rendre au centre commercial Shop\u2019in Houdemont. \u00bb<\/p>\n<p>    <img   decoding=\"async\" loading=\"lazy\" src=\"https:\/\/www.europesays.com\/fr\/wp-content\/uploads\/2025\/12\/michou-dedicace-nancy-annulee-960x640.jpg\" alt=\"Le centre commercial Shop'in Houdemont a fait une annonce sur les r\u00e9seaux sociaux.\" width=\"960\" height=\"640\"\/><br \/>\n    Le centre commercial Shop\u2019in Houdemont a fait une annonce sur les r\u00e9seaux sociaux. (\u00a9Capture d\u2019\u00e9cran)\u00ab\u00a0Vous avez terrifi\u00e9 le centre commercial\u00a0\u00bb<\/p>\n<p class=\" wall-content\">Une mauvaise nouvelle que Michou a \u00e9galement partag\u00e9 sur les r\u00e9seaux sociaux. \u00ab Je devais venir en s\u00e9ance de d\u00e9dicace \u00e0 Nancy, mais <strong>vous avez terrifi\u00e9<\/strong> le centre commercial \u00bb, s\u2019amuse le youtubeur dans une vid\u00e9o relay\u00e9e sur TikTok.<\/p>\n<p class=\" wall-content\">D\u2019apr\u00e8s Michou, le centre commercial \u00ab a <strong>pris peur au vu du succ\u00e8s des dates<\/strong>, du monde qu\u2019il y a.<strong> Il ne se sent pas en capacit\u00e9 d\u2019accueillir autant de monde.<\/strong> Donc ils ont pr\u00e9f\u00e9r\u00e9 annuler la date. Vous leur avez fait peur, vous \u00eates trop puissants \u00bb.<\/p>\n<blockquote class=\"tiktok-embed\" cite=\"https:\/\/www.tiktok.com\/@jeez97tv\/video\/7581558368075074838\" data-video-id=\"7581558368075074838\" data-embed-from=\"oembed\" style=\"max-width:605px; min-width:325px;\"><p>\n<a target=\"_blank\" title=\"@jeez97tv\" href=\"https:\/\/www.tiktok.com\/@jeez97tv?refer=embed\" rel=\"noopener\">@jeez97tv<\/a> <\/p>\n<p>Michou sera en s\u00e9ance d\u00e9dicace du c\u00f4t\u00e9 de Perpignan ce samedi 13 d\u00e9cembre au centre commercial Salanca <a title=\"michou\" target=\"_blank\" href=\"https:\/\/www.tiktok.com\/tag\/michou?refer=embed\" rel=\"noopener\">#michou<\/a> <\/p>\n<p> <a target=\"_blank\" title=\"\u266c son original - || Twitch : Jeez97tv ||\" href=\"https:\/\/www.tiktok.com\/music\/son-original-7581558367816960790?refer=embed\" rel=\"noopener\">\u266c son original \u2013 || Twitch : Jeez97tv ||<\/a> <\/p>\n<\/blockquote>\n<p>Votre r\u00e9gion, votre actu !<\/p>\n<p>Recevez chaque jour les infos qui comptent pour vous.<\/p>\n<p>\t<a href=\"https:\/\/actu.fr\/newsletter\" class=\"ac-btn ac-btn--corner ac-btn--medium ac-btn--blue800\" target=\"_blank\" rel=\"noopener\">S&rsquo;incrire<\/a><\/p>\n<p class=\" wall-content\">Puisque Michou a d\u00e9sormais son samedi 13 d\u00e9cembre de libre, il sera finalement dans le <a href=\"https:\/\/actu.fr\/occitanie\/claira_66050\/une-star-d-internet-debarque-ce-centre-commercial-des-pyrenees-orientales-pourrait-etre-pris-d-assaut_63545117.html\" target=\"_blank\" rel=\"noopener\">centre commercial de Claira (Pyr\u00e9n\u00e9es-Orientales<\/a>) ce jour-l\u00e0.<\/p>\n<p class=\" wall-content\">Personnalisez votre actualit\u00e9 en ajoutant vos villes et m\u00e9dias en favori avec <a href=\"https:\/\/moncompte.actu.fr\" title=\"D\u00e9couvez Mon Actu\" rel=\"nofollow noopener\" data-trk=\"{&quot;cta&quot;:{&quot;action&quot;:&quot;https:\\\/\\\/moncompte.actu.fr&quot;,&quot;category&quot;:&quot;mon compte&quot;,&quot;from&quot;:&quot;article footer&quot;,&quot;name&quot;:&quot;Mon actu&quot;,&quot;type&quot;:&quot;cta&quot;}}\" target=\"_blank\">Mon Actu<\/a>.<\/p>\n<p>                    <script async src=\"\/\/www.tiktok.com\/embed.js\"><\/script><\/p>\n","protected":false},"excerpt":{"rendered":"Par Ninon Oget Publi\u00e9 le 10 d\u00e9c. 2025 \u00e0 9h38 ; mis \u00e0 jour le 10 d\u00e9c. 2025&hellip;\n","protected":false},"author":2,"featured_media":597138,"comment_status":"","ping_status":"","sticky":false,"template":"","format":"standard","meta":{"footnotes":""},"categories":[9635],"tags":[1111,11,1777,674,1011,27,775,1702,12,25,104,2784],"class_list":{"0":"post-597137","1":"post","2":"type-post","3":"status-publish","4":"format-standard","5":"has-post-thumbnail","7":"category-nancy","8":"tag-actu","9":"tag-actualites","10":"tag-eu","11":"tag-europe","12":"tag-fr","13":"tag-france","14":"tag-grand-est","15":"tag-nancy","16":"tag-news","17":"tag-republique-francaise","18":"tag-societe","19":"tag-youtube"},"share_on_mastodon":{"url":"https:\/\/pubeurope.com\/@fr\/115713132306845459","error":""},"_links":{"self":[{"href":"https:\/\/www.europesays.com\/fr\/wp-json\/wp\/v2\/posts\/597137","targetHints":{"allow":["GET"]}}],"collection":[{"href":"https:\/\/www.europesays.com\/fr\/wp-json\/wp\/v2\/posts"}],"about":[{"href":"https:\/\/www.europesays.com\/fr\/wp-json\/wp\/v2\/types\/post"}],"author":[{"embeddable":true,"href":"https:\/\/www.europesays.com\/fr\/wp-json\/wp\/v2\/users\/2"}],"replies":[{"embeddable":true,"href":"https:\/\/www.europesays.com\/fr\/wp-json\/wp\/v2\/comments?post=597137"}],"version-history":[{"count":0,"href":"https:\/\/www.europesays.com\/fr\/wp-json\/wp\/v2\/posts\/597137\/revisions"}],"wp:featuredmedia":[{"embeddable":true,"href":"https:\/\/www.europesays.com\/fr\/wp-json\/wp\/v2\/media\/597138"}],"wp:attachment":[{"href":"https:\/\/www.europesays.com\/fr\/wp-json\/wp\/v2\/media?parent=597137"}],"wp:term":[{"taxonomy":"category","embeddable":true,"href":"https:\/\/www.europesays.com\/fr\/wp-json\/wp\/v2\/categories?post=597137"},{"taxonomy":"post_tag","embeddable":true,"href":"https:\/\/www.europesays.com\/fr\/wp-json\/wp\/v2\/tags?post=597137"}],"curies":[{"name":"wp","href":"https:\/\/api.w.org\/{rel}","templated":true}]}}