{"id":597145,"date":"2025-12-13T16:14:12","date_gmt":"2025-12-13T16:14:12","guid":{"rendered":"https:\/\/www.europesays.com\/fr\/597145\/"},"modified":"2025-12-13T16:14:12","modified_gmt":"2025-12-13T16:14:12","slug":"sales-connes-depot-de-plainte-et-mobilisation-les-tricoteuses-hysteriques-maintiennent-la-pression-apres-les-propos-de-brigitte-macron","status":"publish","type":"post","link":"https:\/\/www.europesays.com\/fr\/597145\/","title":{"rendered":"\u00ab\u00a0Sales connes\u00a0\u00bb : d\u00e9p\u00f4t de plainte et mobilisation, les Tricoteuses hyst\u00e9riques maintiennent la pression apr\u00e8s les propos de Brigitte Macron"},"content":{"rendered":"<p>\n                                                                L&rsquo;association montpelli\u00e9raine, qui portera une plainte ce lundi 15 d\u00e9cembre contre Brigitte Macron, a organis\u00e9 un rassemblement sur le parvis de l&rsquo;Op\u00e9ra-Com\u00e9die.\n                            <\/p>\n<p>Depuis le parvis de l\u2019Op\u00e9ra-Com\u00e9die, les Tricoteuses hyst\u00e9riques ne rel\u00e2chent pas la pression apr\u00e8s les propos tenus par Brigitte Macron. S\u2019appropriant le slogan \u00ab\u00a0sales connes\u00a0\u00bb, l\u2019association montpelli\u00e9raine a <a href=\"https:\/\/www.midilibre.fr\/2025\/12\/10\/sales-connes-les-tricoteuses-hysteriques-portent-plainte-contre-brigitte-macron-et-veulent-creer-un-tsunami-politique-et-judiciaire-13102889.php\" target=\"_blank\" rel=\"noopener\">confirm\u00e9 qu\u2019elle d\u00e9poserait plainte<\/a> ce lundi 15\u00a0d\u00e9cembre, \u00e0 Paris.<\/p>\n<p>\u00ab\u00a0Pas d\u2019excuses, mais des mesures concr\u00e8tes\u00a0\u00bb<\/p>\n<p>\u00ab\u00a0Il y a \u00e9norm\u00e9ment de m\u00e9pris derri\u00e8re ces mots, et un couple pr\u00e9sidentiel qui se positionne. On n\u2019attend pas d\u2019excuses qui n\u2019auraient aucune valeur, mais on attend des mesures et des investissements pour lutter concr\u00e8tement contre les violences faites aux femmes et aux enfants\u00a0\u00bb, indique la pr\u00e9sidente de l\u2019association\u00a0<a href=\"https:\/\/www.midilibre.fr\/2025\/03\/08\/en-tant-que-femme-on-doit-toujours-prouver-la-montpellieraine-vigdis-morisse-herrera-35-ans-et-deja-une-vie-de-combats-12538480.php\" target=\"_blank\" rel=\"noopener\">Vigdis Morisse-Herrera<\/a>.\u00a0Cette derni\u00e8re promet \u00ab\u00a0un tsunami\u00a0\u00bb, et des centaines de participations au d\u00e9p\u00f4t de plainte.\u00a0\u00ab\u00a0On d\u00e9truit des femmes avec ce genre de propos. Il faut donner un statut de pr\u00e9sum\u00e9es victimes pour prot\u00e9ger les femmes, comme il existe un statut de pr\u00e9sum\u00e9 innocent.\u00a0\u00bb<\/p>\n<p>Pour rappel, l\u2019\u00e9pouse du Pr\u00e9sident de la R\u00e9publique a \u00e9t\u00e9 film\u00e9e en train de qualifier de \u00ab\u00a0sales connes\u00a0\u00bb des\u00a0militantes f\u00e9ministes venues perturber un spectacle de l\u2019humoriste Ary Abittan. Ce dernier, vis\u00e9 par des accusations de viol, a obtenu un non-lieu en avril\u00a02024.<\/p>\n","protected":false},"excerpt":{"rendered":"L&rsquo;association montpelli\u00e9raine, qui portera une plainte ce lundi 15 d\u00e9cembre contre Brigitte Macron, a organis\u00e9 un rassemblement sur&hellip;\n","protected":false},"author":2,"featured_media":597146,"comment_status":"","ping_status":"","sticky":false,"template":"","format":"standard","meta":{"footnotes":""},"categories":[9599],"tags":[1111,11,1777,674,1011,27,7089,2208,12,2680,25,1857],"class_list":{"0":"post-597145","1":"post","2":"type-post","3":"status-publish","4":"format-standard","5":"has-post-thumbnail","7":"category-montpellier","8":"tag-actu","9":"tag-actualites","10":"tag-eu","11":"tag-europe","12":"tag-fr","13":"tag-france","14":"tag-herault","15":"tag-montpellier","16":"tag-news","17":"tag-occitanie","18":"tag-republique-francaise","19":"tag-sociu00e9tu00e9"},"share_on_mastodon":{"url":"https:\/\/pubeurope.com\/@fr\/115713151141744229","error":""},"_links":{"self":[{"href":"https:\/\/www.europesays.com\/fr\/wp-json\/wp\/v2\/posts\/597145","targetHints":{"allow":["GET"]}}],"collection":[{"href":"https:\/\/www.europesays.com\/fr\/wp-json\/wp\/v2\/posts"}],"about":[{"href":"https:\/\/www.europesays.com\/fr\/wp-json\/wp\/v2\/types\/post"}],"author":[{"embeddable":true,"href":"https:\/\/www.europesays.com\/fr\/wp-json\/wp\/v2\/users\/2"}],"replies":[{"embeddable":true,"href":"https:\/\/www.europesays.com\/fr\/wp-json\/wp\/v2\/comments?post=597145"}],"version-history":[{"count":0,"href":"https:\/\/www.europesays.com\/fr\/wp-json\/wp\/v2\/posts\/597145\/revisions"}],"wp:featuredmedia":[{"embeddable":true,"href":"https:\/\/www.europesays.com\/fr\/wp-json\/wp\/v2\/media\/597146"}],"wp:attachment":[{"href":"https:\/\/www.europesays.com\/fr\/wp-json\/wp\/v2\/media?parent=597145"}],"wp:term":[{"taxonomy":"category","embeddable":true,"href":"https:\/\/www.europesays.com\/fr\/wp-json\/wp\/v2\/categories?post=597145"},{"taxonomy":"post_tag","embeddable":true,"href":"https:\/\/www.europesays.com\/fr\/wp-json\/wp\/v2\/tags?post=597145"}],"curies":[{"name":"wp","href":"https:\/\/api.w.org\/{rel}","templated":true}]}}