{"id":597155,"date":"2025-12-13T16:21:20","date_gmt":"2025-12-13T16:21:20","guid":{"rendered":"https:\/\/www.europesays.com\/fr\/597155\/"},"modified":"2025-12-13T16:21:20","modified_gmt":"2025-12-13T16:21:20","slug":"vide-maison-marches-grande-parade-que-faire-ce-week-end-a-rennes-nos-idees-de-sorties-special-noel","status":"publish","type":"post","link":"https:\/\/www.europesays.com\/fr\/597155\/","title":{"rendered":"Vide-maison, march\u00e9s, grande parade\u2026 Que faire ce week-end \u00e0 Rennes ? Nos id\u00e9es de sorties sp\u00e9cial No\u00ebl"},"content":{"rendered":"<p>                    Par<br \/>\n        <strong><br \/>\n            <a href=\"https:\/\/actu.fr\/auteur\/clemence-pays02-actu-fr\" title=\"Consulter tous les articles de Cl\u00e9mence Pays\" target=\"_blank\" rel=\"noopener\">Cl\u00e9mence Pays<\/a><br \/>\n                    <\/strong><\/p>\n<p>        Publi\u00e9 le<\/p>\n<p>            13 d\u00e9c. 2025 \u00e0 6h32        <\/p>\n<p>Le <strong>week-end<\/strong> pointe le bout de son nez. Comme chaque semaine, la r\u00e9daction d\u2019<a href=\"https:\/\/actu.fr\/rennes\/\" target=\"_blank\" rel=\"noopener\">actu Rennes<\/a> s\u00e9lectionne <strong>des id\u00e9es de sorties<\/strong> \u00e0 faire seul ou \u00e0 plusieurs, avec ou sans enfant. Vente d\u2019affiches de cin\u00e9ma, march\u00e9 de cr\u00e9ateurs, parade\u2026 Il y en a pour <strong>tous les go\u00fbts<\/strong> et <strong>tous les porte-monnaie<\/strong>. Voici notre top 10, du vendredi 12 au dimanche 14 d\u00e9cembre 2025.<\/p>\n<p>Samedi 13 d\u00e9cembre<\/p>\n<ul class=\" wall-content\">\n<li><strong>Grand vide-maison de No\u00ebl<\/strong><\/li>\n<\/ul>\n<p class=\" wall-content\">D\u00e9barras 35 et Broc &amp; Bazar organisent, samedi 13 d\u00e9cembre, au sein du bar <strong>La Bascule,<\/strong> un grand vide-maison de No\u00ebl <strong>de 9h30 \u00e0 17h<\/strong>.\u00a0<\/p>\n<p class=\" wall-content\">Livres, bibelots, vaisselle, verrerie, cadres, jouets anciens et r\u00e9cents, curiosit\u00e9s\u2026 De quoi donner quelques id\u00e9es de cadeaux pour les f\u00eates.<\/p>\n<p>Rendez-vous \u00e0 La Bascule, <a href=\"https:\/\/www.google.fr\/maps\/place\/21+Rue+de+la+Bascule,+35000+Rennes\/@48.1142283,-1.6978748,554m\/data=!3m2!1e3!4b1!4m6!3m5!1s0x480ede29c7102c1b:0xce7f5ce0623ccda6!8m2!3d48.1142247!4d-1.6952999!16s%2Fg%2F11c4yzxq21?entry=ttu&amp;g_ep=EgoyMDI1MTIwOS4wIKXMDSoASAFQAw%3D%3D\" target=\"_blank\" rel=\"noopener\">21, rue de la Bascule \u00e0 Rennes<\/a>, de 9h \u00e0 17h.<\/p>\n<p>\u00a0<\/p>\n<p>Votre r\u00e9gion, votre actu !<\/p>\n<p>Recevez chaque jour les infos qui comptent pour vous.<\/p>\n<p>\t<a href=\"https:\/\/actu.fr\/newsletter\" class=\"ac-btn ac-btn--corner ac-btn--medium ac-btn--blue800\" target=\"_blank\" rel=\"noopener\">S&rsquo;incrire<\/a><\/p>\n<p class=\" wall-content\"><a href=\"https:\/\/www.instagram.com\/atelierterrainsvagues\/\" target=\"_blank\" rel=\"noopener\">Les ateliers Terrains Vagues<\/a> organisent Trouvailles, un march\u00e9 sp\u00e9cial <strong>objets d\u2019art et fonds de placards<\/strong>, avec :\u00a0<\/p>\n<ul class=\" wall-content\">\n<li>des objets d\u2019art, des cr\u00e9ations artisanales, des pi\u00e8ces uniques ;<\/li>\n<li>des v\u00eatements, accessoires et objets vintage ;<\/li>\n<li>un vide-atelier avec du mat\u00e9riel et des fournitures d\u2019arts plastiques.<\/li>\n<\/ul>\n<p>Rendez-vous aux ateliers Terrains vagues, <a href=\"https:\/\/www.google.fr\/maps\/place\/Les+Galaxies,+1+Sq.+Ren%C3%A9+Cassin,+35700+Rennes\/@48.1302262,-1.6375764,553m\/data=!3m2!1e3!4b1!4m6!3m5!1s0x480ede950357a74b:0xe913893baae8e9e!8m2!3d48.1302226!4d-1.6350015!16s%2Fg%2F11rgdkd282?entry=ttu&amp;g_ep=EgoyMDI1MTIwOS4wIKXMDSoASAFQAw%3D%3D\" target=\"_blank\" rel=\"noopener\">1, square Ren\u00e9-Cassin \u00e0 Rennes<\/a>, de 10h \u00e0 19h.<\/p>\n<ul class=\" wall-content\">\n<li><strong>Teenage kicks <\/strong><strong>: le march\u00e9 de No\u00ebl des artistes<\/strong><\/li>\n<\/ul>\n<p class=\" wall-content\">Les Halles en commun, La belle D\u00e9chette et L\u2019\u00e9quipi\u00e8re35 proposent <strong>un march\u00e9 de No\u00ebl<\/strong> Teenage kicks pour d\u00e9couvrir des \u0153uvres d\u2019artistes, des prints originaux ou encore des textiles r\u00e9alis\u00e9s par les artistes invit\u00e9s : Yann L\u2019Outsider, Sbiiim, Patrice Poch, Brez72, Mioshe, Cannibal Letters, Leyto224\u2026<\/p>\n<p>Rendez-vous de 13h \u00e0 18h \u00e0 La Belle D\u00e9chette, <a href=\"https:\/\/www.google.fr\/maps\/place\/24+Av.+Jules+Maniez,+35000+Rennes\/@48.0985175,-1.7057859,1107m\/data=!3m2!1e3!4b1!4m6!3m5!1s0x480ee079f66d0817:0xb8159b1d67b0d895!8m2!3d48.098514!4d-1.700915!16s%2Fg%2F11c1hhclbt?entry=ttu&amp;g_ep=EgoyMDI1MTIwOS4wIKXMDSoASAFQAw%3D%3D\" target=\"_blank\" rel=\"noopener\">24, avenue Jules-Maniez<\/a> \u00e0 Rennes. Entr\u00e9e gratuite.<\/p>\n<p>\u00a0<\/p>\n<ul class=\" wall-content\">\n<li><strong>Un march\u00e9 de la cr\u00e9ation<\/strong><\/li>\n<\/ul>\n<p class=\" wall-content\">De 14h \u00e0 18h, DeadBird Production organise un march\u00e9 de la cr\u00e9ation au sein du bar restaurant <strong>La Cavale<\/strong>. Au programme, de la <strong>carterie,<\/strong> de la <strong>s\u00e9rigraphie,<\/strong> de la <strong>broderie d\u00e9cal\u00e9e,<\/strong> des <strong>bijoux\u2026<\/strong> L\u2019occasion de faire le plein de cadeaux pour No\u00ebl.<\/p>\n<p class=\" wall-content\"><a href=\"https:\/\/www.instagram.com\/p\/DQ1tV86jF_E\/embed\" title=\"Ouvrir le lien sur Instagram\" target=\"_blank\" rel=\"noopener\">Visualiser le contenu sur Instagram<\/a><\/p>\n<p>Samedi 13 d\u00e9cembre, de 14h \u00e0 18h, \u00e0 La Cavale, <a href=\"https:\/\/www.google.fr\/maps\/place\/2+Rue+de+Redon,+35000+Rennes\/@48.1068113,-1.6896795,554m\/data=!3m2!1e3!4b1!4m6!3m5!1s0x480edfd2c47b8c29:0xcd0bba7d78bbd73f!8m2!3d48.1068077!4d-1.6871046!16s%2Fg%2F11q2x8yyrm?entry=ttu&amp;g_ep=EgoyMDI1MTIwOS4wIKXMDSoASAFQAw%3D%3D\" target=\"_blank\" rel=\"noopener\">2, rue de Redon<\/a> \u00e0 Rennes. Entr\u00e9e libre.<\/p>\n<p>\u00a0<\/p>\n<ul class=\" wall-content\">\n<li><strong>La grande parade de No\u00ebl<\/strong><\/li>\n<\/ul>\n<p class=\" wall-content\">Un cort\u00e8ge va s\u2019\u00e9lancer depuis la <strong>place Saint-Germain, d\u00e8s 16h30<\/strong>, pour la grande parade de No\u00ebl : personnages d\u00e9jant\u00e9s, cr\u00e9atures surprenantes, de majestueux oiseaux\u2026 Un univers magique pr\u00e9sent\u00e9 par la Compagnie Remue m\u00e9nage va se pr\u00e9senter aux curieux.<\/p>\n<p class=\" wall-content\">La d\u00e9ambulation se d\u00e9roulera ensuite <strong>dans tout le centre-ville<\/strong> de Rennes.<\/p>\n<p>Ce que vous pouvez aussi faire ce week-end :<\/p>\n<p>&#8211; les illuminations dans le centre-ville \u00e0 d\u00e9couvrir ;<br \/>&#8211; le village de No\u00ebl, place du Parlement, avec son sapin g\u00e9ant et sa bo\u00eete aux lettres au P\u00e8re No\u00ebl ;<br \/>&#8211; le march\u00e9 des cr\u00e9ateurs, place Hoche ;<br \/>&#8211; les Arts du feu, place de la Mairie ;<br \/>&#8211; la f\u00eate foraine, esplanade Charles de Gaulle ;<br \/>&#8211; le march\u00e9 de No\u00ebl, mail Fran\u00e7ois Mitterrand&#8230;<br \/>Tout autant de balades possibles \u00e0 faire sans devoir forc\u00e9ment consommer.<\/p>\n<p>Dimanche 14 d\u00e9cembre<\/p>\n<ul class=\" wall-content\">\n<li><strong>Une vente d\u2019affiches de cin\u00e9ma<\/strong><\/li>\n<\/ul>\n<p class=\" wall-content\">Le <strong>cin\u00e9ma Arvor<\/strong>, \u00e0 Rennes, organise une vente sp\u00e9ciale d\u2019affiches de cin\u00e9ma appartenant \u00e0 \u00ab\u00a0la partie la plus r\u00e9cente de son stock\u00a0\u00bb.\u00a0<\/p>\n<p class=\" wall-content\"><a href=\"https:\/\/www.instagram.com\/p\/DSCwj1lDFUP\/embed\" title=\"Ouvrir le lien sur Instagram\" target=\"_blank\" rel=\"noopener\">Visualiser le contenu sur Instagram<\/a><\/p>\n<p class=\" wall-content\"><strong>Deux formats<\/strong> sont propos\u00e9s :\u00a0<\/p>\n<ul class=\" wall-content\">\n<li>petite affiche (60\u00d740) \u00e0 5 euros ;<\/li>\n<li>grande affiche (160\u00d7120) \u00e0 10 euros.<\/li>\n<\/ul>\n<p>Dimanche 14 d\u00e9cembre, de 10h \u00e0 13h, hall du <a href=\"https:\/\/www.google.fr\/maps\/place\/Cin%C3%A9ma+Arvor\/@48.1023998,-1.6769382,554m\/data=!3m3!1e3!4b1!5s0x480edfc9e3265a0b:0x56f5d1f58002bd25!4m6!3m5!1s0x480ede3717aae6ad:0x6c396d9746889fba!8m2!3d48.1023962!4d-1.6743633!16s%2Fg%2F11b41mq41?entry=ttu&amp;g_ep=EgoyMDI1MTIwOS4wIKXMDSoASAFQAw%3D%3D\" target=\"_blank\" rel=\"noopener\">cin\u00e9ma Arvor<\/a>, \u00e0 Rennes. Paiement en esp\u00e8ces uniquement.<\/p>\n<p>\u00a0<\/p>\n<ul class=\" wall-content\">\n<li><strong>Un match de rugby de No\u00ebl, d\u00e8s 13h<\/strong><\/li>\n<\/ul>\n<p class=\" wall-content\">Le Stade Rennais Rugby organise <strong>son grand match de No\u00ebl dimanche<\/strong>, au V\u00e9lodrome. Les Rouge et Noir comptent \u00ab\u00a0sur la ferveur de [leurs] supporters pour aller chercher une victoire importante face \u00e0 Colomiers\u00a0\u00bb.\u00a0<\/p>\n<p class=\" wall-content\">Apr\u00e8s un match nul face \u00e0 Valkyries, les joueuses \u00ab\u00a0vont tout donner pour gagner et reprendre leur rythme de victoires\u00a0\u00bb.\u00a0<\/p>\n<p class=\" wall-content\">Pour rendre cette rencontre encore plus festive, <strong>plusieurs animations<\/strong> \u00ab\u00a0aux couleurs de No\u00ebl\u00a0\u00bb seront propos\u00e9es, ainsi qu\u2019<strong>un grand quiz de No\u00ebl<\/strong> ouvert \u00e0 tous les supporters pr\u00e9sents.<\/p>\n<p>Dimanche 14 d\u00e9cembre, \u00e0 13h, match Stade Rennais Rugby-Colomiers Rugby, au stade V\u00e9lodrome Commandant Bougouin, <a href=\"https:\/\/www.google.fr\/maps\/place\/71+Rue+Dupont-des-Loges,+35000+Rennes\/@48.1081525,-1.6719529,1107m\/data=!3m2!1e3!4b1!4m6!3m5!1s0x480ede4ccd7eee8d:0xe03e44584b9bdfaf!8m2!3d48.108149!4d-1.667082!16s%2Fg%2F11c25rb44f?entry=ttu&amp;g_ep=EgoyMDI1MTIwOS4wIKXMDSoASAFQAw%3D%3D\" target=\"_blank\" rel=\"noopener\">71, rue Dupont-des-Loges<\/a>, Rennes. <a href=\"https:\/\/www.helloasso.com\/associations\/stade-rennais-rugby\/evenements\/match-elite-2-srr-colomiers-14-12-25\" target=\"_blank\" rel=\"noopener\">Billetterie en ligne<\/a>. Tarifs :\u00a0 adulte, 6 euros ; PMR, 3 euros ; enfant de moins de 12 ans, gratuit.<\/p>\n<p class=\" wall-content\">Un vide-dressing est organis\u00e9 par le bar le Melody Maker, dans le centre-ville de Rennes. Les organisateurs promettent<strong> plus d\u2019exposants et de surprises<\/strong> que le mois pr\u00e9c\u00e9dent.<\/p>\n<p class=\" wall-content\"><strong>L\u2019Association du Bourg-L\u2019\u00c9v\u00eaque<\/strong> organise son <strong>\u00ab\u00a0grand concert de No\u00ebl\u00a0\u00bb<\/strong> avec La Voix libre, d\u00e8s 19h.<\/p>\n<p class=\" wall-content\"><strong>Cent choristes<\/strong> monteront sur sc\u00e8ne pour pr\u00e9senter leur r\u00e9pertoire \u00ab\u00a0entre chansons de No\u00ebl classiques, pop enthousiasmante, gospel groovy et chansons du monde envo\u00fbtantes\u00a0\u00bb.\u00a0 La prestation sera suivie par un pot de No\u00ebl avec les artistes.<\/p>\n<p>Dimanche 14 d\u00e9cembre, \u00e0 19h, Le Grand Concert de No\u00ebl, salle polyvalente de l\u2019Association du Bourg-L\u2019\u00c9v\u00eaque, <a href=\"https:\/\/www.google.fr\/maps\/place\/16+Rue+Papu,+35000+Rennes\/@48.111459,-1.6950523,554m\/data=!3m2!1e3!4b1!4m6!3m5!1s0x480ede2bc03aafcd:0x992a13c2f3ed4c82!8m2!3d48.1114554!4d-1.6924774!16s%2Fg%2F11bw3zw_0_?entry=ttu&amp;g_ep=EgoyMDI1MTIwOS4wIKXMDSoASAFQAw%3D%3D\" target=\"_blank\" rel=\"noopener\">16, rue Papu<\/a>, \u00e0 Rennes. Entr\u00e9e libre.<\/p>\n<p class=\" wall-content\">Personnalisez votre actualit\u00e9 en ajoutant vos villes et m\u00e9dias en favori avec <a href=\"https:\/\/moncompte.actu.fr\" title=\"D\u00e9couvez Mon Actu\" rel=\"nofollow noopener\" data-trk=\"{&quot;cta&quot;:{&quot;action&quot;:&quot;https:\\\/\\\/moncompte.actu.fr&quot;,&quot;category&quot;:&quot;mon compte&quot;,&quot;from&quot;:&quot;article footer&quot;,&quot;name&quot;:&quot;Mon actu&quot;,&quot;type&quot;:&quot;cta&quot;}}\" target=\"_blank\">Mon Actu<\/a>.<\/p>\n<p>                    <script async src=\"\/\/www.instagram.com\/embed.js\"><\/script><\/p>\n","protected":false},"excerpt":{"rendered":"Par Cl\u00e9mence Pays Publi\u00e9 le 13 d\u00e9c. 2025 \u00e0 6h32 Le week-end pointe le bout de son nez.&hellip;\n","protected":false},"author":2,"featured_media":597156,"comment_status":"","ping_status":"","sticky":false,"template":"","format":"standard","meta":{"footnotes":""},"categories":[2821],"tags":[1111,11,1063,829,1777,674,1011,27,1305,12,584,25],"class_list":{"0":"post-597155","1":"post","2":"type-post","3":"status-publish","4":"format-standard","5":"has-post-thumbnail","7":"category-rennes","8":"tag-actu","9":"tag-actualites","10":"tag-animations","11":"tag-bretagne","12":"tag-eu","13":"tag-europe","14":"tag-fr","15":"tag-france","16":"tag-lifestyle","17":"tag-news","18":"tag-rennes","19":"tag-republique-francaise"},"share_on_mastodon":{"url":"https:\/\/pubeurope.com\/@fr\/115713178740859022","error":""},"_links":{"self":[{"href":"https:\/\/www.europesays.com\/fr\/wp-json\/wp\/v2\/posts\/597155","targetHints":{"allow":["GET"]}}],"collection":[{"href":"https:\/\/www.europesays.com\/fr\/wp-json\/wp\/v2\/posts"}],"about":[{"href":"https:\/\/www.europesays.com\/fr\/wp-json\/wp\/v2\/types\/post"}],"author":[{"embeddable":true,"href":"https:\/\/www.europesays.com\/fr\/wp-json\/wp\/v2\/users\/2"}],"replies":[{"embeddable":true,"href":"https:\/\/www.europesays.com\/fr\/wp-json\/wp\/v2\/comments?post=597155"}],"version-history":[{"count":0,"href":"https:\/\/www.europesays.com\/fr\/wp-json\/wp\/v2\/posts\/597155\/revisions"}],"wp:featuredmedia":[{"embeddable":true,"href":"https:\/\/www.europesays.com\/fr\/wp-json\/wp\/v2\/media\/597156"}],"wp:attachment":[{"href":"https:\/\/www.europesays.com\/fr\/wp-json\/wp\/v2\/media?parent=597155"}],"wp:term":[{"taxonomy":"category","embeddable":true,"href":"https:\/\/www.europesays.com\/fr\/wp-json\/wp\/v2\/categories?post=597155"},{"taxonomy":"post_tag","embeddable":true,"href":"https:\/\/www.europesays.com\/fr\/wp-json\/wp\/v2\/tags?post=597155"}],"curies":[{"name":"wp","href":"https:\/\/api.w.org\/{rel}","templated":true}]}}