{"id":597157,"date":"2025-12-13T16:22:15","date_gmt":"2025-12-13T16:22:15","guid":{"rendered":"https:\/\/www.europesays.com\/fr\/597157\/"},"modified":"2025-12-13T16:22:15","modified_gmt":"2025-12-13T16:22:15","slug":"stade-rennais-stade-brestois-rouault-titulaire-en-defense-a-rennes-balde-en-attaque-a","status":"publish","type":"post","link":"https:\/\/www.europesays.com\/fr\/597157\/","title":{"rendered":"Stade Rennais &#8211; Stade Brestois. Rouault titulaire en d\u00e9fense \u00e0 Rennes, Bald\u00e9 en attaque \u00e0"},"content":{"rendered":"<p>Le Stade Rennais va tenter de terminer l\u2019ann\u00e9e 2025 par un troisi\u00e8me succ\u00e8s de rang \u00e0 domicile, <a href=\"https:\/\/rennes.maville.com\/sport\/detail_-stade-rennais-stade-brestois.-pour-les-rouge-et-noir-le-train-de-l-europe-n-attend-pas-_7-7107824_actu.Htm\" target=\"_self\" rel=\"noopener\">qui lui permettrait de passer la tr\u00eave de No\u00ebl dans le top 6\u00a0de Ligue 1<\/a>. Le Stade Brestois, camp\u00e9 sur trois victoires cons\u00e9cutives, esp\u00e8re poursuivre sur sa dynamique et raccrocher la premi\u00e8re partie de tableau.<\/p>\n<p><a href=\"https:\/\/www.ouest-france.fr\/sport\/football\/ligue-1\/direct\/direct-rennes-brest-suivez-le-match-de-la-16e-journee-de-ligue-1-en-live-9a37c9e1-f3ab-4336-8a07-337a5f0da00d\" target=\"_blank\" rel=\"noopener\">SUIVEZ LE MATCH EN DIRECT<\/a><\/p>\n<p>C\u00f4t\u00e9 Rennes, le coach Habib Beye n\u2019a pas modifi\u00e9 ses plans, avec un onze quasi inchang\u00e9 par rapport \u00e0 celui des derni\u00e8res semaines. Seul Anthony Rouault int\u00e8gre l\u2019\u00e9quipe dans l\u2019axe de la d\u00e9fense \u00e0 trois, \u00e0 la place de J\u00e9r\u00e9my Jacquet suspendu. Fofana, de retour, va d\u00e9marrer sur le banc.<\/p>\n<p>C\u00f4t\u00e9 Brest, <a href=\"https:\/\/brest.maville.com\/sport\/detail_--il-n-est-pas-la-tant-mieux-pour-nous-au-stade-rennais-ludovic-ajorque-une-absence-de-taille-au-stade-brestois-_6-7104888_actu.Htm\" target=\"_self\" rel=\"noopener\">en l\u2019absence de Ludovic Ajorque<\/a> (suspendu), c\u2019est Mama Bald\u00e9 qui va d\u00e9buter, probablement \u00e0 la pointe de l\u2019attaque. Pas de surprise par ailleurs dans le onze d\u2019Eric Roy, avec Mboup et Del Castillo titulaires.<\/p>\n<p>Les compositions officielles<\/p>\n<p><strong>RENNES<\/strong>\u00a0: Samba &#8211; Ait Boudlal, Rouault, Brassier &#8211; Frankowski, Camara, Rongier (cap), Ciss\u00e9, Al-Tamari &#8211; Embolo, Lepaul. Entra\u00eeneur\u00a0: Habib Beye.<\/p>\n<p><strong>BREST<\/strong>\u00a0: Coudert &#8211; Lala, Chardonnet (cap), Coulibaly, Guindo &#8211; Chotard, Magnetti &#8211; Del Castillo, Doumbia, Mboup &#8211; Bald\u00e9. Entra\u00eeneur\u00a0: Eric Roy.<\/p>\n<p><strong>Arbitre<\/strong>\u00a0: Beno\u00eet Millot.<\/p>\n<p>\u00a0<\/p>\n","protected":false},"excerpt":{"rendered":"Le Stade Rennais va tenter de terminer l\u2019ann\u00e9e 2025 par un troisi\u00e8me succ\u00e8s de rang \u00e0 domicile, qui&hellip;\n","protected":false},"author":2,"featured_media":597158,"comment_status":"","ping_status":"","sticky":false,"template":"","format":"standard","meta":{"footnotes":""},"categories":[2821],"tags":[1111,11,3809,1465,829,1777,674,63,1011,27,1792,1922,12,584,25,479,4937,517,1470],"class_list":{"0":"post-597157","1":"post","2":"type-post","3":"status-publish","4":"format-standard","5":"has-post-thumbnail","7":"category-rennes","8":"tag-actu","9":"tag-actualites","10":"tag-ball","11":"tag-basket","12":"tag-bretagne","13":"tag-eu","14":"tag-europe","15":"tag-football","16":"tag-fr","17":"tag-france","18":"tag-handball","19":"tag-info","20":"tag-news","21":"tag-rennes","22":"tag-republique-francaise","23":"tag-rugby","24":"tag-saint-brieuc","25":"tag-sport","26":"tag-volley"},"share_on_mastodon":{"url":"https:\/\/pubeurope.com\/@fr\/115713182453047030","error":""},"_links":{"self":[{"href":"https:\/\/www.europesays.com\/fr\/wp-json\/wp\/v2\/posts\/597157","targetHints":{"allow":["GET"]}}],"collection":[{"href":"https:\/\/www.europesays.com\/fr\/wp-json\/wp\/v2\/posts"}],"about":[{"href":"https:\/\/www.europesays.com\/fr\/wp-json\/wp\/v2\/types\/post"}],"author":[{"embeddable":true,"href":"https:\/\/www.europesays.com\/fr\/wp-json\/wp\/v2\/users\/2"}],"replies":[{"embeddable":true,"href":"https:\/\/www.europesays.com\/fr\/wp-json\/wp\/v2\/comments?post=597157"}],"version-history":[{"count":0,"href":"https:\/\/www.europesays.com\/fr\/wp-json\/wp\/v2\/posts\/597157\/revisions"}],"wp:featuredmedia":[{"embeddable":true,"href":"https:\/\/www.europesays.com\/fr\/wp-json\/wp\/v2\/media\/597158"}],"wp:attachment":[{"href":"https:\/\/www.europesays.com\/fr\/wp-json\/wp\/v2\/media?parent=597157"}],"wp:term":[{"taxonomy":"category","embeddable":true,"href":"https:\/\/www.europesays.com\/fr\/wp-json\/wp\/v2\/categories?post=597157"},{"taxonomy":"post_tag","embeddable":true,"href":"https:\/\/www.europesays.com\/fr\/wp-json\/wp\/v2\/tags?post=597157"}],"curies":[{"name":"wp","href":"https:\/\/api.w.org\/{rel}","templated":true}]}}