{"id":597159,"date":"2025-12-13T16:24:25","date_gmt":"2025-12-13T16:24:25","guid":{"rendered":"https:\/\/www.europesays.com\/fr\/597159\/"},"modified":"2025-12-13T16:24:25","modified_gmt":"2025-12-13T16:24:25","slug":"geispolsheim-pour-construire-son-budget-lexecutif-navigue-a-vue","status":"publish","type":"post","link":"https:\/\/www.europesays.com\/fr\/597159\/","title":{"rendered":"Geispolsheim. Pour construire son budget, l\u2019ex\u00e9cutif navigue \u00e0 vue"},"content":{"rendered":"<p>L\u2019ex\u00e9cutif geispolsheimois navigue \u00e0 vue. \u00c0 l\u2019aube des \u00e9lections municipales, par d\u00e9finition ind\u00e9cises, plong\u00e9 dans le brouillard politique actuel et le contexte international tendu, il tente prudemment d\u2019\u00e9laborer les grandes orientations budg\u00e9taires pour l\u2019ann\u00e9e 2026. Sans poss\u00e9der toutes les donn\u00e9es. \u00ab\u00a0Je ne sais pas quels seront les \u00e9l\u00e9ments sur lesquels nous baser pour \u00e9laborer le budget\u00a0\u00bb, avertit Philippe Schaal, adjoint aux finances, en pr\u00e9ambule de son expos\u00e9.<\/p>\n<p>En l\u2019absence de budget au niveau national, les \u00e9lus ne disposent pas de l\u2019ensemble des donn\u00e9es concernant les participations de l\u2019\u00c9tat (dotation globale de fonctionnement, dotation de solidarit\u00e9 rurale) et les mesures prises \u00e0 l\u2019\u00e9gard des collectivit\u00e9s. Ils ne peuvent pas davantage&#8230;<\/p>\n","protected":false},"excerpt":{"rendered":"L\u2019ex\u00e9cutif geispolsheimois navigue \u00e0 vue. \u00c0 l\u2019aube des \u00e9lections municipales, par d\u00e9finition ind\u00e9cises, plong\u00e9 dans le brouillard politique&hellip;\n","protected":false},"author":2,"featured_media":597160,"comment_status":"","ping_status":"","sticky":false,"template":"","format":"standard","meta":{"footnotes":""},"categories":[2820],"tags":[1111,11,1984,130,33,2880,1057,893,436,1777,674,107,1011,27,4076,775,12,316,5140,25,640,3089],"class_list":{"0":"post-597159","1":"post","2":"type-post","3":"status-publish","4":"format-standard","5":"has-post-thumbnail","7":"category-strasbourg","8":"tag-actu","9":"tag-actualites","10":"tag-conseil-municipal","11":"tag-consommation","12":"tag-economie","13":"tag-edition-strasbourg","14":"tag-education","15":"tag-energie","16":"tag-environnement","17":"tag-eu","18":"tag-europe","19":"tag-fil-info","20":"tag-fr","21":"tag-france","22":"tag-geispolsheim","23":"tag-grand-est","24":"tag-news","25":"tag-politique","26":"tag-rechauffement-climatique","27":"tag-republique-francaise","28":"tag-strasbourg","29":"tag-strasbourg-sud"},"share_on_mastodon":{"url":"https:\/\/pubeurope.com\/@fr\/115713190367997793","error":""},"_links":{"self":[{"href":"https:\/\/www.europesays.com\/fr\/wp-json\/wp\/v2\/posts\/597159","targetHints":{"allow":["GET"]}}],"collection":[{"href":"https:\/\/www.europesays.com\/fr\/wp-json\/wp\/v2\/posts"}],"about":[{"href":"https:\/\/www.europesays.com\/fr\/wp-json\/wp\/v2\/types\/post"}],"author":[{"embeddable":true,"href":"https:\/\/www.europesays.com\/fr\/wp-json\/wp\/v2\/users\/2"}],"replies":[{"embeddable":true,"href":"https:\/\/www.europesays.com\/fr\/wp-json\/wp\/v2\/comments?post=597159"}],"version-history":[{"count":0,"href":"https:\/\/www.europesays.com\/fr\/wp-json\/wp\/v2\/posts\/597159\/revisions"}],"wp:featuredmedia":[{"embeddable":true,"href":"https:\/\/www.europesays.com\/fr\/wp-json\/wp\/v2\/media\/597160"}],"wp:attachment":[{"href":"https:\/\/www.europesays.com\/fr\/wp-json\/wp\/v2\/media?parent=597159"}],"wp:term":[{"taxonomy":"category","embeddable":true,"href":"https:\/\/www.europesays.com\/fr\/wp-json\/wp\/v2\/categories?post=597159"},{"taxonomy":"post_tag","embeddable":true,"href":"https:\/\/www.europesays.com\/fr\/wp-json\/wp\/v2\/tags?post=597159"}],"curies":[{"name":"wp","href":"https:\/\/api.w.org\/{rel}","templated":true}]}}