{"id":597167,"date":"2025-12-13T16:34:23","date_gmt":"2025-12-13T16:34:23","guid":{"rendered":"https:\/\/www.europesays.com\/fr\/597167\/"},"modified":"2025-12-13T16:34:23","modified_gmt":"2025-12-13T16:34:23","slug":"cette-mediatheque-donne-acces-gratuitement-a-un-piano","status":"publish","type":"post","link":"https:\/\/www.europesays.com\/fr\/597167\/","title":{"rendered":"cette m\u00e9diath\u00e8que donne acc\u00e8s gratuitement \u00e0 un piano"},"content":{"rendered":"<p>                    Par<br \/>\n        <strong><br \/>\n            <a href=\"https:\/\/actu.fr\/auteur\/laure-gentil\" title=\"Consulter tous les articles de Laure Gentil\" target=\"_blank\" rel=\"noopener\">Laure Gentil<\/a><br \/>\n                    <\/strong><\/p>\n<p>        Publi\u00e9 le<\/p>\n<p>            13 d\u00e9c. 2025 \u00e0 10h29        <\/p>\n<p>Depuis 2023, la Biblioth\u00e8que municipale propose \u00e0 ses publics le pr\u00eat d\u2019instruments de musique \u00ab\u2009pour favoriser la pratique artistique en amateur\u2009\u00bb. En mai dernier, la Ville de Nantes, le Conservatoire et la Biblioth\u00e8que avait de plus <a href=\"https:\/\/actu.fr\/pays-de-la-loire\/nantes_44109\/nantes-dans-cette-mediatheque-il-sera-possible-de-jouer-gratuitement-du-piano_62701517.html\" target=\"_blank\" rel=\"noopener\">install\u00e9 un nouvel \u00e9quipement \u00e0 la <b>m\u00e9diath\u00e8que Lisa Besner<\/b> de Nantes\u2009: un piano acoustique<\/a>. Pour l\u2019occasion, les \u00e9l\u00e8ves du Conservatoire de Nantes avaient m\u00eame donn\u00e9<b> un petit concert.<\/b><\/p>\n<p class=\" wall-content\">L\u2019op\u00e9ration s\u2019appr\u00eate \u00e0 \u00eatre renouvel\u00e9e. Un <b>deuxi\u00e8me piano acoustique <\/b>va \u00eatre mis \u00e0 disposition, cette fois-ci \u00e0 la m\u00e9diath\u00e8que Luce Courville, au Ch\u00eane des Anglais.<\/p>\n<p>Deux casques et un mode silencieux<\/p>\n<p class=\" wall-content\">La <b>m\u00e9diath\u00e8que Luce Courville,<\/b> au Ch\u00eane des Anglais, proposera ce nouveau service \u00e0 partir du mardi 16\u00a0d\u00e9cembre en partenariat avec le Conservatoire.<\/p>\n<p class=\" wall-content\">Le piano acoustique est \u00e9quip\u00e9 de deux casques et d\u2019un module silencieux, ce qui permettra de jouer du piano sans d\u00e9ranger les autres visiteurs de la biblioth\u00e8que. Le piano acoustique sera \u00e9galement utilis\u00e9 pour des concerts et des spectacles \u00e0 la m\u00e9diath\u00e8que.<\/p>\n<p class=\" wall-content\">\u00ab\u2009Le 16\u00a0d\u00e9cembre, <b>un apr\u00e8s-midi musical est propos\u00e9 \u00e0 toutes et tous<\/b>, les \u00e9l\u00e8ves du Conservatoire de Nantes viendront faire r\u00e9sonner le clavier de ce nouveau piano au cours de cette inauguration et les habitantes et habitants qui souhaiteraient venir partager ce moment musical seront les bienvenus\u2009\u00bb, assure la Ville dans un communiqu\u00e9.<\/p>\n<p class=\" wall-content\">Personnalisez votre actualit\u00e9 en ajoutant vos villes et m\u00e9dias en favori avec <a href=\"https:\/\/moncompte.actu.fr\" title=\"D\u00e9couvez Mon Actu\" rel=\"nofollow noopener\" data-trk=\"{&quot;cta&quot;:{&quot;action&quot;:&quot;https:\\\/\\\/moncompte.actu.fr&quot;,&quot;category&quot;:&quot;mon compte&quot;,&quot;from&quot;:&quot;article footer&quot;,&quot;name&quot;:&quot;Mon actu&quot;,&quot;type&quot;:&quot;cta&quot;}}\" target=\"_blank\">Mon Actu<\/a>.<\/p>\n","protected":false},"excerpt":{"rendered":"Par Laure Gentil Publi\u00e9 le 13 d\u00e9c. 2025 \u00e0 10h29 Depuis 2023, la Biblioth\u00e8que municipale propose \u00e0 ses&hellip;\n","protected":false},"author":2,"featured_media":597168,"comment_status":"","ping_status":"","sticky":false,"template":"","format":"standard","meta":{"footnotes":""},"categories":[2818],"tags":[1111,11,1777,674,1011,27,1652,873,766,12,2636,25],"class_list":{"0":"post-597167","1":"post","2":"type-post","3":"status-publish","4":"format-standard","5":"has-post-thumbnail","7":"category-nantes","8":"tag-actu","9":"tag-actualites","10":"tag-eu","11":"tag-europe","12":"tag-fr","13":"tag-france","14":"tag-loisirs-culture","15":"tag-musique","16":"tag-nantes","17":"tag-news","18":"tag-pays-de-la-loire","19":"tag-republique-francaise"},"share_on_mastodon":{"url":"https:\/\/pubeurope.com\/@fr\/115713229605738208","error":""},"_links":{"self":[{"href":"https:\/\/www.europesays.com\/fr\/wp-json\/wp\/v2\/posts\/597167","targetHints":{"allow":["GET"]}}],"collection":[{"href":"https:\/\/www.europesays.com\/fr\/wp-json\/wp\/v2\/posts"}],"about":[{"href":"https:\/\/www.europesays.com\/fr\/wp-json\/wp\/v2\/types\/post"}],"author":[{"embeddable":true,"href":"https:\/\/www.europesays.com\/fr\/wp-json\/wp\/v2\/users\/2"}],"replies":[{"embeddable":true,"href":"https:\/\/www.europesays.com\/fr\/wp-json\/wp\/v2\/comments?post=597167"}],"version-history":[{"count":0,"href":"https:\/\/www.europesays.com\/fr\/wp-json\/wp\/v2\/posts\/597167\/revisions"}],"wp:featuredmedia":[{"embeddable":true,"href":"https:\/\/www.europesays.com\/fr\/wp-json\/wp\/v2\/media\/597168"}],"wp:attachment":[{"href":"https:\/\/www.europesays.com\/fr\/wp-json\/wp\/v2\/media?parent=597167"}],"wp:term":[{"taxonomy":"category","embeddable":true,"href":"https:\/\/www.europesays.com\/fr\/wp-json\/wp\/v2\/categories?post=597167"},{"taxonomy":"post_tag","embeddable":true,"href":"https:\/\/www.europesays.com\/fr\/wp-json\/wp\/v2\/tags?post=597167"}],"curies":[{"name":"wp","href":"https:\/\/api.w.org\/{rel}","templated":true}]}}